{"id":962,"date":"2026-01-06T15:30:58","date_gmt":"2026-01-06T14:30:58","guid":{"rendered":"http:\/\/www.ornithologies.fr\/blog\/?p=962"},"modified":"2026-01-06T16:00:37","modified_gmt":"2026-01-06T15:00:37","slug":"dossier-i-fap","status":"publish","type":"post","link":"https:\/\/www.ornithologies.fr\/blog\/blog\/dossier-i-fap\/","title":{"rendered":"Dossier I-FAP\u00a0: point de situation"},"content":{"rendered":"\n<blockquote class=\"wp-block-quote is-layout-flow wp-block-quote-is-layout-flow\">\n<h2 class=\"wp-block-heading\">I-FAP, \u00e7\u00e0 se pr\u00e9cise&#8230; laborieusement !<\/h2>\n\n\n\n<p>Comme nous vous l&#8217;avions annonc\u00e9, une r\u00e9union s&#8217;est tenue \u00e0 notre demande le 19 d\u00e9cembre entre des repr\u00e9sentants des principales associations avicoles <em>(Aviornis, CDE, FFO et UOF)<\/em> accompagn\u00e9s de membres du conseil d&#8217;administration UNICAB et le bureau de la chasse, de la faune et de la flore du Minist\u00e8re de la transition \u00e9cologique au sujet de l&#8217;IFAP. \u00c9taient pr\u00e9sentes la soci\u00e9t\u00e9 Axyus conceptrice du logiciel et la soci\u00e9t\u00e9 coop\u00e9rative Scop&#8217;it, gestionnaire du fichier pour le compte du minist\u00e8re.<\/p>\n\n\n\n<!--more-->\n\n\n\n<p>Il s&#8217;agissait de d\u00e9couvrir en &#8220;avant-premi\u00e8re&#8221;, pr\u00e9alablement \u00e0 l&#8217;ouverture officielle, les modalit\u00e9s de fonctionnement de la nouvelle version du fichier.<\/p>\n\n\n\n<p><u>Premi\u00e8re constatation<\/u> : le travail pr\u00e9paratoire auquel l&#8217;UNICAB a particip\u00e9 au cours de l&#8217;ann\u00e9e \u00e9coul\u00e9e n&#8217;a servi strictement \u00e0 RIEN. Aucune de nos suggestions et demande n&#8217;a \u00e9t\u00e9 retenue. L&#8217;ouverture du fichier, en l&#8217;\u00e9tat, aurait port\u00e9 son lot de difficult\u00e9s et d&#8217;incongruit\u00e9s pr\u00e9visibles.\u00a0Nous avons mis en lumi\u00e8re tous les dysfonctionnements potentiels et propos\u00e9 des solutions auxquelles ont souscrit nos interlocuteurs tout au long des trois heures d&#8217;\u00e9changes. Il faut noter que lesdits interlocuteurs ont chang\u00e9 depuis les travaux pr\u00e9c\u00e9dents.<\/p>\n\n\n\n<p>On nous a affirm\u00e9 que la date d&#8217;ouverture serait repouss\u00e9e <em>(peut-\u00eatre \u00e0 d\u00e9but f\u00e9vrier&#8230;)<\/em> afin d&#8217;int\u00e9grer les modifications.\u00a0\u00c9videmment nous n&#8217;avons aucune garantie sur le caract\u00e8re effectif de la mise en \u0153uvre de solutions adapt\u00e9es. Nous jugerons sur pi\u00e8ces, l&#8217;heure n&#8217;est ni au proc\u00e8s d&#8217;intention, m\u00eame si le passif est d\u00e9j\u00e0 lourd, ni \u00e0 un optimisme na\u00eff.\u00a0 De toute fa\u00e7on, la proximit\u00e9 de l&#8217;\u00e9ch\u00e9ance ne nous laissera pas bien longtemps dans l&#8217;expectative !<\/p>\n\n\n\n<p>L&#8217;essentiel \u00e0 ce stade est que nos adh\u00e9rents sachent que :<\/p>\n\n\n\n<ul class=\"wp-block-list\">\n<li>Un compte rendu officiel r\u00e9dig\u00e9 par le minist\u00e8re doit nous \u00eatre transmis, et nous nous attacherons \u00e0 ce que les engagements oraux soient traduits dans les faits.\u00a0Et nous vous en rendrons compte.<\/li>\n\n\n\n<li>L&#8217;ouverture est repouss\u00e9e jusqu&#8217;\u00e0 fin janvier pour int\u00e9grer les modifications du logiciel.<\/li>\n\n\n\n<li>Le report ne devrait pas entamer la dur\u00e9e du forfait annuel <em>(optionnel et &#8220;rentable&#8221; \u00e0 partir de 70 enregistrements par an)<\/em> qui serait consenti par ann\u00e9e glissante et non calendaire.<\/li>\n\n\n\n<li>Nous d\u00e9fendons pied \u00e0 pied les int\u00e9r\u00eats de nos adh\u00e9rents tant sur le plan financier que technique. Nous insistons notamment pour que le forfait annuel de 480 \u20ac TTC soit accord\u00e9 aux associations, ce qui n&#8217;a pas suscit\u00e9 d&#8217;objection lors de la r\u00e9union.<\/li>\n\n\n\n<li>Des consignes devraient \u00eatre donn\u00e9es aux services de contr\u00f4le instituant un moratoire de 3 mois permettant l&#8217;enregistrement des oiseaux n\u00e9s pendant la p\u00e9riode d&#8217;arr\u00eat.<\/li>\n\n\n\n<li>Par exception, l&#8217;enregistrement des animaux n\u00e9s en 2025 devrait \u00eatre effectu\u00e9 par leur propri\u00e9taire au moment de l&#8217;enregistrement.<\/li>\n<\/ul>\n\n\n\n<h2 class=\"wp-block-heading\">Recommandations du bureau UOF (COM France)<\/h2>\n\n\n\n<p>Comme vous le savez le site de l&#8217;IFAP est actuellement inactif, ce qui met en suspens les d\u00e9clarations. Aujourd&#8217;hui nous n&#8217;avons aucune information sur le d\u00e9nouement de ce status-quo qui p\u00e8se sur les \u00e9leveurs et les propri\u00e9taires des sp\u00e9cimens concern\u00e9s.<br>Nous vous conseillons malgr\u00e9 tout de conserver soigneusement les attestations de cessions et d&#8217;enregistrer les oiseaux sur OrnithoNet afin de prendre de l&#8217;avance.<\/p>\n\n\n\n<p>Pour l&#8217;achat des droits nous aurons tout le temps de r\u00e9gulariser d\u00e8s que nous serons fix\u00e9s sur le mode de fonctionnement qui sera mis en place.<br>Naturellement nous vous tiendrons inform\u00e9s au fur et \u00e0 mesure des informations qui nous serons communiqu\u00e9es.<\/p>\n<\/blockquote>\n\n\n\n<figure class=\"wp-block-image alignright size-full is-resized\"><img loading=\"lazy\" decoding=\"async\" width=\"486\" height=\"500\" src=\"https:\/\/www.ornithologies.fr\/blog\/wp-content\/uploads\/I-FAP.png\" alt=\"\" class=\"wp-image-3276\" style=\"width:350px;height:auto\" srcset=\"https:\/\/www.ornithologies.fr\/blog\/wp-content\/uploads\/I-FAP.png 486w, https:\/\/www.ornithologies.fr\/blog\/wp-content\/uploads\/I-FAP-292x300.png 292w, https:\/\/www.ornithologies.fr\/blog\/wp-content\/uploads\/I-FAP-146x150.png 146w\" sizes=\"auto, (max-width: 486px) 100vw, 486px\" \/><\/figure>\n\n\n\n<h1 class=\"wp-block-heading\">ATTENTION : le texte qui suit sera certainement devenu caduque d\u00e8s l&#8217;ouverture du nouveau site internet de l&#8217;I-FAP, nous le modifierons au plus t\u00f4t.<\/h1>\n\n\n\n<h2 class=\"wp-block-heading\">Achat de droits via l&#8217;UOF, d\u00e9claration de vos oiseaux \u00e0 l&#8217;I-FAP, avec OrnithoNet, participer au programme de protection des vos oiseaux d\u00e9clar\u00e9s \u00e0 l&#8217;I-FAP, tout est expliqu\u00e9.<\/h2>\n\n\n\n<p>Depuis le 1\u00b0 septembre 2023, les droits d\u2019enregistrements I-FAP sont fix\u00e9s \u00e0 6.96 \u20acTTC, sont supprim\u00e9s les achats par lots, seul celui de 1000 et plus reste disponible.<\/p>\n\n\n\n<h3 class=\"wp-block-heading\">Notre Union a pris les devants et pourra continuer \u00e0 vous proposer le prix sp\u00e9cial de 5,95 \u20ac pour tous les enregistrements.<\/h3>\n\n\n\n<p>Pour nos adh\u00e9rents, le prix est fix\u00e9 \u00e0 5.95 \u20ac, tarif qui reste bien inf\u00e9rieur par rapport au prix \u00ab&nbsp;Public&nbsp;\u00bb, sous r\u00e9serve, bien entendu, de passer par Ornithonet.<\/p>\n\n\n\n<h2 class=\"wp-block-heading\">C&#8217;est l&#8217;occasion de faire le point sur les enregistrements I-FAP<\/h2>\n\n\n\n<h3 class=\"wp-block-heading\">Fonctionnement, quels oiseaux sont concern\u00e9s et votre contact au sein de la F\u00e9d\u00e9ration.<\/h3>\n\n\n\n<p>Afin d\u2019aider l\u2019ensemble de nos adh\u00e9rents UOF pour les enregistrements de leurs oiseaux aupr\u00e8s de l\u2019I-FAP, notre union \u00e0 mis en place un certain nombre de mesures destin\u00e9es \u00e0 faciliter la t\u00e2che de nos \u00e9leveurs.<\/p>\n\n\n\n<h3 class=\"wp-block-heading\">Quels sont les avantages en passant par votre union ?<\/h3>\n\n\n\n<ul class=\"wp-block-list\">\n<li>Le prix d\u2019enregistrement de l\u2019oiseau est de 5,95 \u20ac TTC <em>(Inf\u00e9rieur au tarif normal)<\/em>,<\/li>\n\n\n\n<li>Vos oiseaux sont enregistr\u00e9s sur votre compte \u00e9leveur sous la r\u00e9f\u00e9rence de votre num\u00e9ro RNA,<\/li>\n\n\n\n<li>Un module sp\u00e9cial a \u00e9t\u00e9 mis en place sur Ornithonet avec toutes les aides et v\u00e9rifications afin que votre document ne comporte pas d\u2019erreur,<\/li>\n\n\n\n<li>Impression directe du certificat de marquage officiel,<\/li>\n\n\n\n<li>Reprise de vos enregistrements sur le compte personnel Ornithonet,<\/li>\n\n\n\n<li>V\u00e9rification par nos soins de vos enregistrements avant de les transmettre,<\/li>\n\n\n\n<li>Interventions au niveau de l\u2019I-FAP en cas de soucis sur votre dossier.<\/li>\n<\/ul>\n\n\n\n<h3 class=\"wp-block-heading\">Quelles \u00e9tapes pour la transmission de vos oiseaux ?<\/h3>\n\n\n\n<ul class=\"wp-block-list\">\n<li>\u00catre \u00e0 jour de cotisation UOF pour l\u2019ann\u00e9e en cours,<\/li>\n\n\n\n<li>Enregistrer vos oiseaux sur le module Ornithonet, par vous-m\u00eame ou par l&#8217;interm\u00e9diaire de votre correspondant de club. <em>(Si vous le faites vous-m\u00eame, il vous faut avoir un compte ouvert \u00e0 Ornithonet)<\/em><\/li>\n\n\n\n<li>Imprimer et\/ou enregistrer le certificat de marquage,<\/li>\n\n\n\n<li>Acheter vos droits d\u2019enregistrements sur le site de la <a rel=\"noreferrer noopener\" href=\"https:\/\/www.ornithologies.fr\/boutique\/ifap\/222-droit-denregistrement-i-fap.html\" target=\"_blank\">Boutique en ligne<\/a> \u2013 Paiement par CB,<\/li>\n<\/ul>\n\n\n\n<p>Vous pouvez aussi envoyer un ch\u00e8que \u00e0 l\u2019ordre de la \u00ab SAS les Oiseaux du Monde \u00bb, ch\u00e8que \u00e0 envoyer \u00e0 Mr Jos\u00e9 BERNICOT &#8211; 10 Rue Jacques Pr\u00e9vert, 29190 PLEYBEN,<\/p>\n\n\n\n<h3 class=\"wp-block-heading\">Nota Bene : <\/h3>\n\n\n\n<p>Il est possible d\u2019acheter des droits en avance, ces derniers sont comptabilis\u00e9s,<br>Vos oiseaux ne seront transmis \u00e0 l\u2019I-FAP que lorsque le paiement aura \u00e9t\u00e9 r\u00e9ceptionn\u00e9,<br>Certaines r\u00e9gions ont mis en place une proc\u00e9dure sp\u00e9cifique en accord avec l&#8217;UOF (exemple r\u00e9gion Bretagne) ; dans ce cas, l&#8217;adh\u00e9rent s&#8217;adresse \u00e0 son correspondant de club pour conna\u00eetre la proc\u00e9dure.<\/p>\n\n\n\n<h2 class=\"wp-block-heading\">Et pour participer au programme de protection ?<\/h2>\n\n\n\n<p>La liste des esp\u00e8ces concern\u00e9es, les conditions et le contrat sont consultables et t\u00e9l\u00e9chargeables \u00e0 ces adresses :<br><a href=\"https:\/\/www.ornithologies.fr\/blog\/blog\/2-programmes-pour-soutenir-lelevage\/\">https:\/\/www.ornithologies.fr\/blog\/blog\/2-programmes-pour-soutenir-lelevage\/<\/a><br><a href=\"https:\/\/www.ornithologies.fr\/blog\/wp-content\/uploads\/Contrat-programmes-protection.pdf\">https:\/\/www.ornithologies.fr\/blog\/wp-content\/uploads\/Contrat-programmes-protection.pdf<\/a><br><\/p>\n\n\n\n<p>L&#8217;\u00e9leveur habilit\u00e9 ou son correspondant de club enregistre normalement les oiseaux dans le module \u00ab IFAP \u00bb d&#8217;OrnithoNet. Simultan\u00e9ment, il adresse un mail \u00e0 <a href=\"mailto:uof-ifap@ornithologies.fr\">uof-ifap@ornithologies.fr<\/a> pour lui signifier que l&#8217;\u00e9leveur souhaite b\u00e9n\u00e9ficier du programme pour les oiseaux enregistr\u00e9s. Si ce n&#8217;est d\u00e9j\u00e0 fait, il joint le contrat compl\u00e9t\u00e9 et sign\u00e9.<\/p>\n\n\n\n<p>Si possible, il joint le certificat de cession \u00e0 UOF Protection : un mod\u00e8le \u00e0 compl\u00e9ter est t\u00e9l\u00e9chargeable dans les \u00ab Documents \u00bb d&#8217;OrnithoNet.<\/p>\n\n\n\n<h4 class=\"wp-block-heading\">NB : les oiseaux doivent \u00eatre bagu\u00e9s UOF<\/h4>\n\n\n\n<figure class=\"wp-block-image alignleft size-full is-resized has-custom-border is-style-default\"><img loading=\"lazy\" decoding=\"async\" width=\"875\" height=\"1024\" src=\"https:\/\/www.ornithologies.fr\/blog\/wp-content\/uploads\/Jose-Bernicot.jpg\" alt=\"\" class=\"wp-image-5779\" style=\"border-style:none;border-width:0px;border-radius:0px;width:120px\" srcset=\"https:\/\/www.ornithologies.fr\/blog\/wp-content\/uploads\/Jose-Bernicot.jpg 875w, https:\/\/www.ornithologies.fr\/blog\/wp-content\/uploads\/Jose-Bernicot-256x300.jpg 256w, https:\/\/www.ornithologies.fr\/blog\/wp-content\/uploads\/Jose-Bernicot-128x150.jpg 128w, https:\/\/www.ornithologies.fr\/blog\/wp-content\/uploads\/Jose-Bernicot-768x899.jpg 768w\" sizes=\"auto, (max-width: 875px) 100vw, 875px\" \/><\/figure>\n\n\n\n<h3 class=\"wp-block-heading\">Une Question ?<\/h3>\n\n\n\n<p>Votre contact est Jos\u00e9 Bernicot<br>Envoyer un mail avec ses coordonn\u00e9es \u00e0 : <a href=\"mailto:uof-ifap@ornithologies.fr\">uof-ifap@ornithologies.fr<\/a><\/p>\n\n\n\n<hr class=\"wp-block-separator has-alpha-channel-opacity is-style-wide\"\/>\n\n\n\n<h3 class=\"wp-block-heading\">Documents :<\/h3>\n\n\n\n<ul class=\"wp-block-list\">\n<li>Pour conna\u00eetre les esp\u00e8ces \u00e0 d\u00e9clarer ou non, se reporter aux listes \u00e0 t\u00e9l\u00e9charger disponibles dans les documents d&#8217;Ornithonet, dans le dossier &#8220;Les oiseaux en d\u00e9tention &#8211; R\u00e9glementation&#8221;<\/li>\n\n\n\n<li><a rel=\"noreferrer noopener\" href=\"https:\/\/www.ornithologies.fr\/blog\/wp-content\/uploads\/Attestation-sur-lhonneur.pdf\" target=\"_blank\">Attestation sur l&#8217;honneur<\/a><\/li>\n\n\n\n<li><a href=\"https:\/\/www.ornithologies.fr\/blog\/wp-content\/uploads\/guide-enregistrement-Ifap-version-1.0.pdf\" target=\"_blank\" rel=\"noreferrer noopener\">Guide d&#8217;enregistrement I-FAP<\/a> <em>(les copies d&#8217;\u00e9cran qui sont contenues dans ce guide ne sont plus tout \u00e0 fait conformes au module actuel d&#8217;Ornithonet\u2026 mais le il reste utilisable dans l&#8217;ensemble)<\/em><\/li>\n\n\n\n<li><a href=\"https:\/\/www.ornithologies.fr\/boutique\/ifap\/222-droit-denregistrement-i-fap.html\" data-type=\"URL\" data-id=\"https:\/\/www.ornithologies.fr\/boutique\/ifap\/222-droit-denregistrement-i-fap.html\" target=\"_blank\" rel=\"noreferrer noopener\">Acheter des droits I-FAP<\/a><\/li>\n\n\n\n<li><a href=\"https:\/\/www.ornithologies.fr\/blog\/wp-content\/uploads\/Procedures-IFAP.pdf\">Proc\u00e9dure I-FAP avec l&#8217;UOF et participation au programme de protection<\/a><\/li>\n<\/ul>\n\n\n\n<hr class=\"wp-block-separator has-alpha-channel-opacity is-style-wide\"\/>\n\n\n\n<p><\/p>\n","protected":false},"excerpt":{"rendered":"<p>I-FAP, \u00e7\u00e0 se pr\u00e9cise&#8230; laborieusement ! Comme nous vous l&#8217;avions annonc\u00e9, une r\u00e9union s&#8217;est tenue \u00e0 notre demande le 19<\/p>\n","protected":false},"author":1,"featured_media":3276,"comment_status":"closed","ping_status":"open","sticky":false,"template":"","format":"standard","meta":{"footnotes":""},"categories":[253,50,51],"tags":[74,54,52,53,56,73,55],"class_list":["post-962","post","type-post","status-publish","format-standard","has-post-thumbnail","hentry","category-253","category-actualites","category-reglementation","tag-attestation-sur-lhonneur","tag-fichier-national","tag-i-fap","tag-identification","tag-inscription","tag-liste-doiseaux","tag-reglementation"],"_links":{"self":[{"href":"https:\/\/www.ornithologies.fr\/blog\/wp-json\/wp\/v2\/posts\/962","targetHints":{"allow":["GET"]}}],"collection":[{"href":"https:\/\/www.ornithologies.fr\/blog\/wp-json\/wp\/v2\/posts"}],"about":[{"href":"https:\/\/www.ornithologies.fr\/blog\/wp-json\/wp\/v2\/types\/post"}],"author":[{"embeddable":true,"href":"https:\/\/www.ornithologies.fr\/blog\/wp-json\/wp\/v2\/users\/1"}],"replies":[{"embeddable":true,"href":"https:\/\/www.ornithologies.fr\/blog\/wp-json\/wp\/v2\/comments?post=962"}],"version-history":[{"count":33,"href":"https:\/\/www.ornithologies.fr\/blog\/wp-json\/wp\/v2\/posts\/962\/revisions"}],"predecessor-version":[{"id":5966,"href":"https:\/\/www.ornithologies.fr\/blog\/wp-json\/wp\/v2\/posts\/962\/revisions\/5966"}],"wp:featuredmedia":[{"embeddable":true,"href":"https:\/\/www.ornithologies.fr\/blog\/wp-json\/wp\/v2\/media\/3276"}],"wp:attachment":[{"href":"https:\/\/www.ornithologies.fr\/blog\/wp-json\/wp\/v2\/media?parent=962"}],"wp:term":[{"taxonomy":"category","embeddable":true,"href":"https:\/\/www.ornithologies.fr\/blog\/wp-json\/wp\/v2\/categories?post=962"},{"taxonomy":"post_tag","embeddable":true,"href":"https:\/\/www.ornithologies.fr\/blog\/wp-json\/wp\/v2\/tags?post=962"}],"curies":[{"name":"wp","href":"https:\/\/api.w.org\/{rel}","templated":true}]}}