{"id":914,"date":"2018-07-05T16:25:18","date_gmt":"2018-07-05T14:25:18","guid":{"rendered":"http:\/\/www.ornithologies.fr\/blog\/?p=914"},"modified":"2018-09-13T09:34:51","modified_gmt":"2018-09-13T07:34:51","slug":"la-scaf-pro-natura-et-luof-au-ministere-de-lagriculture","status":"publish","type":"post","link":"https:\/\/www.ornithologies.fr\/blog\/blog\/la-scaf-pro-natura-et-luof-au-ministere-de-lagriculture\/","title":{"rendered":"La SCAF, Pro NaturA et l&#8217;UOF au Minist\u00e8re de l&#8217;Agriculture"},"content":{"rendered":"<h6>Source : LGD num\u00e9ro 12\/2018 &#8211; UOF<\/h6>\n<h2 class=\"textebleu\">Nous vous invitons \u00e0 lire attentivement le communiqu\u00e9 commun \u00e9tabli par la SCAF (F\u00e9d\u00e9ration Fran\u00e7aise Aviculture), l\u2019UOF et Pro NaturA :<\/h2>\n<figure id=\"attachment_915\" aria-describedby=\"caption-attachment-915\" style=\"width: 300px\" class=\"wp-caption alignright\"><img loading=\"lazy\" decoding=\"async\" class=\"wp-image-915 size-medium\" src=\"https:\/\/www.ornithologies.fr\/blog\/wp-content\/uploads\/Minist\u00e8re-de-lagriculture-Vaugirard-300x165.jpg\" alt=\"\" width=\"300\" height=\"165\" srcset=\"https:\/\/www.ornithologies.fr\/blog\/wp-content\/uploads\/Minist\u00e8re-de-lagriculture-Vaugirard-300x165.jpg 300w, https:\/\/www.ornithologies.fr\/blog\/wp-content\/uploads\/Minist\u00e8re-de-lagriculture-Vaugirard-768x422.jpg 768w, https:\/\/www.ornithologies.fr\/blog\/wp-content\/uploads\/Minist\u00e8re-de-lagriculture-Vaugirard-600x330.jpg 600w, https:\/\/www.ornithologies.fr\/blog\/wp-content\/uploads\/Minist\u00e8re-de-lagriculture-Vaugirard-100x55.jpg 100w, https:\/\/www.ornithologies.fr\/blog\/wp-content\/uploads\/Minist\u00e8re-de-lagriculture-Vaugirard-150x83.jpg 150w, https:\/\/www.ornithologies.fr\/blog\/wp-content\/uploads\/Minist\u00e8re-de-lagriculture-Vaugirard-200x110.jpg 200w, https:\/\/www.ornithologies.fr\/blog\/wp-content\/uploads\/Minist\u00e8re-de-lagriculture-Vaugirard-450x248.jpg 450w, https:\/\/www.ornithologies.fr\/blog\/wp-content\/uploads\/Minist\u00e8re-de-lagriculture-Vaugirard.jpg 789w\" sizes=\"auto, (max-width: 300px) 100vw, 300px\" \/><figcaption id=\"caption-attachment-915\" class=\"wp-caption-text\">Minist\u00e8re de l&#8217;Agriculture Vaugirard<\/figcaption><\/figure>\n<p>Le 4 juillet 2018, une d\u00e9l\u00e9gation de la SCAF compos\u00e9e de Gaston HARTER (Pr\u00e9sident), Jean-Jacques MENIGOZ (FFC), Johann COENNE (Commissaire du salon de Paris) et Jean-Claude PERIQUET (FFV), accompagn\u00e9 de Pierre CHANNOY (ProNaturA-France et UOF) et Alain DEBORD (SNC), s\u2019est rendue dans les services du Minist\u00e8re de l\u2019Agriculture, rue de Vaugirard \u00e0 Paris.<\/p>\n<p>Son but principal \u00e9tait de parler de l\u2019arr\u00eat\u00e9 du 14 mars 2018 relatif aux mesures de pr\u00e9vention de la propagation des maladies animales via le transport par v\u00e9hicules routiers d\u2019animaux vivants.<\/p>\n<p>En gros, cet arr\u00eat\u00e9 limite \u00e0 trente le nombre d\u2019oiseaux qu\u2019il est possible \u00e0 un particulier de transporter sans contraintes particuli\u00e8res. Cette limitation est pr\u00e9judiciable \u00e0 nos expositions en cas de groupages, o\u00f9 le nombre d\u2019oiseaux d\u00e9passe souvent ce nombre. En particulier pour l\u2019exposition europ\u00e9enne de Herning au Danemark et les nationales : FFV de limoges, FFC de Chamb\u00e9ry et tout autre rassemblement (exposition) sur le territoire fran\u00e7ais.<\/p>\n<p>Les services du Minist\u00e8re (4 personnes) se sont montr\u00e9s tr\u00e8s attentifs \u00e0 nos dol\u00e9ances et ont admis que cet arr\u00eat\u00e9 \u00e9tait surtout destin\u00e9 aux professionnels et n\u2019ont pas pens\u00e9 aux cons\u00e9quences sur nos expositions concours. Ils ont promis d\u2019examiner cela et d\u2019essayer de trouver des solutions ou d\u00e9rogations pour nous faciliter les choses.<\/p>\n<p>Pour terminer, nous avons expliqu\u00e9 aux services du Minist\u00e8re comment nous assurions la tra\u00e7abilit\u00e9 de nos animaux : bagues ferm\u00e9es pour les volailles et les Pigeons, Certificat d\u2019origine pour les lapins.<\/p>\n<h3>En compl\u00e9ment de notre pr\u00e9c\u00e9dente directive UOF, nous apporterons prochainement plus de pr\u00e9cisions sur l&#8217;\u00e9volution et sur la conduite \u00e0 tenir pour la saison des concours 2018\/2019.<\/h3>\n<h4>Au nom de l\u2019UOF (Com France),<br \/>\nPhilippe GUELLERIN \u2013 Pierre CHANNOY \u2013 Daniel HANS<\/h4>\n","protected":false},"excerpt":{"rendered":"<p>Nous vous invitons \u00e0 lire attentivement le communiqu\u00e9 commun \u00e9tabli par la SCAF (F\u00e9d\u00e9ration Fran\u00e7aise Aviculture), l\u2019UOF et Pro NaturA<\/p>\n","protected":false},"author":1,"featured_media":915,"comment_status":"closed","ping_status":"open","sticky":false,"template":"","format":"standard","meta":{"footnotes":""},"categories":[49,50,51],"tags":[64,66,42,68,67,62],"class_list":["post-914","post","type-post","status-publish","format-standard","has-post-thumbnail","hentry","category-49","category-actualites","category-reglementation","tag-64","tag-ministere-de-lagriculture","tag-oiseaux","tag-pro-natura","tag-scaf","tag-transport"],"_links":{"self":[{"href":"https:\/\/www.ornithologies.fr\/blog\/wp-json\/wp\/v2\/posts\/914","targetHints":{"allow":["GET"]}}],"collection":[{"href":"https:\/\/www.ornithologies.fr\/blog\/wp-json\/wp\/v2\/posts"}],"about":[{"href":"https:\/\/www.ornithologies.fr\/blog\/wp-json\/wp\/v2\/types\/post"}],"author":[{"embeddable":true,"href":"https:\/\/www.ornithologies.fr\/blog\/wp-json\/wp\/v2\/users\/1"}],"replies":[{"embeddable":true,"href":"https:\/\/www.ornithologies.fr\/blog\/wp-json\/wp\/v2\/comments?post=914"}],"version-history":[{"count":0,"href":"https:\/\/www.ornithologies.fr\/blog\/wp-json\/wp\/v2\/posts\/914\/revisions"}],"wp:featuredmedia":[{"embeddable":true,"href":"https:\/\/www.ornithologies.fr\/blog\/wp-json\/wp\/v2\/media\/915"}],"wp:attachment":[{"href":"https:\/\/www.ornithologies.fr\/blog\/wp-json\/wp\/v2\/media?parent=914"}],"wp:term":[{"taxonomy":"category","embeddable":true,"href":"https:\/\/www.ornithologies.fr\/blog\/wp-json\/wp\/v2\/categories?post=914"},{"taxonomy":"post_tag","embeddable":true,"href":"https:\/\/www.ornithologies.fr\/blog\/wp-json\/wp\/v2\/tags?post=914"}],"curies":[{"name":"wp","href":"https:\/\/api.w.org\/{rel}","templated":true}]}}