{"id":849,"date":"2018-09-11T19:10:03","date_gmt":"2018-09-11T17:10:03","guid":{"rendered":"http:\/\/www.ornithologies.fr\/blog\/?p=849"},"modified":"2021-01-11T08:16:43","modified_gmt":"2021-01-11T07:16:43","slug":"le-fichier-national-i-fap-inscription-des-oiseaux","status":"publish","type":"post","link":"https:\/\/www.ornithologies.fr\/blog\/blog\/le-fichier-national-i-fap-inscription-des-oiseaux\/","title":{"rendered":"Le Fichier National I-FAP \u2013 Inscription des oiseaux"},"content":{"rendered":"<h2>Nous vous invitons \u00e0 trouver ci-apr\u00e8s des informations pr\u00e9cises par rapport \u00e0 l\u2019inscription des oiseaux sur le Fichier National I-FAP (<strong>I<\/strong>dentification de la <strong>FA<\/strong>une <strong>P<\/strong>rot\u00e9g\u00e9e).<\/h2>\n<h1><img loading=\"lazy\" decoding=\"async\" class=\"alignright wp-image-850 size-medium\" src=\"https:\/\/www.ornithologies.fr\/blog\/wp-content\/uploads\/logo-site-i-fap-300x129.png\" alt=\"\" width=\"300\" height=\"129\" srcset=\"https:\/\/www.ornithologies.fr\/blog\/wp-content\/uploads\/logo-site-i-fap-300x129.png 300w, https:\/\/www.ornithologies.fr\/blog\/wp-content\/uploads\/logo-site-i-fap-100x43.png 100w, https:\/\/www.ornithologies.fr\/blog\/wp-content\/uploads\/logo-site-i-fap-150x65.png 150w, https:\/\/www.ornithologies.fr\/blog\/wp-content\/uploads\/logo-site-i-fap-200x86.png 200w, https:\/\/www.ornithologies.fr\/blog\/wp-content\/uploads\/logo-site-i-fap-450x194.png 450w, https:\/\/www.ornithologies.fr\/blog\/wp-content\/uploads\/logo-site-i-fap.png 495w\" sizes=\"auto, (max-width: 300px) 100vw, 300px\" \/><\/h1>\n<p>Il faut aussi savoir que la mise en place de ce processus \u00e9tait inscrite dans la loi sur la BIODIVERSITE, initi\u00e9e par Mme S\u00e9gol\u00e8ne ROYAL, alors Ministre de l\u2019Environnement, sous la pr\u00e9sidence de Mr Fran\u00e7ois HOLLANDE. Sous des formes diverses, de telles mesures de tra\u00e7abilit\u00e9 se mettent \u00e9galement en place dans d\u2019autres pays d\u2019Europe.<\/p>\n<p>La mise en place de ce fichier a \u00e9t\u00e9 effective au 15 juin 2018 et a \u00e9t\u00e9 confi\u00e9e au Syndicat National des V\u00e9t\u00e9rinaires. Il concerne tous les animaux de la faune sauvage prot\u00e9g\u00e9e et n\u2019est pas applicable uniquement aux oiseaux.<\/p>\n<p>Je vous invite \u00e0 pr\u00e9sent \u00e0 lire attentivement les informations ci-apr\u00e8s, pour lesquelles nous avons essay\u00e9 d\u2019\u00eatre le plus clair et le plus pr\u00e9cis possible. Avec vos responsables locaux (clubs et r\u00e9gions), nous nous tenons bien entendu \u00e0 votre enti\u00e8re disposition pour toute information compl\u00e9mentaire dont vous pourriez avoir besoin.<\/p>\n<h4>Toute cette proc\u00e9dure peut certes \u00eatre d\u00e9cri\u00e9e et d\u00e9courager bon nombre d\u2019entre nous\u2026 Malheureusement elle existe, il nous faut faire avec et notre mission sera de la rendre la plus accessible possible.<\/h4>\n<h3>Proc\u00e9dure de r\u00e9gularisation&nbsp;:<\/h3>\n<p>Tous les oiseaux d\u2019<strong>Annexe<\/strong> <strong>A<\/strong>, <strong>Arr\u00eat\u00e9 de Guyane<\/strong> et Oiseaux de <strong>Faune Europ\u00e9enne<\/strong> d\u00e9tenus et n\u00e9s avant le 15 juin 2018 devront \u00eatre enregistr\u00e9s sur le fichier IFAP <u>avant le 31 D\u00e9cembre 2018<\/u>.<\/p>\n<p>Les oiseaux d\u2019annexe <strong>B \u00e0 D<\/strong>, d\u00e9tenus et n\u00e9s avant le 15 juin 2018, pourront l\u2019\u00eatre jusqu\u2019au 31 D\u00e9cembre 2019, en sachant que la gratuit\u00e9 de l\u2019enregistrement ne sera cependant effective que jusqu\u2019au 30 Novembre 2018.<\/p>\n<p>La liste des statuts, bas\u00e9e sur la classification concours, est disponible <a href=\"https:\/\/www.ornithologies.fr\/blog\/blog\/i-fap-liste-des-especes-soumises-a-declaration-declaration-en-ligne\/\">ici<\/a>.<\/p>\n<p>L\u2019inscription des oiseaux concern\u00e9s est donc <strong>gratuite<\/strong> pour les adh\u00e9rents de notre Union <strong>jusqu\u2019au 30 novembre 2018<\/strong>, sous r\u00e9serve que <strong><u>l\u2019enregistrement passe par l\u2019entit\u00e9 nationale<\/u><\/strong><u>.<\/u><\/p>\n<h5>Au-del\u00e0 de cette date, TOUS les enregistrements seront payants.<\/h5>\n<p>Aucun oiseau bagu\u00e9 2019, m\u00eame n\u00e9 avant le 30 novembre 2018, ne pourra \u00eatre enregistr\u00e9 dans le cadre de la proc\u00e9dure de r\u00e9gularisation&nbsp;; ces oiseaux feront l\u2019objet d\u2019un enregistrement diff\u00e9rent dont il sera&nbsp; fait mention ci-apr\u00e8s.<\/p>\n<p>Nous travaillons actuellement avec notre informaticien sur la mise en place sur ORNITHONET d\u2019un module d\u2019enregistrement des oiseaux. Ce module devrait \u00eatre op\u00e9rationnel \u00e0 la mi-septembre.<\/p>\n<p>Les enregistrements pourront alors directement se faire par l\u2019\u00e9leveur, sous r\u00e9serve d\u2019avoir un compte Ornithonet&nbsp;; une organisation pourra \u00e9galement \u00eatre mise en place au sein des clubs pour enregistrer les oiseaux (Proc\u00e9dures semblables aux commandes de bagues)<\/p>\n<p>Chaque inscription devra \u00eatre accompagn\u00e9e d\u2019un document justificatif&nbsp;: Attestation de baguage (<em>pouvant \u00eatre remplie par l\u2019\u00e9leveur<\/em>), ou CIC, ou Certificat de Cession, ou encore Attestation sur l\u2019Honneur.<\/p>\n<p>Apr\u00e8s r\u00e9ception et validation des informations par l\u2019IFAP, l\u2019\u00e9leveur recevra par mail un <strong>DOCUMENT DE TRACABILITE<\/strong> pour chaque oiseau. (<em>Voir utilisation de ce document ci-apr\u00e8s<\/em>).<\/p>\n<p>L\u2019\u00e9leveur recevra \u00e9galement par mail son identifiant et son mot de passe afin d\u2019acc\u00e9der \u00e0 ses donn\u00e9es sur le fichier IFAP.<\/p>\n<h3>Nouvelle identification (Oiseaux bagu\u00e9s 2019)&nbsp;:<\/h3>\n<p><img loading=\"lazy\" decoding=\"async\" class=\"alignright wp-image-851 size-medium\" src=\"https:\/\/www.ornithologies.fr\/blog\/wp-content\/uploads\/i-fap-300x253.jpg\" alt=\"\" width=\"300\" height=\"253\" srcset=\"https:\/\/www.ornithologies.fr\/blog\/wp-content\/uploads\/i-fap-300x253.jpg 300w, https:\/\/www.ornithologies.fr\/blog\/wp-content\/uploads\/i-fap.jpg 600w, https:\/\/www.ornithologies.fr\/blog\/wp-content\/uploads\/i-fap-100x84.jpg 100w, https:\/\/www.ornithologies.fr\/blog\/wp-content\/uploads\/i-fap-150x127.jpg 150w, https:\/\/www.ornithologies.fr\/blog\/wp-content\/uploads\/i-fap-200x169.jpg 200w, https:\/\/www.ornithologies.fr\/blog\/wp-content\/uploads\/i-fap-450x380.jpg 450w\" sizes=\"auto, (max-width: 300px) 100vw, 300px\" \/>Les oiseaux bagu\u00e9s par les adh\u00e9rents de notre Union pourront \u00eatre enregistr\u00e9s \u00e0 compter du 1\u00b0 Janvier 2019, ceci pour \u00e9viter toute confusion avec des oiseaux concern\u00e9s par une proc\u00e9dure de r\u00e9gularisation. L\u2019Union aura pour mission de bien v\u00e9rifier que l\u2019\u00e9leveur bagueur est membre de l\u2019Union et a bien command\u00e9 les bagues concern\u00e9es.<\/p>\n<p>Apr\u00e8s r\u00e9ception et validation des informations par l\u2019I-FAP, l\u2019\u00e9leveur recevra par mail deux documents&nbsp;: le CERTIFICAT DE MARQUAGE et le DOCUMENT DE TRACABILITE.<\/p>\n<p>Les oiseaux 2019, non issus propre \u00e9levage, seront enregistr\u00e9s selon le principe de la proc\u00e9dure de r\u00e9gularisation&nbsp;(oiseaux achet\u00e9s aupr\u00e8s d\u2019un autre \u00e9leveur, en France ou \u00e0 l\u2019\u00e9tranger), pour le cas o\u00f9 il ne serait pas en possession du Document de tra\u00e7abilit\u00e9 remis par l\u2019\u00e9leveur ayant c\u00e9d\u00e9 l\u2019oiseau.<\/p>\n<p>Il est \u00e9galement important de savoir que les <strong>bagues clubs<\/strong> ne pourront plus \u00eatre utilis\u00e9es, car pour les oiseaux inscrits et bagu\u00e9s par l\u2019\u00e9leveur, les bagues utilis\u00e9es devront obligatoirement \u00eatre au num\u00e9ro de souche de l\u2019\u00e9leveur.<\/p>\n<h6><u>ATTENTION<\/u>&nbsp;: Pour les bagues 2019, les \u00e9leveurs qui ach\u00e8tent leurs bagues au CDE devront d\u00e9clarer leurs oiseaux via le CDE et non via l\u2019UOF.<\/h6>\n<h3>Suivi d\u2019un oiseau identifi\u00e9&nbsp;:<\/h3>\n<p>L\u2019\u00e9leveur aura en sa possession le document de tra\u00e7abilit\u00e9. Ce document devra \u00eatre transmis \u00e0 l\u2019acqu\u00e9reur en cas de cession. L\u2019acqu\u00e9reur aura pour mission d\u2019envoyer directement le document \u00e0 l\u2019I-FAP pour modification du nom du propri\u00e9taire. Il est cependant possible que l\u2019\u00e9leveur fasse cette modification \u00e0 son niveau s\u2019il le souhaite, directement sur le fichier I-FAP.<\/p>\n<p>L\u2019acqu\u00e9reur recevra un nouveau document de tra\u00e7abilit\u00e9.<\/p>\n<p>Il est recommand\u00e9, pour le cas o\u00f9 l\u2019\u00e9leveur ne faisait pas lui-m\u00eame la modification, de v\u00e9rifier trimestriellement si les modifications ont bien \u00e9t\u00e9 faites par les acqu\u00e9reurs. Le cas \u00e9ch\u00e9ant, il sera toujours possible de le faire soi-m\u00eame.<\/p>\n<p>Pour le cas o\u00f9 la cession de l\u2019oiseau venait \u00e0 \u00eatre effectu\u00e9e avant la r\u00e9ception par l\u2019\u00e9leveur de son document de tra\u00e7abilit\u00e9, il conviendra de garder les coordonn\u00e9es de l\u2019acqu\u00e9reur et de faire le n\u00e9cessaire apr\u00e8s r\u00e9ception du document.<\/p>\n<p>En cas de d\u00e9c\u00e8s de l\u2019oiseau, la d\u00e9claration devra \u00eatre faite directement sur le fichier IFAP.<\/p>\n<p>Toutes les proc\u00e9dures de suivi d\u2019un oiseau sont <u>gratuites<\/u>.<\/p>\n<h3>Co\u00fbt des op\u00e9rations&nbsp;:<\/h3>\n<p>Les op\u00e9rations de r\u00e9gularisations sont gratuites jusqu\u2019au 30 Novembre 2018, sous r\u00e9serve de passer par son entit\u00e9 nationale.<\/p>\n<p>Au-del\u00e0 de cette date, notre Union a la possibilit\u00e9 d\u2019acqu\u00e9rir des lots d\u2019enregistrements. En prenant par lots de <strong>1000<\/strong>, le prix pay\u00e9 par l\u2019Union sera plus int\u00e9ressant. Par lots inf\u00e9rieurs, ou pris individuellement, le prix serait bien entendu beaucoup plus \u00e9lev\u00e9\u2026&nbsp;;<\/p>\n<p>Le prix demand\u00e9 \u00e0 compter du 1\u00b0 D\u00e9cembre pour tout enregistrement sera officialis\u00e9 prochainement&nbsp;; il devrait \u00eatre de 5 \u20ac TTC, par enregistrement.<\/p>\n\n\n<div class=\"wp-block-image\"><figure class=\"alignleft is-resized\"><img loading=\"lazy\" decoding=\"async\" src=\"https:\/\/www.ornithologies.fr\/blog\/wp-content\/uploads\/Presentation-IFAP.jpg\" alt=\"\" class=\"wp-image-1106\" width=\"150\" height=\"127\" srcset=\"https:\/\/www.ornithologies.fr\/blog\/wp-content\/uploads\/Presentation-IFAP.jpg 600w, https:\/\/www.ornithologies.fr\/blog\/wp-content\/uploads\/Presentation-IFAP-300x253.jpg 300w, https:\/\/www.ornithologies.fr\/blog\/wp-content\/uploads\/Presentation-IFAP-100x84.jpg 100w, https:\/\/www.ornithologies.fr\/blog\/wp-content\/uploads\/Presentation-IFAP-150x127.jpg 150w, https:\/\/www.ornithologies.fr\/blog\/wp-content\/uploads\/Presentation-IFAP-200x169.jpg 200w, https:\/\/www.ornithologies.fr\/blog\/wp-content\/uploads\/Presentation-IFAP-450x380.jpg 450w\" sizes=\"auto, (max-width: 150px) 100vw, 150px\" \/><\/figure><\/div>\n\n\n\n<p>En cas de doute votre correspondant I-FAP \u2013 UOF (COM France) est<\/p>\n\n\n\n<h3 class=\"wp-block-heading\">Vincent RIGAUD<\/h3>\n\n\n\n<p>Mail : <a href=\"mailto:faq-ifap@ornithologies.fr\">faq-ifap@ornithologies.fr<\/a><\/p>\n\n\n\n<hr class=\"wp-block-separator\"\/>\n","protected":false},"excerpt":{"rendered":"<p>Nous vous invitons \u00e0 trouver ci-apr\u00e8s des informations pr\u00e9cises par rapport \u00e0 l\u2019inscription des oiseaux sur le Fichier National I-FAP (Identification de la FAune Prot\u00e9g\u00e9e).<\/p>\n","protected":false},"author":1,"featured_media":851,"comment_status":"closed","ping_status":"open","sticky":false,"template":"","format":"standard","meta":{"footnotes":""},"categories":[49,50,51],"tags":[54,52,53,56,55],"class_list":["post-849","post","type-post","status-publish","format-standard","has-post-thumbnail","hentry","category-49","category-actualites","category-reglementation","tag-fichier-national","tag-i-fap","tag-identification","tag-inscription","tag-reglementation"],"_links":{"self":[{"href":"https:\/\/www.ornithologies.fr\/blog\/wp-json\/wp\/v2\/posts\/849","targetHints":{"allow":["GET"]}}],"collection":[{"href":"https:\/\/www.ornithologies.fr\/blog\/wp-json\/wp\/v2\/posts"}],"about":[{"href":"https:\/\/www.ornithologies.fr\/blog\/wp-json\/wp\/v2\/types\/post"}],"author":[{"embeddable":true,"href":"https:\/\/www.ornithologies.fr\/blog\/wp-json\/wp\/v2\/users\/1"}],"replies":[{"embeddable":true,"href":"https:\/\/www.ornithologies.fr\/blog\/wp-json\/wp\/v2\/comments?post=849"}],"version-history":[{"count":0,"href":"https:\/\/www.ornithologies.fr\/blog\/wp-json\/wp\/v2\/posts\/849\/revisions"}],"wp:featuredmedia":[{"embeddable":true,"href":"https:\/\/www.ornithologies.fr\/blog\/wp-json\/wp\/v2\/media\/851"}],"wp:attachment":[{"href":"https:\/\/www.ornithologies.fr\/blog\/wp-json\/wp\/v2\/media?parent=849"}],"wp:term":[{"taxonomy":"category","embeddable":true,"href":"https:\/\/www.ornithologies.fr\/blog\/wp-json\/wp\/v2\/categories?post=849"},{"taxonomy":"post_tag","embeddable":true,"href":"https:\/\/www.ornithologies.fr\/blog\/wp-json\/wp\/v2\/tags?post=849"}],"curies":[{"name":"wp","href":"https:\/\/api.w.org\/{rel}","templated":true}]}}