{"id":6011,"date":"2026-03-06T14:14:55","date_gmt":"2026-03-06T13:14:55","guid":{"rendered":"https:\/\/www.ornithologies.fr\/blog\/?p=6011"},"modified":"2026-03-19T09:17:57","modified_gmt":"2026-03-19T08:17:57","slug":"valeurs-dechange-pour-le-chardonneret-elegant","status":"publish","type":"post","link":"https:\/\/www.ornithologies.fr\/blog\/blog\/valeurs-dechange-pour-le-chardonneret-elegant\/","title":{"rendered":"Valeurs d&#8217;\u00e9change pour le Chardonneret \u00e9l\u00e9gant"},"content":{"rendered":"\n<figure class=\"wp-block-image alignright size-full is-resized\"><a href=\"https:\/\/www.ornithologies.fr\/blog\/wp-content\/uploads\/Prix-de-vente-du-Chardonneret-elegant.pdf\"><img decoding=\"async\" src=\"https:\/\/www.ornithologies.fr\/blog\/wp-content\/uploads\/Couverture-Prix-de-vente-du-chardonneret.png\" alt=\"\" class=\"wp-image-6013\" style=\"width:245px;height:auto\"\/><\/a><\/figure>\n\n\n\n<p>Les affaires concernant la d\u00e9tention ill\u00e9gale, le braconnage et le recel font de plus en plus la une des m\u00e9dias. Il est donc essentiel de pr\u00e9ciser quelles sont les sous-esp\u00e8ces qui nichent en France et celles qui sont les plus \u00e9lev\u00e9es en captivit\u00e9. On peut parfois lire des prix pharaoniques qui ne refl\u00e8tent pas la r\u00e9alit\u00e9 du march\u00e9 l\u00e9gal.<\/p>\n\n\n\n<p>Ce document d\u00e9crit la valeur d\u2019\u00e9change des diff\u00e9rentes sous-esp\u00e8ces du chardonneret \u00e9l\u00e9gant ancestral ainsi que de ses vari\u00e9t\u00e9s, qui ont le statut d\u2019esp\u00e8ces non domestiques prot\u00e9g\u00e9es, n\u00e9es en milieu contr\u00f4l\u00e9 et bagu\u00e9es avec un marquage conforme aux exigences de l\u2019arr\u00eat\u00e9 du 8 octobre 2018.<\/p>\n\n\n\n<h3 class=\"wp-block-heading\">Ce document vise ainsi \u00e0 r\u00e9tablir la r\u00e9alit\u00e9 des faits, en apportant des \u00e9l\u00e9ments objectifs, pr\u00e9cis et encadr\u00e9s.<\/h3>\n\n\n\n<div class=\"wp-block-buttons is-content-justification-center is-layout-flex wp-container-core-buttons-is-layout-a89b3969 wp-block-buttons-is-layout-flex\">\n<div class=\"wp-block-button\"><a class=\"wp-block-button__link wp-element-button\" href=\"https:\/\/www.ornithologies.fr\/blog\/wp-content\/uploads\/Prix-de-vente-du-Chardonneret-elegant.pdf\">T\u00e9l\u00e9charger le fascicule<\/a><\/div>\n<\/div>\n","protected":false},"excerpt":{"rendered":"<p>Les affaires concernant la d\u00e9tention ill\u00e9gale, le braconnage et le recel font de plus en plus la une des m\u00e9dias.<\/p>\n","protected":false},"author":1,"featured_media":6054,"comment_status":"open","ping_status":"open","sticky":false,"template":"","format":"standard","meta":{"footnotes":""},"categories":[440,50,171],"tags":[441,444,443,442],"class_list":["post-6011","post","type-post","status-publish","format-standard","has-post-thumbnail","hentry","category-440","category-actualites","category-protection","tag-chardonneret","tag-legal","tag-trafic","tag-valeur"],"_links":{"self":[{"href":"https:\/\/www.ornithologies.fr\/blog\/wp-json\/wp\/v2\/posts\/6011","targetHints":{"allow":["GET"]}}],"collection":[{"href":"https:\/\/www.ornithologies.fr\/blog\/wp-json\/wp\/v2\/posts"}],"about":[{"href":"https:\/\/www.ornithologies.fr\/blog\/wp-json\/wp\/v2\/types\/post"}],"author":[{"embeddable":true,"href":"https:\/\/www.ornithologies.fr\/blog\/wp-json\/wp\/v2\/users\/1"}],"replies":[{"embeddable":true,"href":"https:\/\/www.ornithologies.fr\/blog\/wp-json\/wp\/v2\/comments?post=6011"}],"version-history":[{"count":3,"href":"https:\/\/www.ornithologies.fr\/blog\/wp-json\/wp\/v2\/posts\/6011\/revisions"}],"predecessor-version":[{"id":6016,"href":"https:\/\/www.ornithologies.fr\/blog\/wp-json\/wp\/v2\/posts\/6011\/revisions\/6016"}],"wp:featuredmedia":[{"embeddable":true,"href":"https:\/\/www.ornithologies.fr\/blog\/wp-json\/wp\/v2\/media\/6054"}],"wp:attachment":[{"href":"https:\/\/www.ornithologies.fr\/blog\/wp-json\/wp\/v2\/media?parent=6011"}],"wp:term":[{"taxonomy":"category","embeddable":true,"href":"https:\/\/www.ornithologies.fr\/blog\/wp-json\/wp\/v2\/categories?post=6011"},{"taxonomy":"post_tag","embeddable":true,"href":"https:\/\/www.ornithologies.fr\/blog\/wp-json\/wp\/v2\/tags?post=6011"}],"curies":[{"name":"wp","href":"https:\/\/api.w.org\/{rel}","templated":true}]}}