{"id":4771,"date":"2026-03-17T17:07:48","date_gmt":"2026-03-17T16:07:48","guid":{"rendered":"https:\/\/www.ornithologies.fr\/blog\/?p=4771"},"modified":"2026-04-02T08:55:38","modified_gmt":"2026-04-02T06:55:38","slug":"congres-de-luof-2026","status":"publish","type":"post","link":"https:\/\/www.ornithologies.fr\/blog\/blog\/congres-de-luof-2026\/","title":{"rendered":"Congr\u00e8s de l&#8217;UOF 2026"},"content":{"rendered":"\n<figure class=\"wp-block-image aligncenter size-large\"><img loading=\"lazy\" decoding=\"async\" width=\"1024\" height=\"610\" src=\"https:\/\/www.ornithologies.fr\/blog\/wp-content\/uploads\/Carte-Postale-Web-1-1024x610.jpg\" alt=\"\" class=\"wp-image-6044\" srcset=\"https:\/\/www.ornithologies.fr\/blog\/wp-content\/uploads\/Carte-Postale-Web-1-1024x610.jpg 1024w, https:\/\/www.ornithologies.fr\/blog\/wp-content\/uploads\/Carte-Postale-Web-1-300x179.jpg 300w, https:\/\/www.ornithologies.fr\/blog\/wp-content\/uploads\/Carte-Postale-Web-1-150x89.jpg 150w, https:\/\/www.ornithologies.fr\/blog\/wp-content\/uploads\/Carte-Postale-Web-1-768x457.jpg 768w, https:\/\/www.ornithologies.fr\/blog\/wp-content\/uploads\/Carte-Postale-Web-1-1536x914.jpg 1536w, https:\/\/www.ornithologies.fr\/blog\/wp-content\/uploads\/Carte-Postale-Web-1.jpg 1920w\" sizes=\"auto, (max-width: 1024px) 100vw, 1024px\" \/><\/figure>\n\n\n\n<h3 class=\"wp-block-heading\">La r\u00e9gion 1 (R\u00e9gion Ornithologique Centre Ouest) accueillera du 15 au 17 mai le congr\u00e8s de l&#8217;UOF (COM France), \u00e0 l&#8217;h\u00f4tel Ibis de Ch\u00e2tellerault.<\/h3>\n\n\n\n<!--more-->\n\n\n\n<h2 class=\"wp-block-heading\">Programme :<\/h2>\n\n\n\n<h3 class=\"wp-block-heading\">Vendredi 15 mai<\/h3>\n\n\n\n<figure class=\"wp-block-table\"><table><thead><tr><th class=\"has-text-align-left\" data-align=\"left\"><strong>Salle de r\u00e9union<\/strong><\/th><th class=\"has-text-align-left\" data-align=\"left\"><strong>H\u00f4tel IBIS \u00e0 Ch\u00e2tellerault<\/strong><\/th><\/tr><\/thead><tbody><tr><td class=\"has-text-align-left\" data-align=\"left\"><em><strong>A partir de 11h<\/strong><\/em><\/td><td class=\"has-text-align-left\" data-align=\"left\"><strong><em>Accueil des Pr\u00e9sidents, D\u00e9l\u00e9gu\u00e9s et Membres du bureau UOF<\/em><\/strong><\/td><\/tr><tr><td class=\"has-text-align-left\" data-align=\"left\">12 h 00 \u2013 14 h 00<\/td><td class=\"has-text-align-left\" data-align=\"left\">D\u00e9jeuner<\/td><\/tr><tr><td class=\"has-text-align-left\" data-align=\"left\">14 h 30 \u2013 16 h 30<\/td><td class=\"has-text-align-left\" data-align=\"left\">R\u00e9union de travail \u2013 Bureau \/ Pr\u00e9sidents de R\u00e9gions<\/td><\/tr><tr><td class=\"has-text-align-left\" data-align=\"left\">16 h 30 \u2013 17 h 00<\/td><td class=\"has-text-align-left\" data-align=\"left\">Pause<\/td><\/tr><tr><td class=\"has-text-align-left\" data-align=\"left\">17 h 00 \u2013 18 h 00<\/td><td class=\"has-text-align-left\" data-align=\"left\">Suite R\u00e9union de travail \u2013 Bureau \/ Pr\u00e9sidents de R\u00e9gions<\/td><\/tr><tr><td class=\"has-text-align-left\" data-align=\"left\">19 h 00<\/td><td class=\"has-text-align-left\" data-align=\"left\">D\u00eener<\/td><\/tr><\/tbody><\/table><\/figure>\n\n\n\n<h3 class=\"wp-block-heading\">Samedi 16 mai<\/h3>\n\n\n\n<figure class=\"wp-block-table\"><table><thead><tr><th class=\"has-text-align-left\" data-align=\"left\"><strong>Salle de r\u00e9union<\/strong><\/th><th class=\"has-text-align-left\" data-align=\"left\"><strong>H\u00f4tel IBIS \u00e0 Ch\u00e2tellerault<\/strong><\/th><\/tr><\/thead><tbody><tr><td class=\"has-text-align-left\" data-align=\"left\"><\/td><td class=\"has-text-align-left\" data-align=\"left\"><strong><em>Congr\u00e8s ouvert \u00e0 tous les membres UOF<\/em><\/strong><\/td><\/tr><tr><td class=\"has-text-align-left\" data-align=\"left\">8 h 30 \u2013 9 h 00<\/td><td class=\"has-text-align-left\" data-align=\"left\">Accueil des congressistes<\/td><\/tr><tr><td class=\"has-text-align-left\" data-align=\"left\">9 h 00 \u2013 10 h 30<\/td><td class=\"has-text-align-left\" data-align=\"left\">Congr\u00e8s national \u2013 Partie Statutaire et conf\u00e9rences ornithologiques<\/td><\/tr><tr><td class=\"has-text-align-left\" data-align=\"left\">10 h 30 \u2013 11 h 00<\/td><td class=\"has-text-align-left\" data-align=\"left\">Pause<\/td><\/tr><tr><td class=\"has-text-align-left\" data-align=\"left\">11 h 00 \u2013 11 h 45<\/td><td class=\"has-text-align-left\" data-align=\"left\">Congr\u00e8s national \u2013 Partie Statutaire et conf\u00e9rences ornithologiques<\/td><\/tr><tr><td class=\"has-text-align-left\" data-align=\"left\">11 h 45 \u2013 14 h 15<\/td><td class=\"has-text-align-left\" data-align=\"left\">Ap\u00e9ritif et D\u00e9jeuner<\/td><\/tr><tr><td class=\"has-text-align-left\" data-align=\"left\">14 h 30 \u2013 16 h 00<\/td><td class=\"has-text-align-left\" data-align=\"left\">Congr\u00e8s national \u2013 Partie Statutaire et conf\u00e9rences ornithologiques<\/td><\/tr><tr><td class=\"has-text-align-left\" data-align=\"left\">16 h 00 \u2013 16 h 30<\/td><td class=\"has-text-align-left\" data-align=\"left\">Pause<\/td><\/tr><tr><td class=\"has-text-align-left\" data-align=\"left\">16 h 30 \u2013 18 h 00<\/td><td class=\"has-text-align-left\" data-align=\"left\">Congr\u00e8s national \u2013 Partie Statutaire et conf\u00e9rences ornithologiques<\/td><\/tr><tr><td class=\"has-text-align-left\" data-align=\"left\">19 h 30<\/td><td class=\"has-text-align-left\" data-align=\"left\">D\u00eener de cl\u00f4ture<\/td><\/tr><\/tbody><\/table><\/figure>\n\n\n\n<h3 class=\"wp-block-heading\">Dimanche 17 mai <\/h3>\n\n\n\n<figure class=\"wp-block-table\"><table><tbody><tr><td class=\"has-text-align-left\" data-align=\"left\"><\/td><td class=\"has-text-align-left\" data-align=\"left\"><strong><em>Matin\u00e9e conviviale<\/em><\/strong><\/td><\/tr><tr><td class=\"has-text-align-left\" data-align=\"left\">9 h 30 \u2013 12 h 00&nbsp;<\/td><td class=\"has-text-align-left\" data-align=\"left\">Sortie touristique<\/td><\/tr><tr><td class=\"has-text-align-left\" data-align=\"left\">12 h 00&nbsp;<\/td><td class=\"has-text-align-left\" data-align=\"left\">D\u00e9jeuner en commun<\/td><\/tr><\/tbody><\/table><\/figure>\n\n\n\n<h4 class=\"wp-block-heading\">Le D\u00e9roulement et l\u2019Ordre du jour du Congr\u00e8s National seront communiqu\u00e9s ult\u00e9rieurement.<\/h4>\n\n\n\n<blockquote class=\"wp-block-quote is-layout-flow wp-block-quote-is-layout-flow\">\n<p>Pour participer au congr\u00e8s, remplissez ce document. <strong>Date limite 25 avril<\/strong>.<\/p>\n\n\n\n<div class=\"wp-block-buttons is-content-justification-center is-layout-flex wp-container-core-buttons-is-layout-a89b3969 wp-block-buttons-is-layout-flex\">\n<div class=\"wp-block-button\"><a class=\"wp-block-button__link has-text-align-center wp-element-button\" href=\"https:\/\/www.ornithologies.fr\/blog\/wp-content\/uploads\/Invitation-Congres-2026.pdf\">Assister au congr\u00e8s<\/a><\/div>\n<\/div>\n<\/blockquote>\n\n\n\n<iframe src=\"https:\/\/www.google.com\/maps\/embed?pb=!1m18!1m12!1m3!1d2731.34044794228!2d0.5254567768823188!3d46.79759927112703!2m3!1f0!2f0!3f0!3m2!1i1024!2i768!4f13.1!3m3!1m2!1s0x47fda9b0fa5939bf%3A0x687d6f5292c9d1e1!2sHotel%20Ibis%20Ch%C3%A2tellerault!5e0!3m2!1sfr!2sfr!4v1773763529940!5m2!1sfr!2sfr\" width=\"100%\" height=\"450\" style=\"border:0;\" allowfullscreen=\"\" loading=\"lazy\" referrerpolicy=\"no-referrer-when-downgrade\"><\/iframe>\n\n\n\n<h2 class=\"wp-block-heading\">Pour tout renseignement compl\u00e9mentaire :<\/h2>\n\n\n\n<figure class=\"wp-block-table\"><table class=\"has-fixed-layout\"><tbody><tr><td><strong>Daniel Hans<\/strong><br><em>11, rue Heibel<\/em><br>86100 BREITENBACH<br>T\u00e9l. : 07 89 08 52 97<br><a href=\"mailto:president@ornithologies.fr\">president@ornithologies.fr<\/a><\/td><td><strong>Philippe Guellerin<\/strong><br><em>20, rue Descartes<\/em><br>86230 ST-GERVAIS LES 3 CLOCHERS<br>T\u00e9l. : 06 81 14 30 64<br><a href=\"mailto:tresorier@ornithologies.fr\">tresorier@ornithologies.fr<\/a><\/td><\/tr><\/tbody><\/table><\/figure>\n\n\n\n<p><\/p>\n","protected":false},"excerpt":{"rendered":"<p>La r\u00e9gion 1 (R\u00e9gion Ornithologique Centre Ouest) accueillera du 15 au 17 mai le congr\u00e8s de l&#8217;UOF (COM France), \u00e0<\/p>\n","protected":false},"author":1,"featured_media":6044,"comment_status":"open","ping_status":"open","sticky":false,"template":"","format":"standard","meta":{"footnotes":""},"categories":[440,50,12],"tags":[446,31,445],"class_list":["post-4771","post","type-post","status-publish","format-standard","has-post-thumbnail","hentry","category-440","category-actualites","category-congres","tag-chatellerault","tag-congres","tag-region-1"],"_links":{"self":[{"href":"https:\/\/www.ornithologies.fr\/blog\/wp-json\/wp\/v2\/posts\/4771","targetHints":{"allow":["GET"]}}],"collection":[{"href":"https:\/\/www.ornithologies.fr\/blog\/wp-json\/wp\/v2\/posts"}],"about":[{"href":"https:\/\/www.ornithologies.fr\/blog\/wp-json\/wp\/v2\/types\/post"}],"author":[{"embeddable":true,"href":"https:\/\/www.ornithologies.fr\/blog\/wp-json\/wp\/v2\/users\/1"}],"replies":[{"embeddable":true,"href":"https:\/\/www.ornithologies.fr\/blog\/wp-json\/wp\/v2\/comments?post=4771"}],"version-history":[{"count":27,"href":"https:\/\/www.ornithologies.fr\/blog\/wp-json\/wp\/v2\/posts\/4771\/revisions"}],"predecessor-version":[{"id":6088,"href":"https:\/\/www.ornithologies.fr\/blog\/wp-json\/wp\/v2\/posts\/4771\/revisions\/6088"}],"wp:featuredmedia":[{"embeddable":true,"href":"https:\/\/www.ornithologies.fr\/blog\/wp-json\/wp\/v2\/media\/6044"}],"wp:attachment":[{"href":"https:\/\/www.ornithologies.fr\/blog\/wp-json\/wp\/v2\/media?parent=4771"}],"wp:term":[{"taxonomy":"category","embeddable":true,"href":"https:\/\/www.ornithologies.fr\/blog\/wp-json\/wp\/v2\/categories?post=4771"},{"taxonomy":"post_tag","embeddable":true,"href":"https:\/\/www.ornithologies.fr\/blog\/wp-json\/wp\/v2\/tags?post=4771"}],"curies":[{"name":"wp","href":"https:\/\/api.w.org\/{rel}","templated":true}]}}