{"id":3121,"date":"2022-03-28T12:01:24","date_gmt":"2022-03-28T10:01:24","guid":{"rendered":"http:\/\/www.ornithologies.fr\/blog\/?p=3121"},"modified":"2022-04-19T14:49:52","modified_gmt":"2022-04-19T12:49:52","slug":"de-nouveaux-standards-a-telecharger","status":"publish","type":"post","link":"https:\/\/www.ornithologies.fr\/blog\/blog\/de-nouveaux-standards-a-telecharger\/","title":{"rendered":"De nouveaux standards num\u00e9riques"},"content":{"rendered":"\n<div class=\"wp-block-image\"><figure class=\"alignleft size-large is-resized\"><a href=\"http:\/\/cnjf.org\/standardcouleurs\/couleurs.html\" target=\"_blank\" rel=\"noopener noreferrer\"><img loading=\"lazy\" decoding=\"async\" src=\"https:\/\/www.ornithologies.fr\/blog\/wp-content\/uploads\/Standard-canaris-de-couleur.png\" alt=\"\" class=\"wp-image-3123\" width=\"250\" height=\"324\"\/><\/a><\/figure><\/div>\n\n\n\n<h2 class=\"wp-block-heading\">Canaris de couleur<\/h2>\n\n\n\n<h3 class=\"wp-block-heading\">La CNJF vient de finaliser la version 2022 des standards des canaris couleurs avec actualisation des textes et ajout d&#8217;une cinquantaine de nouvelles photos.<\/h3>\n\n\n\n<p>Cet e-book est mis gracieusement \u00e0 la disposition de tous les amateurs fran\u00e7ais de canaris couleurs m\u00eame s&#8217;ils n&#8217;appartiennent pas \u00e0 notre f\u00e9d\u00e9ration UOF. Merci aux juges fran\u00e7ais de la CNJF qui se sont investis dans ce travail titanesque et merci \u00e0 tous ceux qui ont fourni les nouvelles photographies <em>(France, Italie, Espagne)<\/em>. Document \u00e0 feuilleter en entier pour savourer tous ces \u00e9l\u00e9ments pr\u00e9cieux.<\/p>\n\n\n\n<div class=\"wp-block-buttons aligncenter is-layout-flex wp-block-buttons-is-layout-flex\">\n<div class=\"wp-block-button\"><a class=\"wp-block-button__link\" href=\"http:\/\/cnjf.org\/standardcouleurs\/couleurs.html\" target=\"_blank\" rel=\"noreferrer noopener\">Standards des Canaris de couleur<\/a><\/div>\n<\/div>\n\n\n\n<h4 class=\"wp-block-heading\">Prenez votre temps, il y a plus de 400 pages.<\/h4>\n\n\n\n<hr class=\"wp-block-separator\"\/>\n\n\n\n<div class=\"wp-block-image\"><figure class=\"alignleft size-large is-resized\"><a href=\"https:\/\/www.ornithologies.fr\/html\/telecharger\/pdf\/standards\/tarindesaulnes.pdf\" target=\"_blank\" rel=\"noopener noreferrer\"><img loading=\"lazy\" decoding=\"async\" src=\"https:\/\/www.ornithologies.fr\/blog\/wp-content\/uploads\/Standard-Tarin-des-aulnes.png\" alt=\"\" class=\"wp-image-3126\" width=\"250\" height=\"324\" srcset=\"https:\/\/www.ornithologies.fr\/blog\/wp-content\/uploads\/Standard-Tarin-des-aulnes.png 500w, https:\/\/www.ornithologies.fr\/blog\/wp-content\/uploads\/Standard-Tarin-des-aulnes-232x300.png 232w, https:\/\/www.ornithologies.fr\/blog\/wp-content\/uploads\/Standard-Tarin-des-aulnes-116x150.png 116w\" sizes=\"auto, (max-width: 250px) 100vw, 250px\" \/><\/a><\/figure><\/div>\n\n\n\n<h2 class=\"wp-block-heading\">Le Tarin des aulnes<\/h2>\n\n\n\n<h3 class=\"wp-block-heading\">La section indig\u00e8nes de la CNJF n&#8217;est pas en reste, puisqu&#8217;elle entreprend la mise \u00e0 jour de ses standards en reprenant les standards COM-OMJ de 2014.<\/h3>\n\n\n\n<p>Le premier \u00e0 en b\u00e9n\u00e9ficier est le Tarin des aulnes <em>(Carduelis spinus)<\/em>, ainsi que ses mutations.<\/p>\n\n\n\n<div class=\"wp-block-buttons aligncenter is-layout-flex wp-block-buttons-is-layout-flex\">\n<div class=\"wp-block-button\"><a class=\"wp-block-button__link\" href=\"https:\/\/www.ornithologies.fr\/html\/telecharger\/pdf\/standards\/tarindesaulnes.pdf\">Standards du Tarin des aulnes<\/a><\/div>\n<\/div>\n\n\n\n<hr class=\"wp-block-separator\"\/>\n\n\n\n<div class=\"wp-block-image\"><figure class=\"alignleft size-large is-resized\"><a href=\"http:\/\/cnjf.org\/standards\/standardsexos\/estrildides.html\" target=\"_blank\" rel=\"noopener noreferrer\"><img loading=\"lazy\" decoding=\"async\" src=\"https:\/\/www.ornithologies.fr\/blog\/wp-content\/uploads\/Standard-Estrildides.png\" alt=\"\" class=\"wp-image-3157\" width=\"250\" height=\"324\" srcset=\"https:\/\/www.ornithologies.fr\/blog\/wp-content\/uploads\/Standard-Estrildides.png 500w, https:\/\/www.ornithologies.fr\/blog\/wp-content\/uploads\/Standard-Estrildides-232x300.png 232w, https:\/\/www.ornithologies.fr\/blog\/wp-content\/uploads\/Standard-Estrildides-116x150.png 116w\" sizes=\"auto, (max-width: 250px) 100vw, 250px\" \/><\/a><\/figure><\/div>\n\n\n\n<h2 class=\"wp-block-heading\">Les Estrildid\u00e9s<\/h2>\n\n\n\n<h3 class=\"wp-block-heading\">Du c\u00f4t\u00e9 des Exotiques \u00e0 bec droit, les standards ont aussi \u00e9t\u00e9 mis \u00e0 jour.<\/h3>\n\n\n\n<p>Plus de 800 standards sont d\u00e9crits dans ce tout nouvel ebook \u00e0 consulter. Un travail consid\u00e9rable. Merci \u00e0 tous ceux qui y ont contribu\u00e9 ne m\u00e9nageant pas leur temps. Merci \u00e0 la CNJF de sa grande implication.<\/p>\n\n\n\n<div class=\"wp-block-buttons aligncenter is-layout-flex wp-block-buttons-is-layout-flex\">\n<div class=\"wp-block-button\"><a class=\"wp-block-button__link\" href=\"http:\/\/cnjf.org\/standards\/standardsexos\/estrildides.html\" target=\"_blank\" rel=\"noreferrer noopener\">Standards des Estrildid\u00e9s<\/a><\/div>\n<\/div>\n\n\n\n<div class=\"wp-block-image\"><figure class=\"aligncenter size-large is-resized\"><img loading=\"lazy\" decoding=\"async\" src=\"https:\/\/www.ornithologies.fr\/blog\/wp-content\/uploads\/LogoCNJF-1.png\" alt=\"\" class=\"wp-image-3059\" width=\"219\" height=\"141\" srcset=\"https:\/\/www.ornithologies.fr\/blog\/wp-content\/uploads\/LogoCNJF-1.png 438w, https:\/\/www.ornithologies.fr\/blog\/wp-content\/uploads\/LogoCNJF-1-300x193.png 300w, https:\/\/www.ornithologies.fr\/blog\/wp-content\/uploads\/LogoCNJF-1-150x97.png 150w\" sizes=\"auto, (max-width: 219px) 100vw, 219px\" \/><figcaption><a href=\"http:\/\/www.cnjf.org\" data-type=\"URL\" data-id=\"http:\/\/www.cnjf.org\" target=\"_blank\" rel=\"noreferrer noopener\">http:\/\/www.cnjf.org<\/a><\/figcaption><\/figure><\/div>\n","protected":false},"excerpt":{"rendered":"<p>Il y a des mises \u00e0 jour dans l&#8217;air. Les  versions 2022 des standards des Canaris de couleur, du Tarin des aulnes et des Estrildid\u00e9s sont \u00e0 d\u00e9couvrir.<\/p>\n","protected":false},"author":1,"featured_media":3159,"comment_status":"closed","ping_status":"open","sticky":false,"template":"","format":"standard","meta":{"footnotes":""},"categories":[253,50,264,97],"tags":[275,102,106,105,278,277,103,101,104,276],"class_list":["post-3121","post","type-post","status-publish","format-standard","has-post-thumbnail","hentry","category-253","category-actualites","category-cnjf","category-standards","tag-canari","tag-cnjf","tag-couleurs","tag-dessins","tag-estrildides","tag-exotiques","tag-omj","tag-standard","tag-structure","tag-tarin-des-aulnes"],"_links":{"self":[{"href":"https:\/\/www.ornithologies.fr\/blog\/wp-json\/wp\/v2\/posts\/3121","targetHints":{"allow":["GET"]}}],"collection":[{"href":"https:\/\/www.ornithologies.fr\/blog\/wp-json\/wp\/v2\/posts"}],"about":[{"href":"https:\/\/www.ornithologies.fr\/blog\/wp-json\/wp\/v2\/types\/post"}],"author":[{"embeddable":true,"href":"https:\/\/www.ornithologies.fr\/blog\/wp-json\/wp\/v2\/users\/1"}],"replies":[{"embeddable":true,"href":"https:\/\/www.ornithologies.fr\/blog\/wp-json\/wp\/v2\/comments?post=3121"}],"version-history":[{"count":0,"href":"https:\/\/www.ornithologies.fr\/blog\/wp-json\/wp\/v2\/posts\/3121\/revisions"}],"wp:featuredmedia":[{"embeddable":true,"href":"https:\/\/www.ornithologies.fr\/blog\/wp-json\/wp\/v2\/media\/3159"}],"wp:attachment":[{"href":"https:\/\/www.ornithologies.fr\/blog\/wp-json\/wp\/v2\/media?parent=3121"}],"wp:term":[{"taxonomy":"category","embeddable":true,"href":"https:\/\/www.ornithologies.fr\/blog\/wp-json\/wp\/v2\/categories?post=3121"},{"taxonomy":"post_tag","embeddable":true,"href":"https:\/\/www.ornithologies.fr\/blog\/wp-json\/wp\/v2\/tags?post=3121"}],"curies":[{"name":"wp","href":"https:\/\/api.w.org\/{rel}","templated":true}]}}