{"id":2565,"date":"2022-01-06T15:30:48","date_gmt":"2022-01-06T14:30:48","guid":{"rendered":"http:\/\/www.ornithologies.fr\/blog\/?p=2565"},"modified":"2022-01-31T20:04:28","modified_gmt":"2022-01-31T19:04:28","slug":"modification-du-reglement-338-97","status":"publish","type":"post","link":"https:\/\/www.ornithologies.fr\/blog\/blog\/modification-du-reglement-338-97\/","title":{"rendered":"Modification du r\u00e8glement 338\/97 (CITES)"},"content":{"rendered":"\n<div class=\"wp-block-image\"><figure class=\"aligncenter size-large\"><img loading=\"lazy\" decoding=\"async\" width=\"1024\" height=\"683\" src=\"https:\/\/www.ornithologies.fr\/blog\/wp-content\/uploads\/Commission-Europeenne-1024x683.jpg\" alt=\"\" class=\"wp-image-2971\" srcset=\"https:\/\/www.ornithologies.fr\/blog\/wp-content\/uploads\/Commission-Europeenne-1024x683.jpg 1024w, https:\/\/www.ornithologies.fr\/blog\/wp-content\/uploads\/Commission-Europeenne-300x200.jpg 300w, https:\/\/www.ornithologies.fr\/blog\/wp-content\/uploads\/Commission-Europeenne-150x100.jpg 150w, https:\/\/www.ornithologies.fr\/blog\/wp-content\/uploads\/Commission-Europeenne-768x512.jpg 768w, https:\/\/www.ornithologies.fr\/blog\/wp-content\/uploads\/Commission-Europeenne-600x400.jpg 600w, https:\/\/www.ornithologies.fr\/blog\/wp-content\/uploads\/Commission-Europeenne.jpg 1280w\" sizes=\"auto, (max-width: 1024px) 100vw, 1024px\" \/><figcaption>La Commission Europ\u00e9enne<\/figcaption><\/figure><\/div>\n\n\n\n<h3 class=\"wp-block-heading\">Le 16 d\u00e9cembre 2021, le r\u00e8glement (UE) 2021\/2280 de la Commission a modifi\u00e9 le r\u00e8glement (CE) n\u00b0 338\/97 relatif \u00e0 la protection des esp\u00e8ces de faune et de flore sauvages par le contr\u00f4le de leur commerce et le r\u00e8glement (CE) n\u00b0 865\/2006 de la Commission portant modalit\u00e9 d&#8217;application du r\u00e8glement (CE) n\u00b0 338\/97 du Conseil.<\/h3>\n\n\n\n<div class=\"wp-block-image\"><figure class=\"alignright size-large is-resized\"><img loading=\"lazy\" decoding=\"async\" src=\"https:\/\/www.ornithologies.fr\/blog\/wp-content\/uploads\/Logo-reglementation.jpg\" alt=\"\" class=\"wp-image-2371\" width=\"256\" height=\"142\" srcset=\"https:\/\/www.ornithologies.fr\/blog\/wp-content\/uploads\/Logo-reglementation.jpg 1024w, https:\/\/www.ornithologies.fr\/blog\/wp-content\/uploads\/Logo-reglementation-300x166.jpg 300w, https:\/\/www.ornithologies.fr\/blog\/wp-content\/uploads\/Logo-reglementation-150x83.jpg 150w, https:\/\/www.ornithologies.fr\/blog\/wp-content\/uploads\/Logo-reglementation-768x425.jpg 768w, https:\/\/www.ornithologies.fr\/blog\/wp-content\/uploads\/Logo-reglementation-600x332.jpg 600w, https:\/\/www.ornithologies.fr\/blog\/wp-content\/uploads\/Logo-reglementation-800x445.jpg 800w\" sizes=\"auto, (max-width: 256px) 100vw, 256px\" \/><\/figure><\/div>\n\n\n\n<h4 class=\"wp-block-heading\">Parmi les modifications nous concernant :<\/h4>\n\n\n\n<p>La premi\u00e8re concerne certains fringillid\u00e9s ainsi que d&#8217;autres&nbsp;familles&nbsp;d&#8217;oiseaux&nbsp;prot\u00e9g\u00e9s sur le territoire national <em>(arr\u00eat\u00e9 du 29 octobre 2009)<\/em> qui sont d\u00e9sormais repris&nbsp;en annexe III de la Convention de Washington <em>(pour les populations de l&#8217;Ukraine)<\/em>. Cette situation nouvelle&nbsp;n&#8217;entrainera pas de changement notable au niveau de leur d\u00e9tention puisque ces esp\u00e8ces sont soit soumises \u00e0 d\u00e9claration de d\u00e9tention <em>(jusqu&#8217;\u00e0 6 sp\u00e9cimens)<\/em>, ou \u00e0&nbsp;Certificat de capacit\u00e9 et ouverture d&#8217;\u00e9tablissement d\u00e8s le 7<sup>i\u00e8me<\/sup> sp\u00e9cimen, le marquage obligatoire ainsi que l&#8217;enregistrement sur le fichier national I-fap restant une obligation dans les deux cas.&nbsp;<\/p>\n\n\n\n<p>La seconde concerne l&#8217;annexe D qui est constitu\u00e9e d&#8217;esp\u00e8ces qui ne sont pas inscrites \u00e0 la CITES mais pour lesquelles l&#8217;UE consid\u00e8re que les volumes d&#8217;importation justifient une surveillance. L&#8217;arr\u00eat des importations d&#8217;oiseaux de pays tiers \u00e9tant act\u00e9e depuis des ann\u00e9es, cette surveillance&nbsp;n&#8217;a&nbsp;plus de raison d&#8217;\u00eatre pour les esp\u00e8ces concern\u00e9es.<\/p>\n\n\n\n<p>Toutefois, \u00e0 l&#8217;avenir, \u00e0 l&#8217;occasion de d\u00e9placements pour des championnats internationaux se d\u00e9roulant dans des pays tiers,&nbsp;ces esp\u00e8ces requerront des certificats CITES d&#8217;import\/export.<\/p>\n\n\n\n<p>Les esp\u00e8ces list\u00e9es ci-dessous sont donc retir\u00e9es de l&#8217;annexe D et ne sont&nbsp;plus d\u00e9sormais&nbsp;soumises \u00e0 marquage obligatoire et enregistrement sur le fichier national I-fap, toutefois, l&#8217;obligation de marquage et d&#8217;enregistrement demeurent pour les esp\u00e8ces fran\u00e7aises d&#8217;outre-mer comme par exemple le Hocco alector (Guyane).<\/p>\n\n\n\n<h3 class=\"wp-block-heading\">Esp\u00e8ces d\u00e9sormais exclues de l&#8217;annexe D du r\u00e8glement (CE) 338\/97 au 1er janvier 2022 :<\/h3>\n\n\n\n<h4 class=\"wp-block-heading\">Colombid\u00e9s :<\/h4>\n\n\n\n<p> <em>Columba oenops<\/em> (Pigeon du P\u00e9rou), <em>Didunculus strigirostris<\/em> (Diduncule strigirostre \u00e9galement appel\u00e9 manum\u00e9a),&nbsp;<em>Ducula pickeringii <\/em>(Carpophage de Pickering), <em>Gallicolumba crinigera<\/em> (Gallicolombe de Bartlett), <em>Ptilinopus marchei<\/em> (Ptilope de Marche), <em>Turacoena modesta<\/em> (Phasianelle modeste)<\/p>\n\n\n\n<h4 class=\"wp-block-heading\">Galliformes : <\/h4>\n\n\n\n<p>Hoccos et P\u00e9n\u00e9lopes (Cracid\u00e9s) : <em>Crax alector<\/em> (Hocco alector), <em>Pauxi unicornis<\/em> (Hocco unicorne), <em>Penelope pileata<\/em> (P\u00e9n\u00e9lope \u00e0 poitrine rousse)<\/p>\n\n\n\n<h4 class=\"wp-block-heading\">M\u00e9gapoiid\u00e9s :<\/h4>\n\n\n\n<p> <em>Eulipoa wallacei<\/em> (M\u00e9gapode de Wallace)<\/p>\n\n\n\n<h4 class=\"wp-block-heading\">Torqueoles <strong>:<\/strong><\/h4>\n\n\n\n<p> <em>Arborophila gingica<\/em> (Torqu\u00e9ole de Sonnerat &#8211; Gingi)<\/p>\n\n\n\n<h4 class=\"wp-block-heading\">Phasianid\u00e9s <strong>:<\/strong><\/h4>\n\n\n\n<p><strong> <\/strong><em>Lophura bulweri<\/em> (Faisan de Bulwer), <em>Lophura diardi<\/em> (Faisan pr\u00e9lat), <em>Lophura inornata<\/em> (Faisan de Salvadori)<\/p>\n\n\n\n<h4 class=\"wp-block-heading\">Pass\u00e9riformes <strong>:<\/strong> <\/h4>\n\n\n\n<p><em>Bombycilla japonica<\/em> (Jaseur du Japon), <em>Cyanocorax caeruleus<\/em> (Geai azur\u00e9), <em>Cyanocorax dickeyi<\/em> (Geai panach\u00e9), <em>Procnias nudicollis <\/em>(Araponga \u00e0 gorge nue), <em>Dacnis nigripes<\/em> (Dacnis \u00e0 pattes noires), <em>Sporophila falcirostris<\/em> (Sporophile de Temminck), <em>Sporophila frontalis<\/em> (&nbsp;Sporophile \u00e0 front blanc), <em>Sporophila hypochroma<\/em> (Sporophile \u00e0 croupion roux), <em>Sporophila palustris<\/em> (Sporophile des marais) , <em>Amandava amandava<\/em> (Bengali rouge), <em>Cryptospiza reichenovii<\/em> (S\u00e9n\u00e9gali de Reichenow), <em>Erythrura coloria <\/em>(Diamant de Mindanao), <em>Erythrura viridifacies<\/em> (Diamant de Lu\u00e7on), <em>Estrilda quartinia<\/em> (Astrild \u00e0 ventre jaune souvent commercialis\u00e9e en tant qu\u2019<em>Estrilda melanotis<\/em>), <em>Hypargos niveoguttatus<\/em> (S\u00e9n\u00e9gali enflamm\u00e9 ou Amarante enflamm\u00e9e), <em>Lonchura griseicapilla<\/em> (Capucin \u00e0 t\u00eate grise), <em>Lonchura punctulata<\/em> (Capucin damier), <em>Lonchura stygia <\/em>(Capucin noir), <em>Carduelis ambigua<\/em> (Verdier d&#8217;Oustalet &#8211; Verdier \u00e0 t\u00eate noire), <em>Carduelis atrata <\/em>(Chardonneret noir &#8211; Tarin noir),<em> Kozlowia roborowskii<\/em> (Roselin de Roborowski),<em> Pyrrhula erythaca <\/em>(Bouvreuil \u00e0 t\u00eate grise), <em>Serinus canicollis<\/em> (Serin du Cap), <em>Serinus citrinelloides hypostictus<\/em> (Serin d&#8217;Abyssinie souvent commercialis\u00e9e en tant que <em>Serinus citrinelloides<\/em>), <em>Sturnella militaris<\/em> (Sturnelle militaire),<em> Cochoa azurea<\/em> (Cochoa azur\u00e9), <em>Cochoa purpurea<\/em> (Cochoa pourpr\u00e9), <em>Garrulax formosus<\/em> (Garrulaxe&nbsp;\u00e9l\u00e9gant), <em>Garrulax galbanus<\/em> (Garrulaxe \u00e0 gorge jaune), <em>Garrulax milnei<\/em> (Garrulaxe \u00e0 queue rouge), <em>Niltava davidi <\/em>(Gobemouche de David), <em>Stachyris whiteheadi<\/em> (Babbler \u00e0 face marron), <em>Swynnertonia swynnertoni<\/em>&nbsp;(Rougegorge de Swynnerton \u00e9galement appel\u00e9e <em>Pogonicichla swynnertoni<\/em>), <em>Turdus dissimilis<\/em> (Merle \u00e0 poitrine noire), <em>Pitta nipalensis<\/em> (&nbsp;Br\u00e8ve \u00e0 nuque bleue), <em>Pitta steerii<\/em> (Br\u00e8ve de Steere), <em>Sitta magna<\/em> (Sittelle g\u00e9ante), <em>Sitta yunnanensis <\/em>(Sittelle du Yunnan),&nbsp; <em>Lamprotornis regius<\/em> (Choucador royal), <em>Mino dumontii<\/em> (Mino de Dumont) et <em>Sturnus erythropygius<\/em> (\u00c9tourneau \u00e0 t\u00eate blanche). <\/p>\n\n\n\n<p>Nous restons \u00e0 votre disposition si besoin pour tout compl\u00e9ment d&#8217;information.<\/p>\n\n\n\n<p><a rel=\"noreferrer noopener\" href=\"https:\/\/eur-lex.europa.eu\/legal-content\/FR\/TXT\/HTML\/?uri=CELEX:32021R2280&amp;qid=1643638196766&amp;from=fr\" target=\"_blank\">Consulter le texte modifi\u00e9<\/a><\/p>\n","protected":false},"excerpt":{"rendered":"<p>Le 16 d\u00e9cembre 2021, le r\u00e8glement (UE) 2021\/2280 de la Commission a modifi\u00e9 le r\u00e8glement (CE) n\u00b0 338\/97 relatif \u00e0<\/p>\n","protected":false},"author":1,"featured_media":2371,"comment_status":"closed","ping_status":"open","sticky":false,"template":"","format":"standard","meta":{"footnotes":""},"categories":[253,51],"tags":[254,255,52,214,55],"class_list":["post-2565","post","type-post","status-publish","format-standard","has-post-thumbnail","hentry","category-253","category-reglementation","tag-254","tag-cites","tag-i-fap","tag-liste-des-especes","tag-reglementation"],"_links":{"self":[{"href":"https:\/\/www.ornithologies.fr\/blog\/wp-json\/wp\/v2\/posts\/2565","targetHints":{"allow":["GET"]}}],"collection":[{"href":"https:\/\/www.ornithologies.fr\/blog\/wp-json\/wp\/v2\/posts"}],"about":[{"href":"https:\/\/www.ornithologies.fr\/blog\/wp-json\/wp\/v2\/types\/post"}],"author":[{"embeddable":true,"href":"https:\/\/www.ornithologies.fr\/blog\/wp-json\/wp\/v2\/users\/1"}],"replies":[{"embeddable":true,"href":"https:\/\/www.ornithologies.fr\/blog\/wp-json\/wp\/v2\/comments?post=2565"}],"version-history":[{"count":0,"href":"https:\/\/www.ornithologies.fr\/blog\/wp-json\/wp\/v2\/posts\/2565\/revisions"}],"wp:featuredmedia":[{"embeddable":true,"href":"https:\/\/www.ornithologies.fr\/blog\/wp-json\/wp\/v2\/media\/2371"}],"wp:attachment":[{"href":"https:\/\/www.ornithologies.fr\/blog\/wp-json\/wp\/v2\/media?parent=2565"}],"wp:term":[{"taxonomy":"category","embeddable":true,"href":"https:\/\/www.ornithologies.fr\/blog\/wp-json\/wp\/v2\/categories?post=2565"},{"taxonomy":"post_tag","embeddable":true,"href":"https:\/\/www.ornithologies.fr\/blog\/wp-json\/wp\/v2\/tags?post=2565"}],"curies":[{"name":"wp","href":"https:\/\/api.w.org\/{rel}","templated":true}]}}