{"id":2086,"date":"2020-12-16T12:01:17","date_gmt":"2020-12-16T11:01:17","guid":{"rendered":"http:\/\/www.ornithologies.fr\/blog\/?p=2086"},"modified":"2021-01-21T15:37:40","modified_gmt":"2021-01-21T14:37:40","slug":"5-nouvelles-especes-en-passe-detre-classees-invasives","status":"publish","type":"post","link":"https:\/\/www.ornithologies.fr\/blog\/blog\/5-nouvelles-especes-en-passe-detre-classees-invasives\/","title":{"rendered":"5 nouvelles esp\u00e8ces en passe d&#8217;\u00eatre class\u00e9es invasives"},"content":{"rendered":"\n<div class=\"wp-block-image\"><figure class=\"alignleft size-large is-resized\"><img loading=\"lazy\" decoding=\"async\" src=\"https:\/\/www.ornithologies.fr\/blog\/wp-content\/uploads\/Inseparable-de-Fischer-turquoise-Commissions-photos-853x1024.jpg\" alt=\"\" class=\"wp-image-2096\" width=\"427\" height=\"512\" srcset=\"https:\/\/www.ornithologies.fr\/blog\/wp-content\/uploads\/Inseparable-de-Fischer-turquoise-Commissions-photos-853x1024.jpg 853w, https:\/\/www.ornithologies.fr\/blog\/wp-content\/uploads\/Inseparable-de-Fischer-turquoise-Commissions-photos-250x300.jpg 250w, https:\/\/www.ornithologies.fr\/blog\/wp-content\/uploads\/Inseparable-de-Fischer-turquoise-Commissions-photos-125x150.jpg 125w, https:\/\/www.ornithologies.fr\/blog\/wp-content\/uploads\/Inseparable-de-Fischer-turquoise-Commissions-photos-768x922.jpg 768w, https:\/\/www.ornithologies.fr\/blog\/wp-content\/uploads\/Inseparable-de-Fischer-turquoise-Commissions-photos-600x720.jpg 600w, https:\/\/www.ornithologies.fr\/blog\/wp-content\/uploads\/Inseparable-de-Fischer-turquoise-Commissions-photos.jpg 1024w\" sizes=\"auto, (max-width: 427px) 100vw, 427px\" \/><figcaption>Cet Ins\u00e9parable de Fisher pourrait bien \u00eatre l&#8217;objet de contraintes particuli\u00e8res en mati\u00e8re de d\u00e9tention\n[\u00a9 Christian Chalendar &#8211; El. C\u00e9dric BUB &#8211; Palavas 2019]<\/figcaption><\/figure><\/div>\n\n\n\n<p>Le 5 novembre dernier, les r\u00e9gions UOF (COM France) ont \u00e9t\u00e9 averties que le Minist\u00e8re de l&#8217;\u00e9cologie \u00e9tait sur un projet d&#8217;extension de la liste des esp\u00e8ces invasives au niveau du territoire m\u00e9tropolitain.<\/p>\n\n\n\n<h4 class=\"wp-block-heading\">Dans ce projet, le minist\u00e8re d\u00e9sire notamment ajouter \u00e0 la Perruche \u00e0 collier, les Ins\u00e9parables rosegorge, de Fischer et masqu\u00e9 ainsi que la Conure moine et le L\u00e9iothrix jaune.<\/h4>\n\n\n\n<p>Nous craignons que les cons\u00e9quences soient importantes et disproportionn\u00e9es sur nos \u00e9levages. C&#8217;est pourquoi nous avons manifest\u00e9&nbsp; notre opposition \u00e0 ce projet. De plus, nous avons d\u00e9montr\u00e9 par \u00e9tude pr\u00e9liminaire que toutes ces esp\u00e8ces n&#8217;avaient pas forc\u00e9ment d&#8217;impacts n\u00e9gatifs sur la faune locale.<\/p>\n\n\n\n<h3 class=\"wp-block-heading\">Dans quelques temps une consultation publique sera lanc\u00e9e sur 3 semaines. Il faudra absolument que nos adh\u00e9rents r\u00e9agissent et fassent part de leur d\u00e9sapprobation. D\u00e8s que nous aurons l&#8217;information du lien de consultation, nous vous la retransmettrons.<\/h3>\n\n\n\n<div class=\"wp-block-buttons is-layout-flex wp-block-buttons-is-layout-flex\">\n<div class=\"wp-block-button\"><a class=\"wp-block-button__link\" href=\"https:\/\/www.ornithologies.fr\/blog\/wp-content\/uploads\/Avis-sur-le-projet-de-modification-de-la-liste-des-especes-invasives.pdf\">Consulter l&#8217;avis de l&#8217;UOF<\/a><\/div>\n<\/div>\n\n\n\n<p>Pour le moment, nous vous invitons \u00e0 prendre connaissance de l&#8217;avis de l&#8217;UOF (COM France) sur cette proposition de classement en liste invasive des 5 nouvelles esp\u00e8ces d&#8217;oiseaux.<\/p>\n\n\n","protected":false},"excerpt":{"rendered":"<p>Le 5 novembre dernier, les r\u00e9gions UOF (COM France) ont \u00e9t\u00e9 averties que le Minist\u00e8re de l&#8217;\u00e9cologie \u00e9tait sur un projet d&#8217;extension de la liste des esp\u00e8ces invasives au niveau du territoire m\u00e9tropolitain.<\/p>\n","protected":false},"author":1,"featured_media":2096,"comment_status":"closed","ping_status":"open","sticky":false,"template":"","format":"standard","meta":{"footnotes":""},"categories":[119,50,51],"tags":[158,168,165,163,159,167,166,164],"class_list":["post-2086","post","type-post","status-publish","format-standard","has-post-thumbnail","hentry","category-119","category-actualites","category-reglementation","tag-agapornis","tag-consultation","tag-conure-moine","tag-fischer","tag-inseparable","tag-invasif","tag-leiothrix-jaune","tag-perruche-a-collier"],"_links":{"self":[{"href":"https:\/\/www.ornithologies.fr\/blog\/wp-json\/wp\/v2\/posts\/2086","targetHints":{"allow":["GET"]}}],"collection":[{"href":"https:\/\/www.ornithologies.fr\/blog\/wp-json\/wp\/v2\/posts"}],"about":[{"href":"https:\/\/www.ornithologies.fr\/blog\/wp-json\/wp\/v2\/types\/post"}],"author":[{"embeddable":true,"href":"https:\/\/www.ornithologies.fr\/blog\/wp-json\/wp\/v2\/users\/1"}],"replies":[{"embeddable":true,"href":"https:\/\/www.ornithologies.fr\/blog\/wp-json\/wp\/v2\/comments?post=2086"}],"version-history":[{"count":0,"href":"https:\/\/www.ornithologies.fr\/blog\/wp-json\/wp\/v2\/posts\/2086\/revisions"}],"wp:featuredmedia":[{"embeddable":true,"href":"https:\/\/www.ornithologies.fr\/blog\/wp-json\/wp\/v2\/media\/2096"}],"wp:attachment":[{"href":"https:\/\/www.ornithologies.fr\/blog\/wp-json\/wp\/v2\/media?parent=2086"}],"wp:term":[{"taxonomy":"category","embeddable":true,"href":"https:\/\/www.ornithologies.fr\/blog\/wp-json\/wp\/v2\/categories?post=2086"},{"taxonomy":"post_tag","embeddable":true,"href":"https:\/\/www.ornithologies.fr\/blog\/wp-json\/wp\/v2\/tags?post=2086"}],"curies":[{"name":"wp","href":"https:\/\/api.w.org\/{rel}","templated":true}]}}