{"id":1809,"date":"2020-11-09T14:44:46","date_gmt":"2020-11-09T13:44:46","guid":{"rendered":"http:\/\/www.ornithologies.fr\/blog\/?p=1809"},"modified":"2020-12-15T11:19:01","modified_gmt":"2020-12-15T10:19:01","slug":"la-com-realise-la-journee-de-leleveur-doiseau","status":"publish","type":"post","link":"https:\/\/www.ornithologies.fr\/blog\/blog\/la-com-realise-la-journee-de-leleveur-doiseau\/","title":{"rendered":"La COM r\u00e9alise la journ\u00e9e de l&#8217;\u00e9leveur d&#8217;oiseau"},"content":{"rendered":"<h2>Une date \u00e0 noter dans nos agendas<\/h2>\n<h3>Il y a 64 ans, le 10 novembre naissait la Conf\u00e9d\u00e9ration Ornithologique Mondiale. Inspir\u00e9e par la Conf\u00e9d\u00e9ration Ornithologique Argentine, la COM baptise officiellement ce jour anniversaire \u00ab Journ\u00e9e Internationale de l\u2019\u00c9leveur d&#8217;Oiseaux \u00bb. Ce jour exceptionnel est d\u00e9sormais l&#8217;occasion de distinguer mondialement un \u00e9leveur ou une entit\u00e9 ornithologique.<\/h3>\n<p><img loading=\"lazy\" decoding=\"async\" class=\"alignleft wp-image-1807 size-medium\" src=\"https:\/\/www.ornithologies.fr\/blog\/wp-content\/uploads\/Grand-Prix-dHonneur-de-la-COM-225x300.jpg\" alt=\"\" width=\"225\" height=\"300\" srcset=\"https:\/\/www.ornithologies.fr\/blog\/wp-content\/uploads\/Grand-Prix-dHonneur-de-la-COM-225x300.jpg 225w, https:\/\/www.ornithologies.fr\/blog\/wp-content\/uploads\/Grand-Prix-dHonneur-de-la-COM-600x800.jpg 600w, https:\/\/www.ornithologies.fr\/blog\/wp-content\/uploads\/Grand-Prix-dHonneur-de-la-COM-100x133.jpg 100w, https:\/\/www.ornithologies.fr\/blog\/wp-content\/uploads\/Grand-Prix-dHonneur-de-la-COM-150x200.jpg 150w, https:\/\/www.ornithologies.fr\/blog\/wp-content\/uploads\/Grand-Prix-dHonneur-de-la-COM-200x267.jpg 200w, https:\/\/www.ornithologies.fr\/blog\/wp-content\/uploads\/Grand-Prix-dHonneur-de-la-COM-300x400.jpg 300w, https:\/\/www.ornithologies.fr\/blog\/wp-content\/uploads\/Grand-Prix-dHonneur-de-la-COM-450x600.jpg 450w, https:\/\/www.ornithologies.fr\/blog\/wp-content\/uploads\/Grand-Prix-dHonneur-de-la-COM.jpg 625w\" sizes=\"auto, (max-width: 225px) 100vw, 225px\" \/><\/p>\n<h1>Message de Carlos Fernando RAM\u00d4A, Pr\u00e9sident G\u00e9n\u00e9ral de la COM<\/h1>\n<p>R\u00e9cemment le Comit\u00e9 Directeur de la COM a re\u00e7u une proposition de la part de la COA Conf\u00e9d\u00e9ration Ornithologique Argentine pour l\u2019institution d\u2019une \u00ab <strong>Journ\u00e9e Internationale de l\u2019\u00c9leveur d\u2019Oiseaux<\/strong> \u00bb. Dans leur proposition, les amis argentins ont aussi sugg\u00e9r\u00e9 que ce jour pourrait \u00eatre le 10 Novembre, le jour o\u00f9 la COM a \u00e9t\u00e9 fond\u00e9e il y a d\u00e9j\u00e0 soixante quatre ans ! Le Comit\u00e9 Directeur a tr\u00e8s bien accueilli cette id\u00e9e et a m\u00eame profit\u00e9 de l\u2019occasion pour aussi instituer un autre projet : le \u00ab <strong>Grand Prix d\u2019Honneur de la COM<\/strong> \u00bb.<\/p>\n<p>L\u2019intention du CD COM c\u2019est d\u2019attribuer ce prix \u00e0 une personne ou institution qui a contribu\u00e9 avec m\u00e9rite au d\u00e9veloppement de l\u2019ornithologie internationale, par son travail d\u2019\u00e9levage ou d\u2019organisateur d\u2019\u00e9v\u00e8nements, travail technique ou recherche scientifique, contribution sociale etc&#8230;<\/p>\n<p>Le but du CD COM est celui d\u2019annoncer, publiquement et annuellement le r\u00e9cipiendaire de ce prix chaque 10 novembre, et d\u2019organiser sa livraison \u00e0 la personne ou institution concern\u00e9e, dans une c\u00e9r\u00e9monie publique post\u00e9rieure, selon les circonstances et disponibilit\u00e9 particuli\u00e8res de tous les concern\u00e9s.<\/p>\n<p>Le r\u00e9cipiendaire de ce Grand Prix d\u2019Honneur de la COM recevra une m\u00e9daille sp\u00e9ciale et un dipl\u00f4me personnalis\u00e9.<\/p>\n\n\n<h2 class=\"wp-block-heading\">Le Grand Prix d&#8217;Honneur 2020 de la COM revient \u00e0 Mr Enrico Banfi.<\/h2>\n\n\n\n<div class=\"wp-block-image\"><figure class=\"alignleft size-large is-resized\"><img loading=\"lazy\" decoding=\"async\" src=\"https:\/\/www.ornithologies.fr\/blog\/wp-content\/uploads\/enrico-banfi.jpg\" alt=\"\" class=\"wp-image-2078\" width=\"210\" height=\"279\" srcset=\"https:\/\/www.ornithologies.fr\/blog\/wp-content\/uploads\/enrico-banfi.jpg 495w, https:\/\/www.ornithologies.fr\/blog\/wp-content\/uploads\/enrico-banfi-225x300.jpg 225w\" sizes=\"auto, (max-width: 210px) 100vw, 210px\" \/><figcaption>Ing\u00e9nieur Enrico Banfi<\/figcaption><\/figure><\/div>\n\n\n\n<p>Enrico Banfi est \u00e9leveur de Perruches ondul\u00e9es de couleur inscrit \u00e0 la FOI <em>(Italie)<\/em> qui a \u00e9t\u00e9 Pr\u00e9sident de la Societa Ornitologica Reggiana de 1992 \u00e0 2020. <\/p>\n\n\n\n<p>Sa forte conviction mais aussi sa gentillesse et sympathie d\u00e9montr\u00e9es dans maintes circonstances dans le domaine de l&#8217;ornithologie italienne et mondiale est bien connue. Avec son \u00e9quipe de la SOR, il a implant\u00e9 une magnifique et majestueuse comp\u00e9tition internationale annuelle, qui constitue un des orgueils des \u00e9leveurs d&#8217;oiseaux du monde et de la COM. Il a aussi donn\u00e9 impulsion \u00e0 d&#8217;autres activit\u00e9s, notamment le march\u00e9 de Saint Valentin, l&#8217;exposition Colorado, le concours Zebra, projets destin\u00e9s \u00e0 maintenir la coh\u00e9sion sociale des \u00e9leveurs tout le long de l&#8217;ann\u00e9e. Mr Banfi est aussi chercheur dans divers domaine qui affectent notre passion comme les probl\u00e8mes sanitaires, l&#8217;\u00e9tude de la r\u00e8glementation CITES, les probl\u00e8mes de transport et de bien-\u00eatre animal et a contribu\u00e9 \u00e9norm\u00e9ment \u00e0 l&#8217;\u00e9volution ornithologique sur tous les aspects organisationnels des concours et expositions dans la COM.<\/p>\n\n\n\n<h3 class=\"wp-block-heading\">Nos compliments \u00e0 Mr Enrico Banfi.<\/h3>\n","protected":false},"excerpt":{"rendered":"<p>Une date \u00e0 noter dans nos agendas Il y a 64 ans, le 10 novembre naissait la Conf\u00e9d\u00e9ration Ornithologique Mondiale.<\/p>\n","protected":false},"author":1,"featured_media":1807,"comment_status":"closed","ping_status":"open","sticky":false,"template":"","format":"standard","meta":{"footnotes":""},"categories":[119,50],"tags":[155,154,151,153,156],"class_list":["post-1809","post","type-post","status-publish","format-standard","has-post-thumbnail","hentry","category-119","category-actualites","tag-10-novembre","tag-confederation-ornithologique-mondiale","tag-evenements","tag-grand-prix","tag-journee-internationale-de-leleveur-doiseaux"],"_links":{"self":[{"href":"https:\/\/www.ornithologies.fr\/blog\/wp-json\/wp\/v2\/posts\/1809","targetHints":{"allow":["GET"]}}],"collection":[{"href":"https:\/\/www.ornithologies.fr\/blog\/wp-json\/wp\/v2\/posts"}],"about":[{"href":"https:\/\/www.ornithologies.fr\/blog\/wp-json\/wp\/v2\/types\/post"}],"author":[{"embeddable":true,"href":"https:\/\/www.ornithologies.fr\/blog\/wp-json\/wp\/v2\/users\/1"}],"replies":[{"embeddable":true,"href":"https:\/\/www.ornithologies.fr\/blog\/wp-json\/wp\/v2\/comments?post=1809"}],"version-history":[{"count":0,"href":"https:\/\/www.ornithologies.fr\/blog\/wp-json\/wp\/v2\/posts\/1809\/revisions"}],"wp:featuredmedia":[{"embeddable":true,"href":"https:\/\/www.ornithologies.fr\/blog\/wp-json\/wp\/v2\/media\/1807"}],"wp:attachment":[{"href":"https:\/\/www.ornithologies.fr\/blog\/wp-json\/wp\/v2\/media?parent=1809"}],"wp:term":[{"taxonomy":"category","embeddable":true,"href":"https:\/\/www.ornithologies.fr\/blog\/wp-json\/wp\/v2\/categories?post=1809"},{"taxonomy":"post_tag","embeddable":true,"href":"https:\/\/www.ornithologies.fr\/blog\/wp-json\/wp\/v2\/tags?post=1809"}],"curies":[{"name":"wp","href":"https:\/\/api.w.org\/{rel}","templated":true}]}}