{"id":1511,"date":"2020-05-04T21:00:30","date_gmt":"2020-05-04T19:00:30","guid":{"rendered":"http:\/\/www.ornithologies.fr\/blog\/?p=1511"},"modified":"2020-12-15T08:38:46","modified_gmt":"2020-12-15T07:38:46","slug":"une-bacterie-a-lorigine-dune-mortalite-anormale-chez-les-mesanges-bleues","status":"publish","type":"post","link":"https:\/\/www.ornithologies.fr\/blog\/blog\/une-bacterie-a-lorigine-dune-mortalite-anormale-chez-les-mesanges-bleues\/","title":{"rendered":"Une bact\u00e9rie \u00e0 l\u2019origine d\u2019une mortalit\u00e9 anormale chez les M\u00e9sanges bleues"},"content":{"rendered":"<p>L&#8217;agent pathog\u00e8ne \u00e0 l\u2019origine de ce ph\u00e9nom\u00e8ne est <em>Suttonella ornithocola<\/em>, une bact\u00e9rie de la famille des Cardiobacteriaceae. Elle avait d\u00e9j\u00e0 \u00e9t\u00e9 identifi\u00e9e responsable de plusieurs \u00e9v\u00e8nements de mortalit\u00e9 de m\u00e9sanges au Royaume-Uni en 1996 et 2011, puis en Finlande au printemps 2017 et en Allemagne en 2018.<\/p>\n<figure id=\"attachment_1512\" aria-describedby=\"caption-attachment-1512\" style=\"width: 847px\" class=\"wp-caption aligncenter\"><img loading=\"lazy\" decoding=\"async\" class=\"wp-image-1512 size-full\" src=\"https:\/\/www.ornithologies.fr\/blog\/wp-content\/uploads\/107359733_s-Tom-Meaker-123rf.jpg\" alt=\"\" width=\"847\" height=\"565\" srcset=\"https:\/\/www.ornithologies.fr\/blog\/wp-content\/uploads\/107359733_s-Tom-Meaker-123rf.jpg 847w, https:\/\/www.ornithologies.fr\/blog\/wp-content\/uploads\/107359733_s-Tom-Meaker-123rf-300x200.jpg 300w, https:\/\/www.ornithologies.fr\/blog\/wp-content\/uploads\/107359733_s-Tom-Meaker-123rf-768x512.jpg 768w, https:\/\/www.ornithologies.fr\/blog\/wp-content\/uploads\/107359733_s-Tom-Meaker-123rf-600x400.jpg 600w, https:\/\/www.ornithologies.fr\/blog\/wp-content\/uploads\/107359733_s-Tom-Meaker-123rf-100x67.jpg 100w, https:\/\/www.ornithologies.fr\/blog\/wp-content\/uploads\/107359733_s-Tom-Meaker-123rf-150x100.jpg 150w, https:\/\/www.ornithologies.fr\/blog\/wp-content\/uploads\/107359733_s-Tom-Meaker-123rf-200x133.jpg 200w, https:\/\/www.ornithologies.fr\/blog\/wp-content\/uploads\/107359733_s-Tom-Meaker-123rf-450x300.jpg 450w\" sizes=\"auto, (max-width: 847px) 100vw, 847px\" \/><figcaption id=\"caption-attachment-1512\" class=\"wp-caption-text\">M\u00e9sange bleue &#8211; Tom Meaker &#8211; 123rf<\/figcaption><\/figure>\n<h4>Jean-Marc Chavatte, du Centre de Recherches sur la Biologie des Populations d\u2019Oiseaux (qui d\u00e9pend du Mus\u00e9um National d\u2019Histoire Naturelle, \u00e9crit le 27 avril 2020 :<\/h4>\n<blockquote>\n<p>\u00ab Les premiers cas suspects de mortalit\u00e9 chez les m\u00e9sanges bleues en Allemagne ont \u00e9t\u00e9 not\u00e9s durant la premi\u00e8re quinzaine du mois de mars. L&#8217;\u00e9pid\u00e9mie a ensuite progress\u00e9 et vient brusquement de s&#8217;acc\u00e9l\u00e9rer. En effet, les notifications d&#8217;oiseaux malades et morts au NABU <em>(via un formulaire \u00e9lectronique d\u00e9di\u00e9)<\/em> continuent de grimper et sont pass\u00e9es d&#8217;un total de 8000 entre Mars et P\u00e2ques, \u00e0 15000 le 15\/04, puis 20000 le 17\/04 et 26000 le 21\/04. En parall\u00e8le, l&#8217;\u00e9pid\u00e9mie s&#8217;\u00e9tend g\u00e9ographiquement et il y a maintenant des cas confirm\u00e9s en Belgique, aux Pays-Bas et au Luxembourg \u00bb.<\/p>\n<\/blockquote>\n<p>Les sympt\u00f4mes de cette infection sont variables et non-sp\u00e9cifiques : signes de type pneumonie avec difficult\u00e9s respiratoires, n\u00e9croses pulmonaires multiples, oiseaux prostr\u00e9s et l\u00e9thargiques, plumage gonfl\u00e9, perte du r\u00e9flexe de fuite, arr\u00eat de l\u2019alimentation, atteintes oculaires. Ces sympt\u00f4mes se manifesteraient chez les sp\u00e9cimens pr\u00e9sentant une forme avanc\u00e9e de la maladie, fatale en peu de temps. Le diagnostic de cette maladie est difficile : il est r\u00e9alis\u00e9 presque uniquement sur des oiseaux post-mortem, mais <em>Suttonella ornithocola <\/em>demande des conditions de culture exigeantes en laboratoire, d\u2019o\u00f9 la mise en place de tests mol\u00e9culaires pour confirmer la pr\u00e9sence de la bact\u00e9rie. Les scientifiques connaissent d\u2019ailleurs tr\u00e8s peu de choses \u00e0 son sujet :<\/p>\n<ul class=\"pucebleue\">\n<li><strong>Quel mode de transmission ?<\/strong> La transmission a\u00e9rosol semble privil\u00e9gi\u00e9e\u2026<\/li>\n<li><strong>Existence d\u2019une saisonnalit\u00e9 ?<\/strong> Le printemps semble \u00eatre un \u00e9l\u00e9ment commun \u00e0 toutes les pr\u00e9c\u00e9dentes observations \u2026<\/li>\n<li><strong>Dur\u00e9e de survie dans l\u2019environnement ?<\/strong> Elle est inconnue\u2026<\/li>\n<\/ul>\n<p>La bact\u00e9rie ne toucherait presque exclusivement que les M\u00e9sanges bleues, mais d\u2019autres esp\u00e8ces de Paridae et d\u2019Aegithalidae peuvent \u00eatre infect\u00e9es avec cas de mortalit\u00e9 confirm\u00e9e chez les M\u00e9sanges noires, M\u00e9sanges \u00e0 longues-queues et M\u00e9sanges charbonni\u00e8res. Elle toucherait principalement les m\u00e2les, peut-\u00eatre affaiblis par la saison des amours \u00e0 cette p\u00e9riode de l&#8217;ann\u00e9e.<\/p>\n<p>Cette bact\u00e9rie n&#8217;a jamais \u00e9t\u00e9 d\u00e9tect\u00e9e chez les mammif\u00e8res <em>(homme compris)<\/em> ou d\u2019autres types oiseaux, elle n\u2019est donc pas consid\u00e9r\u00e9e comme pathog\u00e8ne potentiel pour l\u2019homme. Attention malgr\u00e9 tout \u00e0 \u00e9viter tout contact ou toute manipulation d\u2019oiseaux morts ou symptomatiques <em>(ne serait-ce \u00e0 cause d\u2019autres agents pathog\u00e8nes possibles)<\/em>.<\/p>\n<h4>Jean-Marc Chavatte conclut\u00a0:<\/h4>\n<blockquote>\n<p>\u00ab L\u2019ampleur de l\u2019\u00e9pid\u00e9mie s\u00e9vissant actuellement en Allemagne est surprenante puisque jusqu\u2019ici Suttonella ornithocola n\u2019avait entrain\u00e9 que des \u00e9pisodes \u00e9pid\u00e9miques limit\u00e9s. La situation semblant se d\u00e9t\u00e9riorer, afin de limiter la transmission, il est imp\u00e9ratif d\u2019\u00e9viter tout rassemblement et concentration d\u2019oiseaux. Le seul moyen d&#8217;agir est donc de stopper tout nourrissage dans les jardins au printemps\/\u00e9t\u00e9, et d\u2019enlever les mangeoires et abreuvoirs. Si vous observez une mortalit\u00e9 anormale de M\u00e9sanges bleues en France, signalez-le au r\u00e9seau de surveillance \u00e9pid\u00e9miologique de la faune sauvage <em>(SAGIR) <\/em>\u00bb.<\/p>\n<\/blockquote>\n<h2>L\u2019UOF (COM France) invite ses membres \u00e0 rester vigilants et en cas de mortalit\u00e9s suspectes\u00a0:<\/h2>\n<ul class=\"pucebleue\">\n<li>d\u2019arr\u00eater tous nourrissages compl\u00e9mentaires des oiseaux sauvages<\/li>\n<li>d\u2019avertir le r\u00e9seau de surveillance \u00e9pid\u00e9miologique de la faune sauvage <em>(SAGIR)<\/em><\/li>\n<\/ul>\n<h3>\u00c9quipe du r\u00e9seau<\/h3>\n<p><span style=\"text-decoration: underline;\">Responsable scientifique :<\/span> Anouk Decors<br \/>\n<span style=\"text-decoration: underline;\">Correspondant FNC :<\/span> Eva Faure<\/p>\n<h3>ONCFS<\/h3>\n<p>R\u00e9seau SAGIR<br \/>\nSAINT-BENOIST \u2013 BP 20<br \/>\n78612 LE PERRAY EN YVELINES<br \/>\nT\u00e9l. : 01.30.46.60.24<br \/>\nFax : 01.30.46.60.99<br \/>\n<a href=\"mailto:sagir@oncfs.gouv.fr\">sagir@oncfs.gouv.fr<\/a><\/p>\n<h1>Liens utiles<\/h1>\n<ul class=\"listeverte\">\n<li><a href=\"https:\/\/crbpoinfo.blogspot.com\/2020\/04\/mortalite-massive-de-mesanges-bleues-en.html?fbclid=IwAR29F5DUMcQ0NAUjJRaBjeMA65KoEoJ-jGLmtn54KLzUk0XPkXSAQHJj-nU\" target=\"_blank\" rel=\"noopener noreferrer\">https:\/\/crbpoinfo.blogspot.com\/2020\/04\/mortalite-massive-de-mesanges-bleues-en.html?fbclid=IwAR29F5DUMcQ0NAUjJRaBjeMA65KoEoJ-jGLmtn54KLzUk0XPkXSAQHJj-nU<\/a><\/li>\n<li><a href=\"https:\/\/www.nabu.de\/news\/2020\/04\/27990.html\" target=\"_blank\" rel=\"noopener noreferrer\">https:\/\/www.nabu.de\/news\/2020\/04\/27990.html<\/a><\/li>\n<li><a href=\"https:\/\/www.nabu.de\/tiere-und-pflanzen\/voegel\/gefaehrdungen\/krankheiten\/suttonella\/meisensterben.html\" target=\"_blank\" rel=\"noopener noreferrer\">https:\/\/www.nabu.de\/tiere-und-pflanzen\/voegel\/gefaehrdungen\/krankheiten\/suttonella\/meisensterben.html<\/a><\/li>\n<\/ul>\n<p><img loading=\"lazy\" decoding=\"async\" class=\"size-full wp-image-1514 aligncenter\" src=\"https:\/\/www.ornithologies.fr\/blog\/wp-content\/uploads\/Mesange-bleue.jpg\" alt=\"\" width=\"1024\" height=\"684\" srcset=\"https:\/\/www.ornithologies.fr\/blog\/wp-content\/uploads\/Mesange-bleue.jpg 1024w, https:\/\/www.ornithologies.fr\/blog\/wp-content\/uploads\/Mesange-bleue-300x200.jpg 300w, https:\/\/www.ornithologies.fr\/blog\/wp-content\/uploads\/Mesange-bleue-768x513.jpg 768w, https:\/\/www.ornithologies.fr\/blog\/wp-content\/uploads\/Mesange-bleue-600x401.jpg 600w, https:\/\/www.ornithologies.fr\/blog\/wp-content\/uploads\/Mesange-bleue-100x67.jpg 100w, https:\/\/www.ornithologies.fr\/blog\/wp-content\/uploads\/Mesange-bleue-150x100.jpg 150w, https:\/\/www.ornithologies.fr\/blog\/wp-content\/uploads\/Mesange-bleue-200x134.jpg 200w, https:\/\/www.ornithologies.fr\/blog\/wp-content\/uploads\/Mesange-bleue-450x301.jpg 450w, https:\/\/www.ornithologies.fr\/blog\/wp-content\/uploads\/Mesange-bleue-900x601.jpg 900w\" sizes=\"auto, (max-width: 1024px) 100vw, 1024px\" \/><\/p>\n","protected":false},"excerpt":{"rendered":"<p>L&#8217;agent pathog\u00e8ne \u00e0 l\u2019origine de ce ph\u00e9nom\u00e8ne est Suttonella ornithocola, une bact\u00e9rie de la famille des Cardiobacteriaceae. Elle avait d\u00e9j\u00e0 \u00e9t\u00e9 identifi\u00e9e responsable de plusieurs \u00e9v\u00e8nements de mortalit\u00e9 de m\u00e9sanges au Royaume-Uni en 1996 et 2011, puis en Finlande au printemps 2017 et en Allemagne en 2018.<\/p>\n","protected":false},"author":1,"featured_media":1514,"comment_status":"closed","ping_status":"open","sticky":false,"template":"","format":"standard","meta":{"footnotes":""},"categories":[119,50],"tags":[138,139,133,132,137,134,135,136],"class_list":["post-1511","post","type-post","status-publish","format-standard","has-post-thumbnail","hentry","category-119","category-actualites","tag-bacterie","tag-epidemie","tag-jean-marc-chavatte","tag-mesange","tag-nabu","tag-oncfs","tag-sagir","tag-suttonella-ornithocola"],"_links":{"self":[{"href":"https:\/\/www.ornithologies.fr\/blog\/wp-json\/wp\/v2\/posts\/1511","targetHints":{"allow":["GET"]}}],"collection":[{"href":"https:\/\/www.ornithologies.fr\/blog\/wp-json\/wp\/v2\/posts"}],"about":[{"href":"https:\/\/www.ornithologies.fr\/blog\/wp-json\/wp\/v2\/types\/post"}],"author":[{"embeddable":true,"href":"https:\/\/www.ornithologies.fr\/blog\/wp-json\/wp\/v2\/users\/1"}],"replies":[{"embeddable":true,"href":"https:\/\/www.ornithologies.fr\/blog\/wp-json\/wp\/v2\/comments?post=1511"}],"version-history":[{"count":0,"href":"https:\/\/www.ornithologies.fr\/blog\/wp-json\/wp\/v2\/posts\/1511\/revisions"}],"wp:featuredmedia":[{"embeddable":true,"href":"https:\/\/www.ornithologies.fr\/blog\/wp-json\/wp\/v2\/media\/1514"}],"wp:attachment":[{"href":"https:\/\/www.ornithologies.fr\/blog\/wp-json\/wp\/v2\/media?parent=1511"}],"wp:term":[{"taxonomy":"category","embeddable":true,"href":"https:\/\/www.ornithologies.fr\/blog\/wp-json\/wp\/v2\/categories?post=1511"},{"taxonomy":"post_tag","embeddable":true,"href":"https:\/\/www.ornithologies.fr\/blog\/wp-json\/wp\/v2\/tags?post=1511"}],"curies":[{"name":"wp","href":"https:\/\/api.w.org\/{rel}","templated":true}]}}