{"id":1200,"date":"2019-06-04T11:23:32","date_gmt":"2019-06-04T09:23:32","guid":{"rendered":"http:\/\/www.ornithologies.fr\/blog\/?p=1200"},"modified":"2020-12-15T08:45:21","modified_gmt":"2020-12-15T07:45:21","slug":"arrete-du-15-mai-2019-modifications-et-amenagements","status":"publish","type":"post","link":"https:\/\/www.ornithologies.fr\/blog\/blog\/arrete-du-15-mai-2019-modifications-et-amenagements\/","title":{"rendered":"Arr\u00eat\u00e9 du 15 mai 2019 : modifications et am\u00e9nagements"},"content":{"rendered":"<h6><strong><u>Source<\/u><\/strong><strong>\u00a0: <\/strong>LGD \u2013 Num\u00e9ro 1\/2019-2020 &#8211; UOF (COM France)<\/h6>\n<figure id=\"attachment_1202\" aria-describedby=\"caption-attachment-1202\" style=\"width: 300px\" class=\"wp-caption alignright\"><img loading=\"lazy\" decoding=\"async\" class=\"wp-image-1202 size-medium\" src=\"https:\/\/www.ornithologies.fr\/blog\/wp-content\/uploads\/Ministere-de-la-transition-ecologique-et-solidaire-300x172.jpg\" alt=\"\" width=\"300\" height=\"172\" srcset=\"https:\/\/www.ornithologies.fr\/blog\/wp-content\/uploads\/Ministere-de-la-transition-ecologique-et-solidaire-300x172.jpg 300w, https:\/\/www.ornithologies.fr\/blog\/wp-content\/uploads\/Ministere-de-la-transition-ecologique-et-solidaire-768x441.jpg 768w, https:\/\/www.ornithologies.fr\/blog\/wp-content\/uploads\/Ministere-de-la-transition-ecologique-et-solidaire-1024x588.jpg 1024w, https:\/\/www.ornithologies.fr\/blog\/wp-content\/uploads\/Ministere-de-la-transition-ecologique-et-solidaire-600x344.jpg 600w, https:\/\/www.ornithologies.fr\/blog\/wp-content\/uploads\/Ministere-de-la-transition-ecologique-et-solidaire-100x57.jpg 100w, https:\/\/www.ornithologies.fr\/blog\/wp-content\/uploads\/Ministere-de-la-transition-ecologique-et-solidaire-150x86.jpg 150w, https:\/\/www.ornithologies.fr\/blog\/wp-content\/uploads\/Ministere-de-la-transition-ecologique-et-solidaire-200x115.jpg 200w, https:\/\/www.ornithologies.fr\/blog\/wp-content\/uploads\/Ministere-de-la-transition-ecologique-et-solidaire-450x258.jpg 450w, https:\/\/www.ornithologies.fr\/blog\/wp-content\/uploads\/Ministere-de-la-transition-ecologique-et-solidaire-900x517.jpg 900w, https:\/\/www.ornithologies.fr\/blog\/wp-content\/uploads\/Ministere-de-la-transition-ecologique-et-solidaire.jpg 1150w\" sizes=\"auto, (max-width: 300px) 100vw, 300px\" \/><figcaption id=\"caption-attachment-1202\" class=\"wp-caption-text\">L&#8217;H\u00f4tel de Roquelaure qui abrite le minist\u00e8re de la Transition \u00e9cologique et solidaire. \u00a9 Flick r<\/figcaption><\/figure>\n<h3>Suite \u00e0 la parution de l&#8217;arr\u00eat\u00e9 du 15 mai 2019 modifiant les conditions de d\u00e9tention d&#8217;animaux d&#8217;esp\u00e8ces exotiques envahissantes au titre des r\u00e9gimes particuliers pr\u00e9vus par l&#8217;article R.411-39 du code de l&#8217;environnement, il importe d&#8217;apporter des pr\u00e9cisions concernant ces modifications.<\/h3>\n<p>L&#8217;<a href=\"https:\/\/www.ornithologies.fr\/blog\/blog\/regularisation-de-la-detention-de-la-perruche-a-collier-dasie\/\">arr\u00eat\u00e9 du 14 f\u00e9vrier 2018<\/a> relatif \u00e0 la pr\u00e9vention de l&#8217;introduction et de la propagation des esp\u00e8ces animales exotiques envahissantes sur le territoire m\u00e9tropolitain a ainsi \u00e9t\u00e9 modifi\u00e9 :<\/p>\n<h4>La date buttoir de r\u00e9gularisation pour les d\u00e9tenteurs\u00a0de perruche \u00e0 collier sauvage <em>(verte)<\/em> reprise dans cet arr\u00eat\u00e9, \u00e9tait initialement fix\u00e9e au I<sup>er<\/sup> mai 2018, elle est remplac\u00e9e par la date du I<sup>er<\/sup> juillet 2019.<\/h4>\n<p>Pour m\u00e9moire, la r\u00e9gularisation de cette esp\u00e8ce s&#8217;effectue par le biais d&#8217;une d\u00e9claration de d\u00e9tention <em>(ex autorisation de d\u00e9tention)<\/em> adress\u00e9e \u00e0 la Pr\u00e9fecture (DD(CS)PP) du d\u00e9partement dans lequel sont d\u00e9tenus les oiseaux.<\/p>\n<p>L&#8217;<a href=\"https:\/\/www.ornithologies.fr\/blog\/blog\/larrete-sur-la-detention-des-animaux-non-domestiques-vient-de-paraitre-au-journal-officiel\/\">arr\u00eat\u00e9 du 8 octobre 2018<\/a> fixant les r\u00e8gles de d\u00e9tention d&#8217;animaux d&#8217;esp\u00e8ces non domestiques a \u00e9galement \u00e9t\u00e9 modifi\u00e9 :<\/p>\n<h3>Apr\u00e8s l&#8217;article 17 de cet arr\u00eat\u00e9, il est ins\u00e9r\u00e9 un article 17 bis ainsi r\u00e9dig\u00e9 :<\/h3>\n<p><em>&#8220;Les propri\u00e9taires d&#8217;animaux d&#8217;esp\u00e8ces mentionn\u00e9es au II de l&#8217;article 3 qui, \u00e0 la date du 14 octobre 2018, n&#8217;\u00e9taient pas marqu\u00e9s proc\u00e8dent au marquage de ces animaux avant le 31 d\u00e9cembre 2019.&#8221;<\/em><\/p>\n<h4>Il s&#8217;agit l\u00e0 des esp\u00e8ces prot\u00e9g\u00e9es au niveau national <em>(faune europ\u00e9enne et Outre-mer)<\/em> ainsi qu&#8217;au titre de la Convention de Washington et du r\u00e8glement CE 338\/97 pris pour son application <em>(Cites IA, IIB, IIIC et D)<\/em> qui sont d\u00e9sormais soumises \u00e0 marquage et enregistrement sur le fichier national I-fap mais qui n&#8217;\u00e9taient marqu\u00e9es \u00e0 la date du 14 octobre 2018.<\/h4>\n<h3>Au-dessus du tableau de l&#8217;annexe 2 de ce m\u00eame arr\u00eat\u00e9, le second tiret du paragraphe &#8220;Remarques&#8221; est compl\u00e9t\u00e9 par la phrase suivante :<\/h3>\n<p><em>&#8220;Un r\u00e9gime particulier de d\u00e9tention est \u00e9galement pr\u00e9vu, au b\u00e9n\u00e9fice de l&#8217;ant\u00e9riorit\u00e9, lorsque les conditions fix\u00e9es par le I de l&#8217;article R.411-39 du code de l&#8217;environnement sont satisfaites ; la d\u00e9tention des sp\u00e9cimens concern\u00e9s est alors dispens\u00e9e de certificat de capacit\u00e9 et d&#8217;autorisation d&#8217;ouverture&#8221;.<\/em><\/p>\n<h4>L\u00e0, sont concern\u00e9es les esp\u00e8ces d&#8217;oiseaux list\u00e9es dans l&#8217;annexe 2, dont le nom est suivi du symbole (*), il s&#8217;agit de l&#8217;Ibis sacr\u00e9 (<em>Threskiornis\u00a0aethiopicus<\/em>), l&#8217;Ouette d&#8217;Egypte (<em>Alopochen Aegyptiacus<\/em>), L&#8217;Erismature rousse (<em>Oxyura jamaicensis<\/em>) et du Corbeau familier (<em>Corvus<\/em> <em>splendens<\/em>), bien que certainement pas d\u00e9tenues dans nos \u00e9levages, il importe de les connaitre.<\/h4>\n<h1>Pr\u00e9cisions :<\/h1>\n<p>Pour b\u00e9n\u00e9ficier du r\u00e9gime particulier de d\u00e9tention de ces esp\u00e8ces, il importe que celles-ci soient d\u00e9tenues \u00e0 des fins non commerciales, que l&#8217;esp\u00e8ce consid\u00e9r\u00e9e ait \u00e9t\u00e9 d\u00e9tenue r\u00e9guli\u00e8rement avant son inscription en tant qu&#8217;esp\u00e8ce consid\u00e9r\u00e9e comme envahissante et qu&#8217;elle soit d\u00e9clar\u00e9e \u00e0 la pr\u00e9fecture (DD(CS)PP) du d\u00e9partement dans lequel son propri\u00e9taire la d\u00e9tient.<\/p>\n<hr \/>\n<h2>Documentation<\/h2>\n<ul class=\"listeverte\">\n<li><a href=\"https:\/\/www.ornithologies.fr\/blog\/wp-content\/uploads\/Declaration-detention-danimaux-desp\u00e8ces-non-domestiques.pdf\" target=\"_blank\" rel=\"noopener noreferrer\">D\u00e9claration de d\u00e9tention<\/a><\/li>\n<li><a href=\"https:\/\/www.ornithologies.fr\/blog\/wp-content\/uploads\/CERFA-15969-01-Declaration-de-marquage.pdf\" target=\"_blank\" rel=\"noopener noreferrer\">D\u00e9claration de marquage<\/a><\/li>\n<li><a href=\"https:\/\/www.ornithologies.fr\/blog\/wp-content\/uploads\/Guide-teledeclaration-CERFA-15967.pdf\" target=\"_blank\" rel=\"noopener noreferrer\">Guide t\u00e9l\u00e9d\u00e9claration &amp; CERFA<\/a><\/li>\n<\/ul>\n<hr \/>\n<h4><img loading=\"lazy\" decoding=\"async\" class=\"alignleft wp-image-1201\" src=\"https:\/\/www.ornithologies.fr\/blog\/wp-content\/uploads\/Yves-Cornillon.png\" alt=\"\" width=\"150\" height=\"172\" srcset=\"https:\/\/www.ornithologies.fr\/blog\/wp-content\/uploads\/Yves-Cornillon.png 380w, https:\/\/www.ornithologies.fr\/blog\/wp-content\/uploads\/Yves-Cornillon-262x300.png 262w, https:\/\/www.ornithologies.fr\/blog\/wp-content\/uploads\/Yves-Cornillon-100x114.png 100w, https:\/\/www.ornithologies.fr\/blog\/wp-content\/uploads\/Yves-Cornillon-150x172.png 150w, https:\/\/www.ornithologies.fr\/blog\/wp-content\/uploads\/Yves-Cornillon-200x229.png 200w, https:\/\/www.ornithologies.fr\/blog\/wp-content\/uploads\/Yves-Cornillon-300x343.png 300w\" sizes=\"auto, (max-width: 150px) 100vw, 150px\" \/><\/h4>\n<p style=\"text-align: center;\"><a class=\"bouton\" href=\"https:\/\/www.legifrance.gouv.fr\/affichTexte.do?cidTexte=JORFTEXT000038528338&amp;fastPos=1&amp;fastReqId=1996910210&amp;categorieLien=id&amp;oldAction=rechTexte\" target=\"_blank\" rel=\"noopener noreferrer\">L&#8217;arr\u00eat\u00e9 du 15 Mai 2019<\/a><\/p>\n<h4><\/h4>\n<h4>Ce dossier est suivi par Yves CORNILLON<\/h4>\n<h3>D\u00e9l\u00e9gu\u00e9 R\u00e9glementation<\/h3>\n<p><a href=\"mailto:reglementation@ornithologies.fr\">reglementation@ornithologies.fr<\/a><\/p>\n","protected":false},"excerpt":{"rendered":"<p>Suite \u00e0 la parution de l&#8217;arr\u00eat\u00e9 du 15 mai 2019 modifiant les conditions de d\u00e9tention d&#8217;animaux d&#8217;esp\u00e8ces exotiques envahissantes au titre des r\u00e9gimes particuliers pr\u00e9vus par l&#8217;article R.411-39 du code de l&#8217;environnement, il importe d&#8217;apporter des pr\u00e9cisions concernant ces modifications.<\/p>\n","protected":false},"author":1,"featured_media":1202,"comment_status":"closed","ping_status":"open","sticky":false,"template":"","format":"standard","meta":{"footnotes":""},"categories":[80,50,51],"tags":[83,113,86,85,84,112,90,110,65,89,111,87,88],"class_list":["post-1200","post","type-post","status-publish","format-standard","has-post-thumbnail","hentry","category-80","category-actualites","category-reglementation","tag-83","tag-corvus-splendens","tag-ddcspp","tag-declaration","tag-detention","tag-erismature-rousse","tag-espece-exotique-envahissante","tag-ibis-sacre","tag-lgd","tag-non-domestique","tag-ouette-degypte","tag-perruche-a-collier-dasie","tag-phenotype-sauvage"],"_links":{"self":[{"href":"https:\/\/www.ornithologies.fr\/blog\/wp-json\/wp\/v2\/posts\/1200","targetHints":{"allow":["GET"]}}],"collection":[{"href":"https:\/\/www.ornithologies.fr\/blog\/wp-json\/wp\/v2\/posts"}],"about":[{"href":"https:\/\/www.ornithologies.fr\/blog\/wp-json\/wp\/v2\/types\/post"}],"author":[{"embeddable":true,"href":"https:\/\/www.ornithologies.fr\/blog\/wp-json\/wp\/v2\/users\/1"}],"replies":[{"embeddable":true,"href":"https:\/\/www.ornithologies.fr\/blog\/wp-json\/wp\/v2\/comments?post=1200"}],"version-history":[{"count":0,"href":"https:\/\/www.ornithologies.fr\/blog\/wp-json\/wp\/v2\/posts\/1200\/revisions"}],"wp:featuredmedia":[{"embeddable":true,"href":"https:\/\/www.ornithologies.fr\/blog\/wp-json\/wp\/v2\/media\/1202"}],"wp:attachment":[{"href":"https:\/\/www.ornithologies.fr\/blog\/wp-json\/wp\/v2\/media?parent=1200"}],"wp:term":[{"taxonomy":"category","embeddable":true,"href":"https:\/\/www.ornithologies.fr\/blog\/wp-json\/wp\/v2\/categories?post=1200"},{"taxonomy":"post_tag","embeddable":true,"href":"https:\/\/www.ornithologies.fr\/blog\/wp-json\/wp\/v2\/tags?post=1200"}],"curies":[{"name":"wp","href":"https:\/\/api.w.org\/{rel}","templated":true}]}}