{"id":1105,"date":"2019-01-17T12:05:39","date_gmt":"2019-01-17T11:05:39","guid":{"rendered":"http:\/\/www.ornithologies.fr\/blog\/?p=1105"},"modified":"2021-01-11T08:13:15","modified_gmt":"2021-01-11T07:13:15","slug":"reouverture-du-fichier-i-fap","status":"publish","type":"post","link":"https:\/\/www.ornithologies.fr\/blog\/blog\/reouverture-du-fichier-i-fap\/","title":{"rendered":"R\u00e9ouverture du Fichier I-Fap"},"content":{"rendered":"<h6><strong><u>Source<\/u><\/strong><strong>&nbsp;: <\/strong>LGD \u2013 Num\u00e9ro 36 \u2013 SAS Les Oiseaux du Monde<\/h6>\n<h4>Nous avons le plaisir de vous faire part des derni\u00e8res informations officielles relatives \u00e0 la gestion du Fichier I-FAP ;<\/h4>\n<p><img loading=\"lazy\" decoding=\"async\" class=\"alignleft wp-image-850\" src=\"https:\/\/www.ornithologies.fr\/blog\/wp-content\/uploads\/logo-site-i-fap-300x129.png\" alt=\"\" width=\"200\" height=\"86\" srcset=\"https:\/\/www.ornithologies.fr\/blog\/wp-content\/uploads\/logo-site-i-fap-300x129.png 300w, https:\/\/www.ornithologies.fr\/blog\/wp-content\/uploads\/logo-site-i-fap-100x43.png 100w, https:\/\/www.ornithologies.fr\/blog\/wp-content\/uploads\/logo-site-i-fap-150x65.png 150w, https:\/\/www.ornithologies.fr\/blog\/wp-content\/uploads\/logo-site-i-fap-200x86.png 200w, https:\/\/www.ornithologies.fr\/blog\/wp-content\/uploads\/logo-site-i-fap-450x194.png 450w, https:\/\/www.ornithologies.fr\/blog\/wp-content\/uploads\/logo-site-i-fap.png 495w\" sizes=\"auto, (max-width: 200px) 100vw, 200px\" \/>Nous vous rappelons que nous avions b\u00e9n\u00e9fici\u00e9 d\u2019une gratuit\u00e9 d\u2019inscription jusqu\u2019au 30 novembre dernier, date \u00e0 laquelle l\u2019acc\u00e8s \u00e0 ce fichier avait \u00e9t\u00e9 ferm\u00e9.<\/p>\n<p>En accord avec les autres entit\u00e9s et en l\u2019absence d\u2019une convention sign\u00e9e, le fichier des inscriptions n\u2019avait pas \u00e9t\u00e9 transmis, mais consign\u00e9 aupr\u00e8s d\u2019un huissier de justice. D\u00e8s lors, nous \u00e9tions en attente de nouvelles instructions. Celles-ci nous ont \u00e9t\u00e9 donn\u00e9es hier et pr\u00e9cis\u00e9es de mani\u00e8re tout \u00e0 fait officielle au cours d\u2019un entretien que Daniel aura eu avec la responsable de l\u2019I-FAP.<\/p>\n<h1>Nous pouvons donc vous confirmer que \u2026<\/h1>\n<p>L\u2019acc\u00e8s au fichier I-FAP sur Ornithonet (<a href=\"https:\/\/www.ornithologies.fr\/blog\/wp-content\/uploads\/guide-enregistrement-Ifap-version-1.0.pdf\" target=\"_blank\" rel=\"noopener noreferrer\">guide Ornithonet<\/a>) sera r\u00e9-ouvert sous 24 heures. Une prolongation de la gratuit\u00e9 des enregistrements nous est accord\u00e9e jusqu\u2019au 31 mars 2019.<\/p>\n<p>Attention, cela ne concerne que les oiseaux identifi\u00e9s 2018 et ant\u00e9rieurs (<em>proc\u00e9dure de r\u00e9gularisation uniquement<\/em>). Un d\u00e9lai suppl\u00e9mentaire est donc accord\u00e9 \u00e0 tous ceux qui n\u2019avaient pas fait le n\u00e9cessaire ou n\u2019\u00e9taient pas \u00e0 jour au 30 novembre.<\/p>\n<h3>En ce qui concerne les oiseaux bagu\u00e9s 2019<\/h3>\n<p>Il conviendra d\u2019attendre jusqu\u2019\u00e0 nouvel ordre de notre part. Une r\u00e9union de travail est pr\u00e9vue le 1<sup>er<\/sup> Mars au cours de laquelle l\u2019enregistrement des oiseaux 2019 sera abord\u00e9.<\/p>\n<p>Dans les prochains jours, nous commencerons \u00e0 remonter les enregistrements en notre possession (<em>nous en sommes \u00e0 plus de 10000 pour notre Union<\/em>). Au fil des r\u00e9ceptions, l\u2019\u00e9leveur r\u00e9ceptionnera par mails les diff\u00e9rentes attestations d\u2019identification et de transfert.<\/p>\n<h2>Nous vous tiendrons au courant de toute nouvelle \u00e9volution.<\/h2>\n\n\n<div class=\"wp-block-image\"><figure class=\"alignleft size-large is-resized\"><img loading=\"lazy\" decoding=\"async\" src=\"https:\/\/www.ornithologies.fr\/blog\/wp-content\/uploads\/Presentation-IFAP.jpg\" alt=\"\" class=\"wp-image-1106\" width=\"150\" height=\"127\" srcset=\"https:\/\/www.ornithologies.fr\/blog\/wp-content\/uploads\/Presentation-IFAP.jpg 600w, https:\/\/www.ornithologies.fr\/blog\/wp-content\/uploads\/Presentation-IFAP-300x253.jpg 300w, https:\/\/www.ornithologies.fr\/blog\/wp-content\/uploads\/Presentation-IFAP-100x84.jpg 100w, https:\/\/www.ornithologies.fr\/blog\/wp-content\/uploads\/Presentation-IFAP-150x127.jpg 150w, https:\/\/www.ornithologies.fr\/blog\/wp-content\/uploads\/Presentation-IFAP-200x169.jpg 200w, https:\/\/www.ornithologies.fr\/blog\/wp-content\/uploads\/Presentation-IFAP-450x380.jpg 450w\" sizes=\"auto, (max-width: 150px) 100vw, 150px\" \/><\/figure><\/div>\n\n\n\n<p>En cas de doute votre correspondant I-FAP &#8211; UOF (COM France) est <\/p>\n\n\n\n<h3 class=\"wp-block-heading\">Vincent RIGAUD<\/h3>\n\n\n\n<p>Mail : <a href=\"mailto:faq-ifap@ornithologies.fr\">faq-ifap@ornithologies.fr<\/a><\/p>\n\n\n\n<hr class=\"wp-block-separator\"\/>\n","protected":false},"excerpt":{"rendered":"<p>L\u2019acc\u00e8s au fichier I-FAP sur Ornithonet sera r\u00e9-ouvert sous 24 heures. Une prolongation de la gratuit\u00e9 des enregistrements nous est accord\u00e9e jusqu\u2019au 31 mars 2019.<\/p>\n","protected":false},"author":1,"featured_media":1106,"comment_status":"closed","ping_status":"open","sticky":false,"template":"","format":"standard","meta":{"footnotes":""},"categories":[49,50,51],"tags":[54,52,53,56,82],"class_list":["post-1105","post","type-post","status-publish","format-standard","has-post-thumbnail","hentry","category-49","category-actualites","category-reglementation","tag-fichier-national","tag-i-fap","tag-identification","tag-inscription","tag-ornithonet"],"_links":{"self":[{"href":"https:\/\/www.ornithologies.fr\/blog\/wp-json\/wp\/v2\/posts\/1105","targetHints":{"allow":["GET"]}}],"collection":[{"href":"https:\/\/www.ornithologies.fr\/blog\/wp-json\/wp\/v2\/posts"}],"about":[{"href":"https:\/\/www.ornithologies.fr\/blog\/wp-json\/wp\/v2\/types\/post"}],"author":[{"embeddable":true,"href":"https:\/\/www.ornithologies.fr\/blog\/wp-json\/wp\/v2\/users\/1"}],"replies":[{"embeddable":true,"href":"https:\/\/www.ornithologies.fr\/blog\/wp-json\/wp\/v2\/comments?post=1105"}],"version-history":[{"count":0,"href":"https:\/\/www.ornithologies.fr\/blog\/wp-json\/wp\/v2\/posts\/1105\/revisions"}],"wp:featuredmedia":[{"embeddable":true,"href":"https:\/\/www.ornithologies.fr\/blog\/wp-json\/wp\/v2\/media\/1106"}],"wp:attachment":[{"href":"https:\/\/www.ornithologies.fr\/blog\/wp-json\/wp\/v2\/media?parent=1105"}],"wp:term":[{"taxonomy":"category","embeddable":true,"href":"https:\/\/www.ornithologies.fr\/blog\/wp-json\/wp\/v2\/categories?post=1105"},{"taxonomy":"post_tag","embeddable":true,"href":"https:\/\/www.ornithologies.fr\/blog\/wp-json\/wp\/v2\/tags?post=1105"}],"curies":[{"name":"wp","href":"https:\/\/api.w.org\/{rel}","templated":true}]}}