{"id":1013,"date":"2018-10-13T10:46:55","date_gmt":"2018-10-13T08:46:55","guid":{"rendered":"http:\/\/www.ornithologies.fr\/blog\/?p=1013"},"modified":"2021-01-26T09:52:51","modified_gmt":"2021-01-26T08:52:51","slug":"larrete-sur-la-detention-des-animaux-non-domestiques-vient-de-paraitre-au-journal-officiel","status":"publish","type":"post","link":"https:\/\/www.ornithologies.fr\/blog\/blog\/larrete-sur-la-detention-des-animaux-non-domestiques-vient-de-paraitre-au-journal-officiel\/","title":{"rendered":"Focus sur l&#8217;arr\u00eat\u00e9 de d\u00e9tention des animaux non domestiques"},"content":{"rendered":"<h6><strong><u>Source<\/u>\u00a0: <\/strong>LGD 2018-2019 \u2013 Num\u00e9ro 44 \u2013 UOF Ornithologies<\/h6>\n<figure id=\"attachment_1015\" aria-describedby=\"caption-attachment-1015\" style=\"width: 1000px\" class=\"wp-caption aligncenter\"><img loading=\"lazy\" decoding=\"async\" class=\"wp-image-1015 size-full\" src=\"https:\/\/www.ornithologies.fr\/blog\/wp-content\/uploads\/Assemblee-Nationale.jpg\" alt=\"\" width=\"1000\" height=\"541\" srcset=\"https:\/\/www.ornithologies.fr\/blog\/wp-content\/uploads\/Assemblee-Nationale.jpg 1000w, https:\/\/www.ornithologies.fr\/blog\/wp-content\/uploads\/Assemblee-Nationale-300x162.jpg 300w, https:\/\/www.ornithologies.fr\/blog\/wp-content\/uploads\/Assemblee-Nationale-768x415.jpg 768w, https:\/\/www.ornithologies.fr\/blog\/wp-content\/uploads\/Assemblee-Nationale-600x325.jpg 600w, https:\/\/www.ornithologies.fr\/blog\/wp-content\/uploads\/Assemblee-Nationale-100x54.jpg 100w, https:\/\/www.ornithologies.fr\/blog\/wp-content\/uploads\/Assemblee-Nationale-150x81.jpg 150w, https:\/\/www.ornithologies.fr\/blog\/wp-content\/uploads\/Assemblee-Nationale-200x108.jpg 200w, https:\/\/www.ornithologies.fr\/blog\/wp-content\/uploads\/Assemblee-Nationale-450x243.jpg 450w, https:\/\/www.ornithologies.fr\/blog\/wp-content\/uploads\/Assemblee-Nationale-900x487.jpg 900w\" sizes=\"auto, (max-width: 1000px) 100vw, 1000px\" \/><figcaption id=\"caption-attachment-1015\" class=\"wp-caption-text\">L&#8217;Assembl\u00e9e Nationale<\/figcaption><\/figure>\n<h2 class=\"Textbody\">Suite \u00e0 la parution de l&#8217;arr\u00eat\u00e9 minist\u00e9riel du <b>8 octobre 2018<\/b> fixant les r\u00e8gles g\u00e9n\u00e9rales de d\u00e9tention d&#8217;animaux d&#8217;esp\u00e8ces non domestiques, deux nouveaux documents Cerfa ont \u00e9t\u00e9 mis en place :<\/h2>\n<h1 class=\"Textbody\">1) Le Cerfa N\u00b0 15970*01<\/h1>\n<p class=\"Textbody\">C&#8217;est le nouveau registre d&#8217;entr\u00e9e et de sortie des animaux d&#8217;esp\u00e8ces non domestiques d\u00e9tenus en captivit\u00e9. Il s&#8217;agit du seul registre utilis\u00e9 dor\u00e9navant pour tous les \u00e9levages concern\u00e9s\u00a0:<\/p>\n<ul>\n<li class=\"Textbody\">Les \u00e9levages d&#8217;agr\u00e9ment qui h\u00e9bergent des oiseaux sous d\u00e9claration de d\u00e9tention (ex autorisation de d\u00e9tention).<\/li>\n<li class=\"Textbody\">Les \u00e9tablissements d&#8217;\u00e9levage (certificat de capacit\u00e9 + autorisation pr\u00e9fectorale d\u2019ouverture d\u2019\u00e9tablissement).<\/li>\n<\/ul>\n<h3 class=\"Textbody\">Quelques particularit\u00e9s :<\/h3>\n<ul type=\"disc\">\n<li class=\"Textbody\">Il n&#8217;est plus paraph\u00e9 par les autorit\u00e9s (Pr\u00e9fet, Commissaire de police, Maire).<\/li>\n<li class=\"Textbody\">Toutes les esp\u00e8ces d\u00e9tenues dans ces 2 types d&#8217;\u00e9levage doivent y figurer, hormis celles qui rel\u00e8vent, quel que soit l&#8217;effectif d\u00e9tenu, de la colonne (a) de l&#8217;annexe 2 de l&#8217;arr\u00eat\u00e9 du 8 octobre 2018 qui portent la mention \u00ab\u00a01 et plus\u00a0\u00bb<\/li>\n<li class=\"Textbody\">Le registre doit \u00eatre renseign\u00e9 au jour le jour et toutes les pi\u00e8ces justificatives du mouvement des esp\u00e8ces concern\u00e9es doivent y \u00eatre annex\u00e9es (certificat de cession, d\u00e9claration de marquage, certificat intra communautaire, facture d\u2019achat\u2026). Apr\u00e8s sa cl\u00f4ture, ce registre et les pi\u00e8ces justificatives qui l\u2019accompagnent doivent \u00eatre conserv\u00e9es au moins 5 ans. On consid\u00e9rera le registre cl\u00f4tur\u00e9 une fois tous les animaux enregistr\u00e9s marqu\u00e9s morts ou sortis de l\u2019\u00e9levage.<\/li>\n<\/ul>\n<h4>Vous pouvez vous procurer ce document \u00e0 <a href=\"http:\/\/www.ornithologies.fr\/boutique\/papeterie\/215-registre-d-entree-et-de-sortie-des-animaux-d-especes-non-domestiques.html\" target=\"_blank\" rel=\"noopener noreferrer\">la Papeterie de l&#8217;UOF<\/a>.<\/h4>\n<h1 class=\"Textbody\">2) Le Cerfa N\u00b0 15969*01<\/h1>\n<p class=\"Textbody\">La d\u00e9claration de marquage ou de lecture du marquage d\u2019un animal d\u2019esp\u00e8ce non domestique remplace l\u2019ancien Cerfa N\u00b0 12446*01 (<i>D\u00e9claration de marquage d\u2019un animal d\u2019esp\u00e8ce non domestique<\/i>).<\/p>\n<p class=\"Textbody\">Il est utilis\u00e9 pour d\u00e9clarer les esp\u00e8ces prot\u00e9g\u00e9es qui naissent dans l\u2019\u00e9levage lorsque celles-ci sont prot\u00e9g\u00e9es au niveau national (faune europ\u00e9enne et Outre-mer) ainsi qu\u2019au titre de la Convention de Washington et du r\u00e8glement\u00a0 CE 338\/97 pris pour son application (CITES IA, IIB, IIIC et D).<\/p>\n<p class=\"Textbody\">Les esp\u00e8ces non soumises \u00e0 quotas dans l\u2019arr\u00eat\u00e9 du 8 octobre 2018 ne sont pas concern\u00e9es par cette obligation de d\u00e9claration (colonne (a) de l\u2019annexe 2 portant la mention \u00ab\u00a0un et plus\u00a0\u00bb)<\/p>\n<h4 class=\"Textbody\"><u>Exemple<\/u>\u00a0: Perruche calopsitte, ondul\u00e9e, Ins\u00e9parable de Fisher, masqu\u00e9 et rose-gorge\u2026<\/h4>\n<h3 class=\"Textbody\">Utilisation du document de marquage\u00a0:<\/h3>\n<ul type=\"disc\">\n<li class=\"Textbody\">Ce document Cerfa peut \u00eatre utilis\u00e9 pour d\u00e9clarer un marquage par bague ferm\u00e9e, r\u00e9alis\u00e9 par l\u2019\u00e9leveur qui le pratique sur un oiseau n\u00e9 dans son propre \u00e9levage.<\/li>\n<li class=\"Textbody\">Par l\u2019\u00e9leveur, avec une bague ouverte (\u00e0 sertir) en remplacement d\u2019une bague ferm\u00e9e cass\u00e9e, illisible ou perdue, sous le contr\u00f4le d\u2019un agent d\u00e9sign\u00e9 par l\u2019article L.415-1 du code de l\u2019environnement (Inspecteur de l\u2019environnement de l\u2019O.N.C.F.S ou d\u2019une DD(CS)PP).<\/li>\n<li class=\"Textbody\">Par un v\u00e9t\u00e9rinaire qui r\u00e9alise le marquage d\u2019un oiseau ou un nouveau marquage par transpondeur \u00e0 radiofr\u00e9quence (puce). Un nouveau marquage peut \u00eatre n\u00e9cessaire en remplacement d\u2019une puce d\u00e9fectueuse.<\/li>\n<\/ul>\n<h3>En r\u00e9sum\u00e9, pour la case 3 du document Cerfa\u00a0:<\/h3>\n<ul type=\"disc\">\n<li class=\"Textbody\">Le marquage est r\u00e9alis\u00e9 par l\u2019\u00e9leveur \u00e0 l\u2019aide d\u2019une bague ferm\u00e9e sur un oiseau n\u00e9 dans son propre \u00e9levage, il remplit et signe le document.<\/li>\n<li class=\"Textbody\">S\u2019il pose une bague ouverte (re-marquage), en remplacement d\u2019une bague ferm\u00e9e cass\u00e9e, illisible ou perdue. Cette op\u00e9ration est r\u00e9alis\u00e9e sous le contr\u00f4le d\u2019un agent habilit\u00e9 qui signe le document apr\u00e8s avoir v\u00e9rifi\u00e9 les informations qui figurent sur la bague (lecture).<\/li>\n<li class=\"Textbody\">Le marquage peut \u00eatre\u00a0 r\u00e9alis\u00e9 par le v\u00e9t\u00e9rinaire \u00e0 l\u2019aide d\u2019un transpondeur \u00e0 radiofr\u00e9quence (puce), il remplit et signe le document.<\/li>\n<li class=\"Textbody\">Le re-marquage peut \u00eatre r\u00e9alis\u00e9 par un v\u00e9t\u00e9rinaire lorsqu\u2019il r\u00e9-insert un nouveau transpondeur (puce) en remplacement de celui qui est d\u00e9fectueux, il signe le document.<\/li>\n<\/ul>\n<p style=\"text-align: center;\"><a class=\"bouton\" href=\"http:\/\/legifrance.gouv.fr\/affichTexte.do?cidTexte=JORFTEXT000037491137\" target=\"_blank\" rel=\"noopener noreferrer\">Consulter l&#8217;arr\u00eat\u00e9<\/a><\/p>\n<hr \/>\n<h2 style=\"text-align: left;\">Documents :<\/h2>\n<ul>\n<li style=\"text-align: left;\"><a href=\"https:\/\/www.ornithologies.fr\/blog\/wp-content\/uploads\/CERFA-15969-01-Declaration-de-marquage.pdf\" target=\"_blank\" rel=\"noopener noreferrer\">CERFA 15969-01 &#8211; D\u00e9claration de marquage<\/a><\/li>\n<li style=\"text-align: left;\"><a href=\"https:\/\/www.ornithologies.fr\/blog\/wp-content\/uploads\/CERFA-15970-01-Registre-entree-sortie.pdf\" target=\"_blank\" rel=\"noopener noreferrer\">CERFA 15970-01 &#8211; Registre entr\u00e9e sortie<\/a> &#8211; <a href=\"http:\/\/www.ornithologies.fr\/boutique\/papeterie\/215-registre-d-entree-et-de-sortie-des-animaux-d-especes-non-domestiques.html\">le commander \u00e0 la papeterie<\/a><\/li>\n<\/ul>\n","protected":false},"excerpt":{"rendered":"<p>Suite \u00e0 la parution de l&#8217;arr\u00eat\u00e9 minist\u00e9riel du 8 octobre 2018 fixant les r\u00e8gles g\u00e9n\u00e9rales de d\u00e9tention d&#8217;animaux d&#8217;esp\u00e8ces non domestiques, deux nouveaux documents Cerfa ont \u00e9t\u00e9 mis en place.<\/p>\n","protected":false},"author":1,"featured_media":1015,"comment_status":"closed","ping_status":"open","sticky":false,"template":"","format":"standard","meta":{"footnotes":""},"categories":[49,50,51],"tags":[75,114,115,54,53,56,76,55],"class_list":["post-1013","post","type-post","status-publish","format-standard","has-post-thumbnail","hentry","category-49","category-actualites","category-reglementation","tag-arrete","tag-cerfa-1596901","tag-cerfa-1597001","tag-fichier-national","tag-identification","tag-inscription","tag-jorf","tag-reglementation"],"_links":{"self":[{"href":"https:\/\/www.ornithologies.fr\/blog\/wp-json\/wp\/v2\/posts\/1013","targetHints":{"allow":["GET"]}}],"collection":[{"href":"https:\/\/www.ornithologies.fr\/blog\/wp-json\/wp\/v2\/posts"}],"about":[{"href":"https:\/\/www.ornithologies.fr\/blog\/wp-json\/wp\/v2\/types\/post"}],"author":[{"embeddable":true,"href":"https:\/\/www.ornithologies.fr\/blog\/wp-json\/wp\/v2\/users\/1"}],"replies":[{"embeddable":true,"href":"https:\/\/www.ornithologies.fr\/blog\/wp-json\/wp\/v2\/comments?post=1013"}],"version-history":[{"count":0,"href":"https:\/\/www.ornithologies.fr\/blog\/wp-json\/wp\/v2\/posts\/1013\/revisions"}],"wp:featuredmedia":[{"embeddable":true,"href":"https:\/\/www.ornithologies.fr\/blog\/wp-json\/wp\/v2\/media\/1015"}],"wp:attachment":[{"href":"https:\/\/www.ornithologies.fr\/blog\/wp-json\/wp\/v2\/media?parent=1013"}],"wp:term":[{"taxonomy":"category","embeddable":true,"href":"https:\/\/www.ornithologies.fr\/blog\/wp-json\/wp\/v2\/categories?post=1013"},{"taxonomy":"post_tag","embeddable":true,"href":"https:\/\/www.ornithologies.fr\/blog\/wp-json\/wp\/v2\/tags?post=1013"}],"curies":[{"name":"wp","href":"https:\/\/api.w.org\/{rel}","templated":true}]}}