{"id":991,"date":"2015-03-12T16:07:23","date_gmt":"2015-03-12T15:07:23","guid":{"rendered":"http:\/\/www.ornithologies.fr\/blog\/lesoiseauxdumonde\/?p=991"},"modified":"2024-01-22T15:42:12","modified_gmt":"2024-01-22T14:42:12","slug":"la-trichomonose-du-canari","status":"publish","type":"post","link":"https:\/\/www.ornithologies.fr\/blog\/lesoiseauxdumonde\/la-trichomonose-du-canari\/","title":{"rendered":"La Trichomonose du Canari"},"content":{"rendered":"<div id=\"attachment_992\" style=\"width: 300px\" class=\"wp-caption alignright\"><img loading=\"lazy\" decoding=\"async\" aria-describedby=\"caption-attachment-992\" class=\"wp-image-992 size-medium\" src=\"https:\/\/www.ornithologies.fr\/blog\/lesoiseauxdumonde\/wp-content\/uploads\/sites\/4\/Bernard-Tantart-300x206.jpg\" alt=\"\" width=\"300\" height=\"206\" srcset=\"https:\/\/www.ornithologies.fr\/blog\/lesoiseauxdumonde\/wp-content\/uploads\/sites\/4\/Bernard-Tantart-300x206.jpg 300w, https:\/\/www.ornithologies.fr\/blog\/lesoiseauxdumonde\/wp-content\/uploads\/sites\/4\/Bernard-Tantart-150x103.jpg 150w, https:\/\/www.ornithologies.fr\/blog\/lesoiseauxdumonde\/wp-content\/uploads\/sites\/4\/Bernard-Tantart.jpg 400w\" sizes=\"auto, (max-width: 300px) 100vw, 300px\" \/><p id=\"caption-attachment-992\" class=\"wp-caption-text\">Bernard Tantart [\u00a9 Pierre Channoy]<\/p><\/div>\n<h2 style=\"text-align: right;\">Bernard TANTART<\/h2>\n<h6>Oiseaux du Monde n\u00b0325 &#8211; Mars 2015<\/h6>\n<h1>N&rsquo;oubliez pas la trichomonose !<\/h1>\n<p>Depuis que je fais des canaris, c&rsquo;est \u00e0 dire depuis plus de 14 ans, je fais syst\u00e9matiquement des traitements pr\u00e9ventifs \u00e0 des p\u00e9riodes bien d\u00e9finies dans mon ann\u00e9e d&rsquo;\u00e9levage. Et avant l&rsquo;accouplement c&rsquo;est une p\u00e9riode qu\u2019il est n\u00e9cessaire de traiter.<\/p>\n<blockquote><p>\u00c0 l&rsquo;\u00e9poque o\u00f9 j&rsquo;ai commenc\u00e9 l&rsquo;\u00e9levage, j&rsquo;avais remarqu\u00e9 des signes bizarres sur certains oiseaux. Le premier signe \u00e9tait que l&rsquo;oiseau cherchait \u00e0 d\u00e9glutir ou avait une g\u00eane dans sa gorge. Le deuxi\u00e8me signe c&rsquo;est que ces oiseaux n&rsquo;avaient pas une forme excellente et \u00e0 long terme, cela pouvait aboutir au d\u00e9c\u00e8s.<\/p><\/blockquote>\n<p>Mon fr\u00e8re me conseilla \u00e0 l&rsquo;\u00e9poque de consulter le v\u00e9t\u00e9rinaire le Dr LEMAHIEUX de Diskmuide en Belgique, grand sp\u00e9cialiste de colombophilie et ami de mon fr\u00e8re. J&rsquo;ai donc apport\u00e9 des oiseaux ayant ces sympt\u00f4mes. Le docteur regarda au microscope les pr\u00e9l\u00e8vements des fientes et ne trouva rien.<\/p>\n<p>Ensuite il pr\u00e9leva de la glaire buccale pour la regarder au microscope. C&rsquo;est avec un grand sourire qu\u2019il me montra ce qu&rsquo;il avait vu. Au travers du microscope je vis des petits triangles qui circulaient assez rapidement. Il me dit <em>\u00ab Bernard, heureusement que tu m\u2019as apport\u00e9 des oiseaux vivants car je n&rsquo;aurais jamais pu voir que tes oiseaux avaient la <strong>trichomonose<\/strong> \u00bb.<\/em><\/p>\n<div id=\"attachment_993\" style=\"width: 1024px\" class=\"wp-caption aligncenter\"><img loading=\"lazy\" decoding=\"async\" aria-describedby=\"caption-attachment-993\" class=\"size-full wp-image-993\" src=\"https:\/\/www.ornithologies.fr\/blog\/lesoiseauxdumonde\/wp-content\/uploads\/sites\/4\/trichomonose-1.jpg\" alt=\"\" width=\"1024\" height=\"768\" srcset=\"https:\/\/www.ornithologies.fr\/blog\/lesoiseauxdumonde\/wp-content\/uploads\/sites\/4\/trichomonose-1.jpg 1024w, https:\/\/www.ornithologies.fr\/blog\/lesoiseauxdumonde\/wp-content\/uploads\/sites\/4\/trichomonose-1-500x375.jpg 500w, https:\/\/www.ornithologies.fr\/blog\/lesoiseauxdumonde\/wp-content\/uploads\/sites\/4\/trichomonose-1-300x225.jpg 300w, https:\/\/www.ornithologies.fr\/blog\/lesoiseauxdumonde\/wp-content\/uploads\/sites\/4\/trichomonose-1-768x576.jpg 768w, https:\/\/www.ornithologies.fr\/blog\/lesoiseauxdumonde\/wp-content\/uploads\/sites\/4\/trichomonose-1-600x450.jpg 600w, https:\/\/www.ornithologies.fr\/blog\/lesoiseauxdumonde\/wp-content\/uploads\/sites\/4\/trichomonose-1-423x317.jpg 423w\" sizes=\"auto, (max-width: 1024px) 100vw, 1024px\" \/><p id=\"caption-attachment-993\" class=\"wp-caption-text\">Sympt\u00f4mes oculaires de trichomonose chez le canari [\u00a9 Bernard Tantart]<\/p><\/div>Je connaissais bien cette maladie, car \u00e0 l&rsquo;\u00e9poque ou j&rsquo;habitais la maison de mes parents, on traitait quasiment toujours les pigeons d\u00e8s leur retour de concours, ou avant les accouplements. Il m&rsquo;a dit que c&rsquo;\u00e9tait impardonnable de ma part de ne pas traiter des oiseaux contre ce parasite. C&rsquo;est ce que je fais 4 \u00e0 5 fois l&rsquo;ann\u00e9e maintenant.<\/p>\n<p>La <strong>trichomonose<\/strong> est la maladie la plus fr\u00e9quente chez le pigeon. Elle est caus\u00e9e par un parasite (<em>Trichomonas <\/em><em>columbae<\/em>) de tr\u00e8s petite taille, pourvu de flagelles dont les mouvements lui permettent de se d\u00e9placer. C&rsquo;est un protozoaire, c&rsquo;est \u00e0 dire un organisme vivant unicellulaire, tr\u00e8s mais tr\u00e8s petit, bien en dessous du millim\u00e8tre, pouvant s&rsquo;associer en colonies.<\/p>\n<p>Ils vivent exclusivement dans l&rsquo;eau ou dans de la terre humide. Ils sont connus pour \u00eatre responsables de nombreuses maladies telles que la malaria et certaines dysenteries telle que l&rsquo;amibiase.<\/p>\n<p>Il existe diverses souches de <strong>Trichomonas <\/strong>pouvant induire des probl\u00e8mes de gravit\u00e9 variable.<\/p>\n<div id=\"attachment_994\" style=\"width: 198px\" class=\"wp-caption alignleft\"><img loading=\"lazy\" decoding=\"async\" aria-describedby=\"caption-attachment-994\" class=\"wp-image-994 size-medium\" src=\"https:\/\/www.ornithologies.fr\/blog\/lesoiseauxdumonde\/wp-content\/uploads\/sites\/4\/Canari-isabelle-pastel-rouge-198x300.jpg\" alt=\"\" width=\"198\" height=\"300\" srcset=\"https:\/\/www.ornithologies.fr\/blog\/lesoiseauxdumonde\/wp-content\/uploads\/sites\/4\/Canari-isabelle-pastel-rouge-198x300.jpg 198w, https:\/\/www.ornithologies.fr\/blog\/lesoiseauxdumonde\/wp-content\/uploads\/sites\/4\/Canari-isabelle-pastel-rouge-99x150.jpg 99w, https:\/\/www.ornithologies.fr\/blog\/lesoiseauxdumonde\/wp-content\/uploads\/sites\/4\/Canari-isabelle-pastel-rouge-209x317.jpg 209w, https:\/\/www.ornithologies.fr\/blog\/lesoiseauxdumonde\/wp-content\/uploads\/sites\/4\/Canari-isabelle-pastel-rouge.jpg 300w\" sizes=\"auto, (max-width: 198px) 100vw, 198px\" \/><p id=\"caption-attachment-994\" class=\"wp-caption-text\">Canari isabelle pastel rouge [\u00a9 Guy Doumergue &#8211; El. Bernard Tantart &#8211; Gravelines 2013]<\/p><\/div>\n<h5>L&rsquo;analyse du mucus de l&rsquo;arri\u00e8re-gorge, au microscope, permet de d\u00e9celer la pr\u00e9sence des <strong>Trichomonas<\/strong> : cette recherche doit se faire moins de 3 minutes apr\u00e8s le pr\u00e9l\u00e8vement, sous peine de l&rsquo;inactivation des <strong>trichomonas<\/strong> qui deviennent, dans ce cas, indiscernables : cela oblige \u00e0 effectuer la recherche \u00e0 partir d&rsquo;oiseau vivant.<\/h5>\n<p>La presque totalit\u00e9 des pigeons sont porteurs de <strong>Trichomonas<\/strong>, sans pour autant pr\u00e9senter de sympt\u00f4mes maladifs : les <strong>Trichomonas<\/strong> ne deviennent dangereux qu&rsquo;\u00e0 la suite de circonstances favorisantes telles que la fatigue cons\u00e9cutive aux concours ou \u00e0 l&rsquo;\u00e9levage, l&rsquo;humidit\u00e9, la baisse de la r\u00e9sistance naturelle due \u00e0 une autre maladie (<em>infestation par les vers, coccidiose, salmonellose&#8230;<\/em>).<\/p>\n<h5>La transmission se r\u00e9alise surtout pendant le nourrissage, des parents porteurs aux jeunes, qui peuvent \u00e9galement \u00eatre infect\u00e9s au niveau de l&rsquo;ombilic.<\/h5>\n<h5>Une eau de boisson ou des grains r\u00e9gurgit\u00e9s, souill\u00e9s par des <strong>Trichomonas<\/strong>, sont \u00e9galement des vecteurs courants.<\/h5>\n<p>Ce sont principalement les jeunes, de la naissance au troisi\u00e8me mois, qui sont atteints.<\/p>\n<h3>Les sympt\u00f4mes<\/h3>\n<p><strong>Les sympt\u00f4mes apparaissent g\u00e9n\u00e9ralement vers le 10<sup>e<\/sup> jour<\/strong> : les fientes deviennent tr\u00e8s liquides, avec amaigrissement et points blanc jaun\u00e2tres dans le bec, sur le palais, la face interne des joues, la langue ou au niveau de l&rsquo;arri\u00e8re-gorge.<\/p>\n<div id=\"attachment_995\" style=\"width: 257px\" class=\"wp-caption alignleft\"><img loading=\"lazy\" decoding=\"async\" aria-describedby=\"caption-attachment-995\" class=\"wp-image-995 size-medium\" src=\"https:\/\/www.ornithologies.fr\/blog\/lesoiseauxdumonde\/wp-content\/uploads\/sites\/4\/trichomonas-257x300.jpg\" alt=\"\" width=\"257\" height=\"300\" srcset=\"https:\/\/www.ornithologies.fr\/blog\/lesoiseauxdumonde\/wp-content\/uploads\/sites\/4\/trichomonas-257x300.jpg 257w, https:\/\/www.ornithologies.fr\/blog\/lesoiseauxdumonde\/wp-content\/uploads\/sites\/4\/trichomonas-129x150.jpg 129w, https:\/\/www.ornithologies.fr\/blog\/lesoiseauxdumonde\/wp-content\/uploads\/sites\/4\/trichomonas-272x317.jpg 272w, https:\/\/www.ornithologies.fr\/blog\/lesoiseauxdumonde\/wp-content\/uploads\/sites\/4\/trichomonas.jpg 300w\" sizes=\"auto, (max-width: 257px) 100vw, 257px\" \/><p id=\"caption-attachment-995\" class=\"wp-caption-text\">Des trichomonas vus au microscope. Ces protozoaires se caract\u00e9risent par un flagelle (comme une queue) qui leur sert \u00e0 se d\u00e9placer dans les milieux humides. [\u00a9 Dr. Josef Reischig &#8211; http:\/\/commons.wikimedia.org]<\/p><\/div>Ces points peuvent confluer en amas solides qui g\u00eanent ou emp\u00eachent la d\u00e9glutition ou la respiration, entra\u00eenant la mort.<\/p>\n<p>La prolif\u00e9ration des <strong>Trichomonas<\/strong> peut aussi avoir lieu au niveau du foie, avec apparition de nodules jaunes.<\/p>\n<p>L&rsquo;intestin peut aussi \u00eatre le si\u00e8ge de nodules, tout comme la r\u00e9gion ombilicale.<\/p>\n<p><strong>Chez les adultes,<\/strong> l&rsquo;un des premiers sympt\u00f4mes consiste en une production plus importante du mucus de l&rsquo;arri\u00e8re-gorge, g\u00eanant la respiration.<\/p>\n<p>Bien que les adultes r\u00e9sistent plus facilement \u00e0 la <strong>trichomonose<\/strong> au point de para\u00eetre en excellente sant\u00e9, cette atteinte peut pourtant entra\u00eener une baisse de forme tr\u00e8s prononc\u00e9e chez les pigeons voyageurs et les autres oiseaux : un simple traitement anti-trichomonas en cours de saison, peut permettre une \u00e9tonnante am\u00e9lioration des r\u00e9sultats et enrayer les pertes.<\/p>\n<h3>Le traitement<\/h3>\n<h4>Compte tenu de l&rsquo;existence quasi permanente des <strong>Trichomonas<\/strong> dans un \u00e9levage, il est prudent d&rsquo;effectuer au moins deux traitements pr\u00e9ventifs dans l&rsquo;ann\u00e9e : l&rsquo;un au printemps, le second avant ou apr\u00e8s la grande mue.<\/h4>\n<h5>Le fait de traiter pendant la premi\u00e8re moiti\u00e9 de la p\u00e9riode de couvaison, est une excellente m\u00e9thode puisque les reproducteurs seront exempts de<strong> Trichomonas<\/strong> durant le nourrissage de leurs jeunes, p\u00e9riode excessivement d\u00e9licate.<\/h5>\n<p>Le traitement pr\u00e9ventif peut \u00eatre conduit avec <em><strong>T*, poudre orale \u00e0 base de dim\u00e9tridazole<\/strong><\/em>, \u00e0 administrer dans l&rsquo;eau de boisson \u00e0 raison de 4 cuiller\u00e9es \u00e0 caf\u00e9 par litre d&rsquo;eau, pendant 5 jours.<\/p>\n<p>En p\u00e9riode de fortes chaleurs ou de nourrissage il convient de compenser l&rsquo;augmentation de l&rsquo;abreuvement en r\u00e9duisant la posologie d&rsquo;autant, pour que la dose m\u00e9dicamenteuse ing\u00e9r\u00e9e reste \u00e0 peu pr\u00e8s constante : c&rsquo;est la raison qui rend plus d\u00e9licat l&#8217;emploi de l&rsquo;<em><strong>A*<\/strong><\/em>, sp\u00e9cialit\u00e9 plus concentr\u00e9e en dim\u00e9tridazole que le <em><strong>T*<\/strong><\/em>&#8230; Mal contr\u00f4l\u00e9e, une surconsommation d&rsquo;eau de boisson trop dos\u00e9e en m\u00e9dicament peut entra\u00eener l&rsquo;apparition de sympt\u00f4mes nerveux, heureusement r\u00e9versibles et ne laissant aucune s\u00e9quelle. C&rsquo;est n\u00e9anmoins ce produit que j&rsquo;utilise l&rsquo;<em><strong>A*<\/strong><\/em>.<\/p>\n<div id=\"attachment_996\" style=\"width: 719px\" class=\"wp-caption aligncenter\"><img loading=\"lazy\" decoding=\"async\" aria-describedby=\"caption-attachment-996\" class=\"wp-image-996 size-full\" src=\"https:\/\/www.ornithologies.fr\/blog\/lesoiseauxdumonde\/wp-content\/uploads\/sites\/4\/Canari-isabelle-jaune-intensif.jpg\" alt=\"\" width=\"719\" height=\"1024\" srcset=\"https:\/\/www.ornithologies.fr\/blog\/lesoiseauxdumonde\/wp-content\/uploads\/sites\/4\/Canari-isabelle-jaune-intensif.jpg 719w, https:\/\/www.ornithologies.fr\/blog\/lesoiseauxdumonde\/wp-content\/uploads\/sites\/4\/Canari-isabelle-jaune-intensif-454x647.jpg 454w, https:\/\/www.ornithologies.fr\/blog\/lesoiseauxdumonde\/wp-content\/uploads\/sites\/4\/Canari-isabelle-jaune-intensif-211x300.jpg 211w, https:\/\/www.ornithologies.fr\/blog\/lesoiseauxdumonde\/wp-content\/uploads\/sites\/4\/Canari-isabelle-jaune-intensif-600x855.jpg 600w, https:\/\/www.ornithologies.fr\/blog\/lesoiseauxdumonde\/wp-content\/uploads\/sites\/4\/Canari-isabelle-jaune-intensif-223x317.jpg 223w\" sizes=\"auto, (max-width: 719px) 100vw, 719px\" \/><p id=\"caption-attachment-996\" class=\"wp-caption-text\">Canari isabelle jaune intensif [\u00a9 Guy Doumergue &#8211; El. Bernard Tantart &#8211; Gravelines 2013]<\/p><\/div>Le traitement curatif, entrepris lorsque la maladie est constat\u00e9e, n\u00e9cessite une dur\u00e9e de traitement de 7 jours. Son exceptionnelle innocuit\u00e9 (aucun effet secondaire n&rsquo;a jamais \u00e9t\u00e9 constat\u00e9 et des doses correspondant \u00e0 32 fois la dose th\u00e9rapeutique n&rsquo;ont entra\u00een\u00e9 la mort d&rsquo;aucun canari&#8230;) permet son emploi pr\u00e9ventif :<\/p>\n<h2>Chez les canaris :<\/h2>\n<ul>\n<li>lors du sevrage, \u00e9ventuellement, avant la premi\u00e8re sortie.<\/li>\n<li>avant l&rsquo;accouplement, pendant la premi\u00e8re moiti\u00e9 de la couvaison.<\/li>\n<\/ul>\n<table>\n<tbody>\n<tr>\n<td>\n<h3><img loading=\"lazy\" decoding=\"async\" class=\"alignleft wp-image-674 size-thumbnail\" src=\"https:\/\/www.ornithologies.fr\/blog\/lesoiseauxdumonde\/wp-content\/uploads\/sites\/4\/ODM0315-116x150.png\" alt=\"\" width=\"116\" height=\"150\" \/>Retrouvez cet article et bien d&rsquo;autres<\/h3>\n<h6>dans la revue Les Oiseaux du Monde n\u00b0325 &#8211; Mars 2015<\/h6>\n<h5>chaque mois les Oiseaux du Monde viennent nicher dans votre boite \u00e0 lettres.<\/h5>\n<h6>POUR NE PAS EN PERDRE UNE MIETTE, <a href=\"https:\/\/www.ornithologies.fr\/blog\/lesoiseauxdumonde\/abonnez-vous\/\">ABONNEZ-VOUS<\/a> !<\/h6>\n<\/td>\n<\/tr>\n<\/tbody>\n<\/table>\n","protected":false},"excerpt":{"rendered":"<h2 style=\"text-align: right;\">Bernard TANTART<\/h2>\n<h6>Oiseaux du Monde n\u00b0325 &#8211; Mars 2015<\/h6>\n<h1>N&rsquo;oubliez pas la trichomonose !<\/h1>\n<p>Depuis que je fais des canaris, c&rsquo;est \u00e0 dire depuis plus de 14 ans, je fais syst\u00e9matiquement des traitements pr\u00e9ventifs \u00e0 des p\u00e9riodes bien d\u00e9finies dans mon ann\u00e9e d&rsquo;\u00e9levage. Et avant l&rsquo;accouplement c&rsquo;est une p\u00e9riode qu\u2019il est n\u00e9cessaire de &hellip; <\/p>\n<p><a class=\"more-link btn\" href=\"https:\/\/www.ornithologies.fr\/blog\/lesoiseauxdumonde\/la-trichomonose-du-canari\/\">Lire la suite<\/a><\/p>\n","protected":false},"author":1,"featured_media":996,"comment_status":"open","ping_status":"open","sticky":false,"template":"","format":"standard","meta":{"footnotes":""},"categories":[48,257],"tags":[323,468,478,65,485,190,252,35,484,481,479,480,483,482,474],"class_list":["post-991","post","type-post","status-publish","format-standard","has-post-thumbnail","hentry","category-article","category-canaris","tag-323","tag-468","tag-bernard-tantart","tag-canari","tag-curatif","tag-description","tag-maladies","tag-mars","tag-preventif","tag-protozoaire","tag-sante","tag-symptomes","tag-traitement","tag-transmission","tag-trichomonose","nodate","item-wrap"],"_links":{"self":[{"href":"https:\/\/www.ornithologies.fr\/blog\/lesoiseauxdumonde\/wp-json\/wp\/v2\/posts\/991","targetHints":{"allow":["GET"]}}],"collection":[{"href":"https:\/\/www.ornithologies.fr\/blog\/lesoiseauxdumonde\/wp-json\/wp\/v2\/posts"}],"about":[{"href":"https:\/\/www.ornithologies.fr\/blog\/lesoiseauxdumonde\/wp-json\/wp\/v2\/types\/post"}],"author":[{"embeddable":true,"href":"https:\/\/www.ornithologies.fr\/blog\/lesoiseauxdumonde\/wp-json\/wp\/v2\/users\/1"}],"replies":[{"embeddable":true,"href":"https:\/\/www.ornithologies.fr\/blog\/lesoiseauxdumonde\/wp-json\/wp\/v2\/comments?post=991"}],"version-history":[{"count":1,"href":"https:\/\/www.ornithologies.fr\/blog\/lesoiseauxdumonde\/wp-json\/wp\/v2\/posts\/991\/revisions"}],"predecessor-version":[{"id":3272,"href":"https:\/\/www.ornithologies.fr\/blog\/lesoiseauxdumonde\/wp-json\/wp\/v2\/posts\/991\/revisions\/3272"}],"wp:featuredmedia":[{"embeddable":true,"href":"https:\/\/www.ornithologies.fr\/blog\/lesoiseauxdumonde\/wp-json\/wp\/v2\/media\/996"}],"wp:attachment":[{"href":"https:\/\/www.ornithologies.fr\/blog\/lesoiseauxdumonde\/wp-json\/wp\/v2\/media?parent=991"}],"wp:term":[{"taxonomy":"category","embeddable":true,"href":"https:\/\/www.ornithologies.fr\/blog\/lesoiseauxdumonde\/wp-json\/wp\/v2\/categories?post=991"},{"taxonomy":"post_tag","embeddable":true,"href":"https:\/\/www.ornithologies.fr\/blog\/lesoiseauxdumonde\/wp-json\/wp\/v2\/tags?post=991"}],"curies":[{"name":"wp","href":"https:\/\/api.w.org\/{rel}","templated":true}]}}