{"id":4193,"date":"2026-09-03T09:21:32","date_gmt":"2026-09-03T07:21:32","guid":{"rendered":"https:\/\/www.ornithologies.fr\/blog\/lesoiseauxdumonde\/?p=4193"},"modified":"2026-09-03T14:20:40","modified_gmt":"2026-09-03T12:20:40","slug":"edito-par-daniel-hans-4","status":"publish","type":"post","link":"https:\/\/www.ornithologies.fr\/blog\/lesoiseauxdumonde\/edito-par-daniel-hans-4\/","title":{"rendered":"\u00c9dito par Daniel Hans"},"content":{"rendered":"<div class=\"wp-block-image\">\n<figure class=\"alignright size-full is-resized\"><img loading=\"lazy\" decoding=\"async\" width=\"875\" height=\"1024\" src=\"https:\/\/www.ornithologies.fr\/blog\/lesoiseauxdumonde\/wp-content\/uploads\/sites\/4\/Daniel-Hans-4.jpg\" alt=\"\" class=\"wp-image-3156\" style=\"aspect-ratio:0.85546875;width:219px;height:auto\" srcset=\"https:\/\/www.ornithologies.fr\/blog\/lesoiseauxdumonde\/wp-content\/uploads\/sites\/4\/Daniel-Hans-4.jpg 875w, https:\/\/www.ornithologies.fr\/blog\/lesoiseauxdumonde\/wp-content\/uploads\/sites\/4\/Daniel-Hans-4-256x300.jpg 256w, https:\/\/www.ornithologies.fr\/blog\/lesoiseauxdumonde\/wp-content\/uploads\/sites\/4\/Daniel-Hans-4-500x585.jpg 500w, https:\/\/www.ornithologies.fr\/blog\/lesoiseauxdumonde\/wp-content\/uploads\/sites\/4\/Daniel-Hans-4-768x899.jpg 768w, https:\/\/www.ornithologies.fr\/blog\/lesoiseauxdumonde\/wp-content\/uploads\/sites\/4\/Daniel-Hans-4-750x878.jpg 750w, https:\/\/www.ornithologies.fr\/blog\/lesoiseauxdumonde\/wp-content\/uploads\/sites\/4\/Daniel-Hans-4-820x960.jpg 820w\" sizes=\"auto, (max-width: 875px) 100vw, 875px\" \/><figcaption class=\"wp-element-caption\"><strong>Daniel Hans<\/strong><br>pr\u00e9sident de l&rsquo;UOF (COM France)<br><\/figcaption><\/figure>\n<\/div>\n\n\n<h6 class=\"wp-block-heading\">Oiseaux du Monde n\u00b0<a href=\"https:\/\/www.ornithologies.fr\/blog\/lesoiseauxdumonde\/sommaire-des-mois-daout-septembre-2026\/\" data-type=\"post\" data-id=\"3854\">439<\/a> &#8211; Ao\u00fbt-Septembre 2026<\/h6>\n\n\n\n<h2 class=\"wp-block-heading\">De nouveaux outils, des d\u00e9fis \u00e0 relever et un Mondial \u00e0 pr\u00e9parer\u2026<\/h2>\n\n\n\n<p class=\"has-drop-cap wp-block-paragraph\">Chers amis \u00e9leveurs, chers adh\u00e9rents,<\/p>\n\n\n\n<p class=\"wp-block-paragraph\">\u00c0 l\u2019heure o\u00f9 vous lirez cet \u00e9ditorial, l\u2019\u00e9t\u00e9 touchera \u00e0 sa fin et nous serons d\u00e9j\u00e0 \u00e0 l\u2019aube d\u2019une nouvelle saison ornithologique. J\u2019esp\u00e8re que la majorit\u00e9 d\u2019entre vous aura pu profiter d\u2019une belle p\u00e9riode estivale, faite de repos, de retrouvailles et de moments partag\u00e9s avec vos proches.<\/p>\n\n\n\n<p class=\"wp-block-paragraph\">Mais cet \u00e9t\u00e9 aura malheureusement \u00e9t\u00e9 marqu\u00e9 par une succession d\u2019\u00e9v\u00e9nements difficiles : canicule, s\u00e9cheresse, incendies de for\u00eat\u2026 Mes pens\u00e9es vont tout particuli\u00e8rement \u00e0 celles et ceux qui ont \u00e9t\u00e9 directement touch\u00e9s par ces \u00e9preuves, ainsi qu\u2019\u00e0 nos amis \u00e9leveurs qui ont parfois d\u00fb faire face, dans l\u2019urgence, \u00e0 des situations extr\u00eamement pr\u00e9occupantes pour prot\u00e9ger leurs familles, leurs biens et leurs oiseaux. Au nom de l\u2019Union Ornithologique de France, je tiens \u00e0 leur exprimer toute notre solidarit\u00e9.<\/p>\n\n\n\n<p class=\"wp-block-paragraph\">Cet \u00e9t\u00e9 aura \u00e9galement \u00e9t\u00e9 endeuill\u00e9 par la disparition aussi brutale qu\u2019inattendue de notre ami Fran\u00e7ois G\u00e9rardin, Pr\u00e9sident de la R\u00e9gion Ornithologique Est-France et du Club Ornithologique de Haute-Sa\u00f4ne.<br>Qui ne connaissait pas Fran\u00e7ois ? Juge reconnu en canaris de posture, \u00e9leveur exp\u00e9riment\u00e9 et organisateur infatigable, il aura consacr\u00e9 une grande partie de sa vie \u00e0 notre passion. Nous lui devons notamment l\u2019organisation de plusieurs Championnats de France, dont le dernier, \u00e0 Ronchamp en d\u00e9cembre 2025, reste encore dans toutes nos m\u00e9moires.<br>Avec sa disparition, l\u2019UOF perd l\u2019un de ses piliers. Pour ma part, apr\u00e8s avoir travaill\u00e9 plus de trente ann\u00e9es \u00e0 ses c\u00f4t\u00e9s, je perds un ami fid\u00e8le, un confident et un soutien sans faille.<br>Fran\u00e7ois se r\u00e9jouissait de participer \u00e0 la pr\u00e9paration du Championnat mondial de Colmar. J\u2019aurais tant aim\u00e9 le savoir encore \u00e0 nos c\u00f4t\u00e9s en janvier 2028.<br>Il y aurait mis toute son exp\u00e9rience, toute son \u00e9nergie et cette passion qui l\u2019animait profond\u00e9ment. Nous ne l\u2019oublierons pas et nous aurons \u00e0 c\u0153ur de lui d\u00e9dier ce grand rendez-vous.<\/p>\n\n\n\n<h2 class=\"wp-block-heading\">Malgr\u00e9 la tristesse, la vie de notre Union doit continuer et nous voici d\u00e9sormais \u00e0 l\u2019aube de la saison des concours 2026.<\/h2>\n\n\n\n<p class=\"wp-block-paragraph\">Cette rentr\u00e9e sera notamment marqu\u00e9e par la mise \u00e0 disposition de nouveaux outils informatiques destin\u00e9s \u00e0 faciliter le travail de nos \u00e9leveurs, de nos clubs et de nos organisateurs :<\/p>\n\n\n\n<ul class=\"wp-block-list\">\n<li>Ornithonet.com, pour l\u2019enregistrement et la saisie des oiseaux ;<\/li>\n\n\n\n<li>Ornitho-Expo 10, pour la gestion des expositions et des concours ;<\/li>\n\n\n\n<li>Ornitho-Juge 5, pour permettre le jugement sur tablettes. <\/li>\n<\/ul>\n\n\n\n<p class=\"wp-block-paragraph\">Au moment o\u00f9 j\u2019\u00e9cris ces lignes, je parcours les diff\u00e9rentes r\u00e9gions de France \u00e0 la rencontre des responsables et des clubs pour leur pr\u00e9senter ces nouveaux outils et r\u00e9pondre \u00e0 leurs questions. D\u2019autres visioconf\u00e9rences seront organis\u00e9es pour accompagner leur prise en main et permettre \u00e0 chacun de se familiariser progressivement avec ces \u00e9volutions.<\/p>\n\n\n\n<div class=\"wp-block-media-text is-stacked-on-mobile is-vertically-aligned-center\" style=\"grid-template-columns:30% auto\"><figure class=\"wp-block-media-text__media\"><a href=\"https:\/\/www.ornithologies.fr\/blog\/lesoiseauxdumonde\/sommaire-des-mois-daout-septembre-2026\/\"><img loading=\"lazy\" decoding=\"async\" width=\"500\" height=\"647\" src=\"https:\/\/www.ornithologies.fr\/blog\/lesoiseauxdumonde\/wp-content\/uploads\/sites\/4\/ODM0826.png\" alt=\"\" class=\"wp-image-4182 size-full\" srcset=\"https:\/\/www.ornithologies.fr\/blog\/lesoiseauxdumonde\/wp-content\/uploads\/sites\/4\/ODM0826.png 500w, https:\/\/www.ornithologies.fr\/blog\/lesoiseauxdumonde\/wp-content\/uploads\/sites\/4\/ODM0826-232x300.png 232w\" sizes=\"auto, (max-width: 500px) 100vw, 500px\" \/><\/a><\/figure><div class=\"wp-block-media-text__content\">\n<hr class=\"wp-block-separator has-css-opacity is-style-wide\"\/>\n\n\n\n<h1 class=\"wp-block-heading\">Retrouvez cet article et bien d&rsquo;autres<\/h1>\n\n\n\n<h4 class=\"wp-block-heading\">dans la revue Les Oiseaux du Monde n\u00b0<a href=\"https:\/\/www.ornithologies.fr\/blog\/lesoiseauxdumonde\/sommaire-des-mois-daout-septembre-2026\/\" data-type=\"post\" data-id=\"3854\">439<\/a> &#8211; Ao\u00fbt-Septembre 2026<\/h4>\n\n\n\n<p class=\"wp-block-paragraph\">Chaque mois les Oiseaux du Monde viennent nicher dans votre boite \u00e0 lettres.<\/p>\n\n\n\n<p class=\"wp-block-paragraph\">POUR NE PAS EN PERDRE UNE MIETTE, <a href=\"https:\/\/www.ornithologies.fr\/blog\/lesoiseauxdumonde\/abonnez-vous\/\">ABONNEZ-VOUS<\/a> !<\/p>\n\n\n\n<hr class=\"wp-block-separator has-css-opacity is-style-wide\"\/>\n\n\n\n<div style=\"height:25px\" aria-hidden=\"true\" class=\"wp-block-spacer\"><\/div>\n<\/div><\/div>\n\n\n\n<p class=\"wp-block-paragraph\">Je tiens \u00e0 remercier tr\u00e8s chaleureusement notre d\u00e9veloppeur, Cyrille, pour l\u2019important travail accompli, ainsi que Jos\u00e9 Bernicot, qui a r\u00e9alis\u00e9 les diff\u00e9rents tutoriels mis \u00e0 votre disposition. Ces nouveaux supports repr\u00e9sentent une avanc\u00e9e consid\u00e9rable : ils simplifieront les inscriptions, s\u00e9curiseront la gestion de nos concours et all\u00e9geront sensiblement le travail de nos b\u00e9n\u00e9voles.<\/p>\n\n\n\n<p class=\"wp-block-paragraph\">C\u00f4t\u00e9 l\u00e9gislation, deux dossiers majeurs retiennent actuellement toute notre attention : la r\u00e9vision de l\u2019arr\u00eat\u00e9 du 11 ao\u00fbt 2006 relatif aux esp\u00e8ces domestiques et la future \u00ab liste positive \u00bb concernant la d\u00e9tention des esp\u00e8ces animales non domestiques.<\/p>\n\n\n\n<h3 class=\"wp-block-heading\">Sur ces deux sujets, je tiens \u00e0 vous rassurer : l\u2019Union Ornithologique de France est pleinement mobilis\u00e9e.<\/h3>\n\n\n\n<p class=\"wp-block-paragraph\">\u00c0 travers l\u2019UNICAB et avec le concours de plusieurs sp\u00e9cialistes, nous avons engag\u00e9 un important travail d\u2019analyse et de propositions. Des r\u00e9unions ont d\u00e9j\u00e0 \u00e9t\u00e9 organis\u00e9es et nous participerons activement aux prochaines concertations afin de faire entendre la voix des \u00e9leveurs, de d\u00e9fendre nos pratiques et de pr\u00e9server l\u2019avenir d\u2019un \u00e9levage amateur s\u00e9rieux et responsable.<br>Je souhaite \u00e0 ce titre saluer le remarquable travail accompli par Kamel Latreche. Depuis plusieurs mois, il multiplie les d\u00e9marches aupr\u00e8s des minist\u00e8res, des administrations et des responsables politiques. Il travaille \u00e9galement, avec les experts de l\u2019UNICAB et plusieurs juges sp\u00e9cialis\u00e9s, \u00e0 la r\u00e9vision des textes et des listes d\u2019esp\u00e8ces. Son engagement, sa disponibilit\u00e9 et sa connaissance des dossiers sont aujourd\u2019hui unanimement reconnus.<\/p>\n\n\n\n<p class=\"wp-block-paragraph\">La mobilisation de nos pr\u00e9sidents de r\u00e9gion, de nos clubs et de nos adh\u00e9rents est \u00e9galement essentielle. Les d\u00e9marches entreprises localement aupr\u00e8s des d\u00e9put\u00e9s et des s\u00e9nateurs compl\u00e8tent utilement les actions men\u00e9es au niveau national. C\u2019est par cette mobilisation concert\u00e9e, \u00e0 tous les niveaux, que nous pourrons peser sur les d\u00e9cisions \u00e0 venir.<\/p>\n\n\n\n<p class=\"wp-block-paragraph\">D\u00e8s le mois de septembre, le site UOF Protection sera r\u00e9guli\u00e8rement aliment\u00e9 avec des informations, des documents et le compte rendu des actions engag\u00e9es. Nous souhaitons ainsi vous tenir inform\u00e9s de mani\u00e8re claire et transparente de l\u2019\u00e9volution de ces dossiers.<\/p>\n\n\n\n<p class=\"wp-block-paragraph\">Nous sommes \u00e9galement pr\u00e9sents aux c\u00f4t\u00e9s des \u00e9leveurs confront\u00e9s \u00e0 des difficult\u00e9s administratives. Plusieurs situations nous ont d\u00e9j\u00e0 \u00e9t\u00e9 soumises et, chaque fois que cela est possible, nous intervenons pour accompagner les personnes concern\u00e9es, expliquer les r\u00e9glementations et rechercher des solutions.<\/p>\n\n\n\n<p class=\"wp-block-paragraph\">Le travail qui nous attend est consid\u00e9rable, mais nous avan\u00e7ons avec d\u00e9termination. D\u00e9fendre notre passion exige de la constance, du dialogue et une v\u00e9ritable strat\u00e9gie collective.Ensemble, continuons \u00e0 faire reconna\u00eetre nos connaissances, notre exp\u00e9rience et la contribution d\u2019un \u00e9levage responsable \u00e0 la pr\u00e9servation des esp\u00e8ces et de la biodiversit\u00e9.<\/p>\n\n\n\n<h2 class=\"wp-block-heading\">Je ne pourrais enfin terminer cet \u00e9ditorial sans \u00e9voquer le Championnat mondial de 2028 \u00e0 Colmar.<\/h2>\n\n\n\n<p class=\"wp-block-paragraph\">Certains d\u2019entre vous s\u2019\u00e9tonnent peut-\u00eatre de ne pas encore avoir re\u00e7u davantage d\u2019informations. Soyez rassur\u00e9s : le projet avance et sa pr\u00e9paration est bien engag\u00e9e. Notre priorit\u00e9 de ces derniers mois \u00e9tait d\u2019achever les nouveaux outils informatiques afin qu\u2019ils soient op\u00e9rationnels pour cette rentr\u00e9e. Cette \u00e9tape essentielle \u00e9tant d\u00e9sormais franchie, nous allons pouvoir concentrer pleinement nos forces sur l\u2019organisation du Mondial. Des informations vous seront communiqu\u00e9es progressivement au cours des prochaines semaines, notamment par l\u2019interm\u00e9diaire de vos pr\u00e9sidents de r\u00e9gion et de club. Un tel \u00e9v\u00e9nement ne pourra r\u00e9ussir qu\u2019avec l\u2019adh\u00e9sion, l\u2019implication et l\u2019enthousiasme de tous les membres de notre Union. Nous aurons besoin de toutes les comp\u00e9tences, de toutes les bonnes volont\u00e9s et de toutes les \u00e9nergies pour faire de Colmar 2028 un rendez-vous exceptionnel et une magnifique vitrine de l\u2019ornithologie fran\u00e7aise.<\/p>\n\n\n\n<h2 class=\"wp-block-heading\">Notre Union a devant elle de nombreux d\u00e9fis, mais aussi de tr\u00e8s beaux projets.<\/h2>\n\n\n\n<p class=\"wp-block-paragraph\">C\u2019est ensemble, dans la confiance, la solidarit\u00e9 et la convivialit\u00e9, que nous les m\u00e8nerons \u00e0 bien. Pour l\u2019heure, je souhaite \u00e0 chacune et \u00e0 chacun d\u2019entre vous une belle rentr\u00e9e, une belle saison d\u2019expositions et de concours.<\/p>\n\n\n\n<p class=\"wp-block-paragraph\"><em>Bien sinc\u00e8rement,<\/em><br><strong>Daniel Hans<\/strong><\/p>\n\n\n\n<figure class=\"wp-block-image size-large\"><img loading=\"lazy\" decoding=\"async\" width=\"1280\" height=\"721\" src=\"https:\/\/www.ornithologies.fr\/blog\/lesoiseauxdumonde\/wp-content\/uploads\/sites\/4\/Formation-Ornitho-expo-1280x721.jpg\" alt=\"\" class=\"wp-image-4194\" srcset=\"https:\/\/www.ornithologies.fr\/blog\/lesoiseauxdumonde\/wp-content\/uploads\/sites\/4\/Formation-Ornitho-expo-1280x721.jpg 1280w, https:\/\/www.ornithologies.fr\/blog\/lesoiseauxdumonde\/wp-content\/uploads\/sites\/4\/Formation-Ornitho-expo-300x169.jpg 300w, https:\/\/www.ornithologies.fr\/blog\/lesoiseauxdumonde\/wp-content\/uploads\/sites\/4\/Formation-Ornitho-expo-500x282.jpg 500w, https:\/\/www.ornithologies.fr\/blog\/lesoiseauxdumonde\/wp-content\/uploads\/sites\/4\/Formation-Ornitho-expo-768x432.jpg 768w, https:\/\/www.ornithologies.fr\/blog\/lesoiseauxdumonde\/wp-content\/uploads\/sites\/4\/Formation-Ornitho-expo-1536x865.jpg 1536w, https:\/\/www.ornithologies.fr\/blog\/lesoiseauxdumonde\/wp-content\/uploads\/sites\/4\/Formation-Ornitho-expo-750x422.jpg 750w, https:\/\/www.ornithologies.fr\/blog\/lesoiseauxdumonde\/wp-content\/uploads\/sites\/4\/Formation-Ornitho-expo-960x541.jpg 960w, https:\/\/www.ornithologies.fr\/blog\/lesoiseauxdumonde\/wp-content\/uploads\/sites\/4\/Formation-Ornitho-expo.jpg 1920w\" sizes=\"auto, (max-width: 1280px) 100vw, 1280px\" \/><figcaption class=\"wp-element-caption\">Journ\u00e9e de formation sur le nouveau logiciel OnithoExpo 10 \u00e0 Palavas-les-Flots le 22 ao\u00fbt 2026 \u00a9 Guy Doumergue<\/figcaption><\/figure>\n","protected":false},"excerpt":{"rendered":"<p>\u00c0 toutes et \u00e0 tous, une tr\u00e8s belle saison estivale !<br \/>\nC\u2019est avant tout le message que je souhaite vous adresser en ce d\u00e9but d\u2019\u00e9t\u00e9. Que cette p\u00e9riode vous offre un peu de r\u00e9pit et de ressourcement car elle passera vite, et d\u00e9j\u00e0 se profilent \u00e0 l\u2019horizon les expositions et concours de la rentr\u00e9e.<\/p><p><a class=\"more-link btn\" href=\"https:\/\/www.ornithologies.fr\/blog\/lesoiseauxdumonde\/edito-par-daniel-hans-4\/\">Lire la suite<\/a><\/p>\n","protected":false},"author":1,"featured_media":3156,"comment_status":"open","ping_status":"open","sticky":false,"template":"","format":"standard","meta":{"footnotes":""},"categories":[48,997],"tags":[1716,1765,146,322,83,1106,1454,947,877,1677,1721,1162,147,1475],"class_list":["post-4193","post","type-post","status-publish","format-standard","has-post-thumbnail","hentry","category-article","category-edito","tag-1716","tag-1765","tag-aout","tag-colmar","tag-daniel-hans","tag-francois-gerardin","tag-jose-bernicot","tag-kamel-latreche","tag-mondial","tag-ornitho-expo","tag-ornitho-juges","tag-ornithonet","tag-septembre","tag-unicab","nodate","item-wrap"],"_links":{"self":[{"href":"https:\/\/www.ornithologies.fr\/blog\/lesoiseauxdumonde\/wp-json\/wp\/v2\/posts\/4193","targetHints":{"allow":["GET"]}}],"collection":[{"href":"https:\/\/www.ornithologies.fr\/blog\/lesoiseauxdumonde\/wp-json\/wp\/v2\/posts"}],"about":[{"href":"https:\/\/www.ornithologies.fr\/blog\/lesoiseauxdumonde\/wp-json\/wp\/v2\/types\/post"}],"author":[{"embeddable":true,"href":"https:\/\/www.ornithologies.fr\/blog\/lesoiseauxdumonde\/wp-json\/wp\/v2\/users\/1"}],"replies":[{"embeddable":true,"href":"https:\/\/www.ornithologies.fr\/blog\/lesoiseauxdumonde\/wp-json\/wp\/v2\/comments?post=4193"}],"version-history":[{"count":4,"href":"https:\/\/www.ornithologies.fr\/blog\/lesoiseauxdumonde\/wp-json\/wp\/v2\/posts\/4193\/revisions"}],"predecessor-version":[{"id":4198,"href":"https:\/\/www.ornithologies.fr\/blog\/lesoiseauxdumonde\/wp-json\/wp\/v2\/posts\/4193\/revisions\/4198"}],"wp:featuredmedia":[{"embeddable":true,"href":"https:\/\/www.ornithologies.fr\/blog\/lesoiseauxdumonde\/wp-json\/wp\/v2\/media\/3156"}],"wp:attachment":[{"href":"https:\/\/www.ornithologies.fr\/blog\/lesoiseauxdumonde\/wp-json\/wp\/v2\/media?parent=4193"}],"wp:term":[{"taxonomy":"category","embeddable":true,"href":"https:\/\/www.ornithologies.fr\/blog\/lesoiseauxdumonde\/wp-json\/wp\/v2\/categories?post=4193"},{"taxonomy":"post_tag","embeddable":true,"href":"https:\/\/www.ornithologies.fr\/blog\/lesoiseauxdumonde\/wp-json\/wp\/v2\/tags?post=4193"}],"curies":[{"name":"wp","href":"https:\/\/api.w.org\/{rel}","templated":true}]}}