{"id":4189,"date":"2026-09-01T14:17:11","date_gmt":"2026-09-01T12:17:11","guid":{"rendered":"https:\/\/www.ornithologies.fr\/blog\/lesoiseauxdumonde\/?p=4189"},"modified":"2026-09-01T14:17:13","modified_gmt":"2026-09-01T12:17:13","slug":"bourse-exposition-oiseaux-exotiques-et-volailles-de-locv","status":"publish","type":"post","link":"https:\/\/www.ornithologies.fr\/blog\/lesoiseauxdumonde\/bourse-exposition-oiseaux-exotiques-et-volailles-de-locv\/","title":{"rendered":"Bourse exposition Oiseaux exotiques et volailles de l&rsquo;OCV"},"content":{"rendered":"<div class=\"wp-block-image\">\n<figure class=\"alignleft size-full is-resized\"><a href=\"https:\/\/www.ornithologies.fr\/blog\/lesoiseauxdumonde\/wp-content\/uploads\/sites\/4\/Bourse-OCV-2026.jpg\" rel=\"lightbox[4189]\"><img loading=\"lazy\" decoding=\"async\" width=\"854\" height=\"1280\" src=\"https:\/\/www.ornithologies.fr\/blog\/lesoiseauxdumonde\/wp-content\/uploads\/sites\/4\/Bourse-OCV-2026.jpg\" alt=\"\" class=\"wp-image-4190\" style=\"width:226px;height:320px\" srcset=\"https:\/\/www.ornithologies.fr\/blog\/lesoiseauxdumonde\/wp-content\/uploads\/sites\/4\/Bourse-OCV-2026.jpg 854w, https:\/\/www.ornithologies.fr\/blog\/lesoiseauxdumonde\/wp-content\/uploads\/sites\/4\/Bourse-OCV-2026-200x300.jpg 200w, https:\/\/www.ornithologies.fr\/blog\/lesoiseauxdumonde\/wp-content\/uploads\/sites\/4\/Bourse-OCV-2026-432x647.jpg 432w, https:\/\/www.ornithologies.fr\/blog\/lesoiseauxdumonde\/wp-content\/uploads\/sites\/4\/Bourse-OCV-2026-768x1151.jpg 768w, https:\/\/www.ornithologies.fr\/blog\/lesoiseauxdumonde\/wp-content\/uploads\/sites\/4\/Bourse-OCV-2026-750x1124.jpg 750w, https:\/\/www.ornithologies.fr\/blog\/lesoiseauxdumonde\/wp-content\/uploads\/sites\/4\/Bourse-OCV-2026-641x960.jpg 641w\" sizes=\"auto, (max-width: 854px) 100vw, 854px\" \/><\/a><\/figure>\n<\/div>\n\n\n<h2 class=\"wp-block-heading\">L&rsquo;Oiseau Club Vannetais organise une exposition\/bourse  le dimanche 4 octobre 2026 \u00e0 Pluneret.<\/h2>\n\n\n\n<p class=\"wp-block-paragraph\">Un contr\u00f4le sanitaire de tous les oiseaux sera effectu\u00e9 par un v\u00e9t\u00e9rinaire. Les \u00e9leveurs devront obligatoirement se pr\u00e9senter avec un certificat sanitaire d\u00e9livr\u00e9 par la DDPP de leur d\u00e9partement.<\/p>\n\n\n\n<p class=\"wp-block-paragraph\">Pr\u00e9sence d\u2019un marchand de graines et mat\u00e9riel. L\u2019entr\u00e9e et le droit d\u2019inscription seront de 5\u20ac par exposant. R\u00e9servation souhaitable pour les exposants.<\/p>\n\n\n\n<p class=\"wp-block-paragraph\">Bar et petite restauration<em> (galettes, cr\u00eapes, sandwiches)<\/em><\/p>\n\n\n\n<p class=\"wp-block-paragraph\"><strong>Lieu :<\/strong> salle Pommois, 12 rue de la Gare, PLUNERET.<br><strong>Ouverture au public : <\/strong>le dimanche 4 octobre.<br><strong>Entr\u00e9e : <\/strong>2,50\u20ac <em>(gratuit pour les &#8211; de 12 ans accompagn\u00e9s)<\/em><br><strong>Contact :<\/strong> Ludovic LE RAY &#8211; <strong>T\u00e9l. :<\/strong> 06 79 34 26 34 &#8211; <strong>Mail : <\/strong>francoisecorfmat@orange.fr<\/p>\n\n\n\n<hr class=\"wp-block-separator has-css-opacity\"\/>\n\n\n\n<h2 class=\"wp-block-heading\">Annoncez et partagez vos \u00e9v\u00e9nements !<\/h2>\n\n\n\n<p class=\"wp-block-paragraph\">Que ce soient vos concours, expositions, bourses, journ\u00e9es techniques, sorties coh\u00e9sion, r\u00e9unions ou tous autres \u00e9v\u00e9nements en rapport avec votre activit\u00e9 associative, pass\u00e9s ou \u00e0 venir, vous pouvez les communiquer gr\u00e2ce au formulaire des <a href=\"https:\/\/www.ornithologies.fr\/blog\/lesoiseauxdumonde\/les-petites-annonces\/rediger-une-petite-annonce\/\" data-type=\"page\" data-id=\"1660\">petites annonces<\/a>. Votre \u00e9v\u00e9nement sera publi\u00e9 dans la rubrique \u00ab\u00a0<a href=\"https:\/\/www.ornithologies.fr\/blog\/lesoiseauxdumonde\/category\/vie-des-clubs\/\" data-type=\"URL\" data-id=\"https:\/\/www.ornithologies.fr\/blog\/lesoiseauxdumonde\/category\/vie-des-clubs\/\">La Vie des Clubs<\/a>\u00ab\u00a0.<\/p>\n\n\n\n<div class=\"wp-block-buttons is-content-justification-center is-layout-flex wp-container-core-buttons-is-layout-fe48e5de wp-block-buttons-is-layout-flex\">\n<div class=\"wp-block-button\"><a class=\"wp-block-button__link wp-element-button\" href=\"https:\/\/www.ornithologies.fr\/blog\/lesoiseauxdumonde\/les-petites-annonces\/rediger-une-petite-annonce\/\">Passer votre annonce<\/a><\/div>\n\n\n\n<div class=\"wp-block-button\"><a class=\"wp-block-button__link wp-element-button\" href=\"https:\/\/www.ornithologies.fr\/blog\/lesoiseauxdumonde\/category\/vie-des-clubs\/\">Toute la vie des Clubs<\/a><\/div>\n<\/div>\n\n\n\n<div style=\"height:50px\" aria-hidden=\"true\" class=\"wp-block-spacer\"><\/div>\n","protected":false},"excerpt":{"rendered":"<h2 class=\"wp-block-heading\">L&rsquo;Oiseau Club Vannetais organise une exposition\/bourse le dimanche 4 octobre 2026 \u00e0 Pluneret.<\/h2>\n<p class=\"wp-block-paragraph\">Un contr\u00f4le sanitaire de tous les oiseaux sera effectu\u00e9 par un v\u00e9t\u00e9rinaire. Les \u00e9leveurs devront obligatoirement se pr\u00e9senter avec un certificat sanitaire d\u00e9livr\u00e9 par la DDPP de leur d\u00e9partement.<\/p>\n<p class=\"wp-block-paragraph\">Pr\u00e9sence d\u2019un marchand de graines et mat\u00e9riel. L\u2019entr\u00e9e et le &hellip; <\/p>\n<p><a class=\"more-link btn\" href=\"https:\/\/www.ornithologies.fr\/blog\/lesoiseauxdumonde\/bourse-exposition-oiseaux-exotiques-et-volailles-de-locv\/\">Lire la suite<\/a><\/p>\n","protected":false},"author":1,"featured_media":4190,"comment_status":"open","ping_status":"open","sticky":false,"template":"","format":"standard","meta":{"footnotes":""},"categories":[1076],"tags":[1167,1773,1774],"class_list":["post-4189","post","type-post","status-publish","format-standard","has-post-thumbnail","hentry","category-vie-des-clubs","tag-bourse","tag-ocv","tag-pluneret","nodate","item-wrap"],"_links":{"self":[{"href":"https:\/\/www.ornithologies.fr\/blog\/lesoiseauxdumonde\/wp-json\/wp\/v2\/posts\/4189","targetHints":{"allow":["GET"]}}],"collection":[{"href":"https:\/\/www.ornithologies.fr\/blog\/lesoiseauxdumonde\/wp-json\/wp\/v2\/posts"}],"about":[{"href":"https:\/\/www.ornithologies.fr\/blog\/lesoiseauxdumonde\/wp-json\/wp\/v2\/types\/post"}],"author":[{"embeddable":true,"href":"https:\/\/www.ornithologies.fr\/blog\/lesoiseauxdumonde\/wp-json\/wp\/v2\/users\/1"}],"replies":[{"embeddable":true,"href":"https:\/\/www.ornithologies.fr\/blog\/lesoiseauxdumonde\/wp-json\/wp\/v2\/comments?post=4189"}],"version-history":[{"count":1,"href":"https:\/\/www.ornithologies.fr\/blog\/lesoiseauxdumonde\/wp-json\/wp\/v2\/posts\/4189\/revisions"}],"predecessor-version":[{"id":4191,"href":"https:\/\/www.ornithologies.fr\/blog\/lesoiseauxdumonde\/wp-json\/wp\/v2\/posts\/4189\/revisions\/4191"}],"wp:featuredmedia":[{"embeddable":true,"href":"https:\/\/www.ornithologies.fr\/blog\/lesoiseauxdumonde\/wp-json\/wp\/v2\/media\/4190"}],"wp:attachment":[{"href":"https:\/\/www.ornithologies.fr\/blog\/lesoiseauxdumonde\/wp-json\/wp\/v2\/media?parent=4189"}],"wp:term":[{"taxonomy":"category","embeddable":true,"href":"https:\/\/www.ornithologies.fr\/blog\/lesoiseauxdumonde\/wp-json\/wp\/v2\/categories?post=4189"},{"taxonomy":"post_tag","embeddable":true,"href":"https:\/\/www.ornithologies.fr\/blog\/lesoiseauxdumonde\/wp-json\/wp\/v2\/tags?post=4189"}],"curies":[{"name":"wp","href":"https:\/\/api.w.org\/{rel}","templated":true}]}}