{"id":4181,"date":"2026-09-01T11:13:02","date_gmt":"2026-09-01T09:13:02","guid":{"rendered":"https:\/\/www.ornithologies.fr\/blog\/lesoiseauxdumonde\/?p=4181"},"modified":"2026-09-01T11:13:03","modified_gmt":"2026-09-01T09:13:03","slug":"sommaire-des-mois-daout-septembre-2026","status":"publish","type":"post","link":"https:\/\/www.ornithologies.fr\/blog\/lesoiseauxdumonde\/sommaire-des-mois-daout-septembre-2026\/","title":{"rendered":"Sommaire des mois d&rsquo;Ao\u00fbt-Septembre 2026"},"content":{"rendered":"\n<h1 class=\"wp-block-heading\">Conure de Molina opaline cinnamon<\/h1>\n\n\n\n<h2 class=\"wp-block-heading\">Au sommaire du n\u00b0 439<\/h2>\n\n\n<div class=\"wp-block-image\">\n<figure class=\"alignleft size-full is-resized\"><a href=\"https:\/\/www.ornithologies.fr\/blog\/lesoiseauxdumonde\/wp-content\/uploads\/sites\/4\/ODM0826.png\" rel=\"lightbox[4181]\"><img loading=\"lazy\" decoding=\"async\" width=\"500\" height=\"647\" src=\"https:\/\/www.ornithologies.fr\/blog\/lesoiseauxdumonde\/wp-content\/uploads\/sites\/4\/ODM0826.png\" alt=\"\" class=\"wp-image-4182\" style=\"width:250px;height:324px\" srcset=\"https:\/\/www.ornithologies.fr\/blog\/lesoiseauxdumonde\/wp-content\/uploads\/sites\/4\/ODM0826.png 500w, https:\/\/www.ornithologies.fr\/blog\/lesoiseauxdumonde\/wp-content\/uploads\/sites\/4\/ODM0826-232x300.png 232w\" sizes=\"auto, (max-width: 500px) 100vw, 500px\" \/><\/a><\/figure>\n<\/div>\n\n\n<ul class=\"wp-block-list\">\n<li>p.1 \u25ba \u00c9ditorial de Daniel Hans<\/li>\n\n\n\n<li>p.4 \u25ba Hommage \u00e0 Fran\u00e7ois G\u00e9rardin<\/li>\n\n\n\n<li>p.6 \u25ba Canari jaune ivoire schimmel<\/li>\n\n\n\n<li>p.8 \u25ba La lankesterellose, une maladie insidieuse, mon exp\u00e9rience personnelle<\/li>\n\n\n\n<li>p.11 \u25ba Mon exp\u00e9rience avec l\u2019\u00c9tourneau de Rothschild <em>(Leucopsar Rothschildi)<\/em><\/li>\n\n\n\n<li>p.13 \u25ba \u00c9levage \u00e0 la main de l\u2019\u00c9tourneau de Rothschild <em>(Leucopsar Rothschildi)<\/em><\/li>\n\n\n\n<li>p.16 \u25ba Le Grand Coucal en \u00e9levage <em>(Centropus sinensis)<\/em><\/li>\n\n\n\n<li>p.19 \u25ba Des graines germ\u00e9es pour les Perruches ondul\u00e9es<\/li>\n\n\n\n<li>p.23 \u25ba \u00c9levage des <em>Pyrrhura<\/em><\/li>\n\n\n\n<li>p.27 \u25ba Le genre <em>Pyrrhura<\/em><\/li>\n\n\n\n<li>p.31 \u25ba Jugement de la Colombine lumachelle <em>Phaps chalcoptera<\/em><\/li>\n\n\n\n<li>p.32 \u25ba La page du d\u00e9butant : La past\u00e8que<\/li>\n<\/ul>\n\n\n\n<h5 class=\"wp-block-heading\">Retrouvez gratuitement les petites annonces et toute la vie associative directement dans votre bo\u00eete e-mail au travers des Nouvelles de l\u2019UOF.<\/h5>\n\n\n\n<div class=\"wp-block-buttons is-content-justification-center is-layout-flex wp-container-core-buttons-is-layout-fe48e5de wp-block-buttons-is-layout-flex\">\n<div class=\"wp-block-button\"><a class=\"wp-block-button__link wp-element-button\" href=\"https:\/\/www.ornithologies.fr\/boutique\/revue\/328-odm-n439.html\" target=\"_blank\" rel=\"noreferrer noopener\">Acheter un exemplaire<\/a><\/div>\n\n\n\n<div class=\"wp-block-button\"><a class=\"wp-block-button__link wp-element-button\" href=\"https:\/\/www.ornithologies.fr\/blog\/lesoiseauxdumonde\/abonnez-vous\/\" target=\"_blank\" rel=\"noreferrer noopener\">Abonnement<\/a><\/div>\n<\/div>\n\n\n\n<div style=\"height:50px\" aria-hidden=\"true\" class=\"wp-block-spacer\"><\/div>\n\n\n\n<p class=\"wp-block-paragraph\"><\/p>\n","protected":false},"excerpt":{"rendered":"<h1 class=\"wp-block-heading\">Conure de Molina opaline cinnamon<\/h1>\n<h2 class=\"wp-block-heading\">Au sommaire du n\u00b0 439<\/h2>\n<ul class=\"wp-block-list\">\n<li>p.1 \u25ba \u00c9ditorial de Daniel Hans<\/li>\n<li>p.4 \u25ba Hommage \u00e0 Fran\u00e7ois G\u00e9rardin<\/li>\n<li>p.6 \u25ba Canari jaune ivoire schimmel<\/li>\n<li>p.8 \u25ba La lankesterellose, une maladie insidieuse, mon exp\u00e9rience personnelle<\/li>\n<li>p.11 \u25ba Mon exp\u00e9rience avec l\u2019\u00c9tourneau de Rothschild (Leucopsar Rothschildi)<\/li>\n<li>p.13 \u25ba \u00c9levage &hellip;\n<p><a class=\"more-link btn\" href=\"https:\/\/www.ornithologies.fr\/blog\/lesoiseauxdumonde\/sommaire-des-mois-daout-septembre-2026\/\">Lire la suite<\/a><\/p>\n<\/li>\n<\/ul>\n","protected":false},"author":1,"featured_media":4182,"comment_status":"open","ping_status":"open","sticky":false,"template":"","format":"standard","meta":{"footnotes":""},"categories":[2],"tags":[1716,1765,146,1766,1769,83,1106,986,839,1767,1768,1772,1024,1771,1770,147,412],"class_list":["post-4181","post","type-post","status-publish","format-standard","has-post-thumbnail","hentry","category-sommaire","tag-1716","tag-1765","tag-aout","tag-canari-jaune","tag-centropus-sinensis","tag-daniel-hans","tag-francois-gerardin","tag-graines-germees","tag-hommage","tag-lankesterellose","tag-leucopsar-rothschildi","tag-pasteque","tag-perruche-ondulee","tag-phaps-chalcoptera","tag-pyrrhura","tag-septembre","tag-sommaire","nodate","item-wrap"],"_links":{"self":[{"href":"https:\/\/www.ornithologies.fr\/blog\/lesoiseauxdumonde\/wp-json\/wp\/v2\/posts\/4181","targetHints":{"allow":["GET"]}}],"collection":[{"href":"https:\/\/www.ornithologies.fr\/blog\/lesoiseauxdumonde\/wp-json\/wp\/v2\/posts"}],"about":[{"href":"https:\/\/www.ornithologies.fr\/blog\/lesoiseauxdumonde\/wp-json\/wp\/v2\/types\/post"}],"author":[{"embeddable":true,"href":"https:\/\/www.ornithologies.fr\/blog\/lesoiseauxdumonde\/wp-json\/wp\/v2\/users\/1"}],"replies":[{"embeddable":true,"href":"https:\/\/www.ornithologies.fr\/blog\/lesoiseauxdumonde\/wp-json\/wp\/v2\/comments?post=4181"}],"version-history":[{"count":3,"href":"https:\/\/www.ornithologies.fr\/blog\/lesoiseauxdumonde\/wp-json\/wp\/v2\/posts\/4181\/revisions"}],"predecessor-version":[{"id":4186,"href":"https:\/\/www.ornithologies.fr\/blog\/lesoiseauxdumonde\/wp-json\/wp\/v2\/posts\/4181\/revisions\/4186"}],"wp:featuredmedia":[{"embeddable":true,"href":"https:\/\/www.ornithologies.fr\/blog\/lesoiseauxdumonde\/wp-json\/wp\/v2\/media\/4182"}],"wp:attachment":[{"href":"https:\/\/www.ornithologies.fr\/blog\/lesoiseauxdumonde\/wp-json\/wp\/v2\/media?parent=4181"}],"wp:term":[{"taxonomy":"category","embeddable":true,"href":"https:\/\/www.ornithologies.fr\/blog\/lesoiseauxdumonde\/wp-json\/wp\/v2\/categories?post=4181"},{"taxonomy":"post_tag","embeddable":true,"href":"https:\/\/www.ornithologies.fr\/blog\/lesoiseauxdumonde\/wp-json\/wp\/v2\/tags?post=4181"}],"curies":[{"name":"wp","href":"https:\/\/api.w.org\/{rel}","templated":true}]}}