{"id":408,"date":"2016-08-11T14:24:18","date_gmt":"2016-08-11T12:24:18","guid":{"rendered":"http:\/\/www.ornithologies.fr\/blog\/lesoiseauxdumonde\/?p=408"},"modified":"2024-01-22T15:49:45","modified_gmt":"2024-01-22T14:49:45","slug":"vous-avez-dit-albinos","status":"publish","type":"post","link":"https:\/\/www.ornithologies.fr\/blog\/lesoiseauxdumonde\/vous-avez-dit-albinos\/","title":{"rendered":"Vous avez dit \u00ab albinos \u00bb ?"},"content":{"rendered":"<h2 style=\"text-align: right;\">Lionel DUROCHAT<\/h2>\n<h6>Oiseaux du Monde n\u00b0339 &#8211; Ao\u00fbt-Septembre 2016<\/h6>\n<p>L\u2019albinisme. Voil\u00e0 un sujet r\u00e9current que l\u2019on retrouve r\u00e9guli\u00e8rement pendant les r\u00e9unions mensuelles des clubs, lors des expositions ou sur Internet ! Sur le Web, on trouve d\u2019ailleurs quantit\u00e9 de photos de sp\u00e9cimens soit disant albinos\u2026 Soit disant car les erreurs sont multiples\u2026<\/p>\n<p>Voici donc un topo sur le sujet\u2026<\/p>\n<h3>Albinisme et leucisme<\/h3>\n<div id=\"attachment_411\" style=\"width: 500px\" class=\"wp-caption aligncenter\"><img loading=\"lazy\" decoding=\"async\" aria-describedby=\"caption-attachment-411\" class=\"size-full wp-image-411\" src=\"https:\/\/www.ornithologies.fr\/blog\/lesoiseauxdumonde\/wp-content\/uploads\/sites\/4\/canari-albino.jpg\" alt=\"\" width=\"500\" height=\"332\" srcset=\"https:\/\/www.ornithologies.fr\/blog\/lesoiseauxdumonde\/wp-content\/uploads\/sites\/4\/canari-albino.jpg 500w, https:\/\/www.ornithologies.fr\/blog\/lesoiseauxdumonde\/wp-content\/uploads\/sites\/4\/canari-albino-150x100.jpg 150w, https:\/\/www.ornithologies.fr\/blog\/lesoiseauxdumonde\/wp-content\/uploads\/sites\/4\/canari-albino-300x199.jpg 300w, https:\/\/www.ornithologies.fr\/blog\/lesoiseauxdumonde\/wp-content\/uploads\/sites\/4\/canari-albino-477x317.jpg 477w\" sizes=\"auto, (max-width: 500px) 100vw, 500px\" \/><p id=\"caption-attachment-411\" class=\"wp-caption-text\">Albino ? le canari blanc aux yeux rouges ?<br \/>[\u00a9 Guy Doumergue &#8211; El. Christian Walenciak &#8211; Les Herbiers 2014]<\/p><\/div>Un \u00eatre albinos est d\u00e9fini par l&rsquo;absence totale de m\u00e9lanine non seulement au niveau cutan\u00e9 (<em>peau et plumes<\/em>) mais aussi au niveau du bec et des pattes et surtout des yeux (<em>qui apparaissent alors comme rouges \u00e0 cause des capillaires sanguins de la r\u00e9tine<\/em>).<\/p>\n<p>Par opposition, le leucistisme (<em>ou leucisme<\/em>), lui, touche tous les pigments (<em>et pas seulement la m\u00e9lanine<\/em>), d\u2019o\u00f9 des zones du corps plus ou moins \u00e9tendues enti\u00e8rement blanches<br \/>\n(<em><a href=\"https:\/\/fr.wikipedia.org\/wiki\/Merle_blanc\" target=\"_blank\" rel=\"noopener noreferrer\">cf. Wikip\u00e9dia, Merle Blanc<\/a><\/em>), mais sans les yeux rouges. Les parties blanches ne contiennent aucune cellule pigmentaire alors que dans l&rsquo;albinisme, les cellules pigmentaires sont pr\u00e9sentes, la pigmentation anormale \u00e9tant due \u00e0 des prot\u00e9ines manquantes ou d\u00e9ficientes sur la cha\u00eene de fabrication de la m\u00e9lanine qui en emp\u00eache la synth\u00e8se. Le leucisme peut aussi se pr\u00e9senter sous la forme d\u2019une p\u00e2leur g\u00e9n\u00e9ralis\u00e9e des couleurs d\u2019origine \u00e0 cause d\u2019une diminution de la pigmentation. Sous cette forme, un leucisme tr\u00e8s marqu\u00e9 pour conduire \u00e0 un oiseau blanc, mais il garde les yeux de leur couleur d\u2019origine (<em>et non rouges comme pour l\u2019albinisme<\/em>).<\/p>\n<p>Le terme de schizochro\u00efsme (<em>ou schizochromie<\/em>) correspond \u00e0 une aberration de couleur li\u00e9e \u00e0 l&rsquo;absence de l&rsquo;une des deux m\u00e9lanines (<em>eum\u00e9lanine <\/em><em>ou ph\u00e9om\u00e9lanine<\/em>). Deux formes peuvent donc \u00eatre distingu\u00e9es : le pha\u00e9o, o\u00f9 l&rsquo;eum\u00e9lanine a disparu et le gris, o\u00f9 c&rsquo;est la ph\u00e9om\u00e9lanine qui est absente.<\/p>\n<h3>Albinisme in situ et s\u00e9lection naturelle<\/h3>\n<p>Dans la nature les sp\u00e9cimens albinos sont rares, \u00e9tant susceptibles d\u2019\u00eatre des proies privil\u00e9gi\u00e9es des pr\u00e9dateurs. C\u2019est la raison principale qui explique qu\u2019ils ne soient presque jamais rencontr\u00e9s dans la nature.<\/p>\n<ul>\n<li>Leur raret\u00e9 naturelle peut avoir plusieurs autres explications en plus de la pr\u00e9dation accrue\u00a0:<\/li>\n<li>Dans certaines situations, cette mutation pourrait \u00eatre l\u00e9tale et provoquer la mort de l\u2019embryon avant l\u2019\u00e9closion.<\/li>\n<li>L\u2019all\u00e8le responsable de l\u2019albinisme est r\u00e9cessif par rapport \u00e0 l\u2019all\u00e8le \u00ab normal \u00bb. Ainsi, un oiseau ne peut pr\u00e9senter un ph\u00e9notype albinos que lorsqu\u2019il est homozygote pour ce g\u00e8ne.<\/li>\n<li>Les sp\u00e9cimens albinos pr\u00e9sentent des d\u00e9ficits visuels (<em>pas seulement \u00e0 cause de l\u2019absence de m\u00e9lanine, mais aussi \u00e0 cause d\u2019un d\u00e9ficit en cellules r\u00e9tiniennes photosensibles<\/em>) et auditifs.<\/li>\n<li>Selon certains auteurs, les individus albinos auraient davantage de difficult\u00e9s \u00e0 trouver un partenaire et se reproduiraient moins que leurs semblables pigment\u00e9s.<\/li>\n<\/ul>\n<p>Dans la nature, il semblerait que certaines familles d\u2019oiseaux soient plus concern\u00e9es par l\u2019albinisme que d\u2019autres, comme les anatid\u00e9s. De m\u00eame, les passereaux sont davantage touch\u00e9s par le leucisme. Par contre, les rapaces sont rarement concern\u00e9s par ces deux aberrations du plumage.<\/p>\n<div id=\"attachment_414\" style=\"width: 1024px\" class=\"wp-caption aligncenter\"><a href=\"https:\/\/www.ornithologies.fr\/blog\/lesoiseauxdumonde\/wp-content\/uploads\/sites\/4\/Melanogenese.jpg\" rel=\"lightbox[408]\"><img loading=\"lazy\" decoding=\"async\" aria-describedby=\"caption-attachment-414\" class=\"wp-image-414 size-full\" src=\"https:\/\/www.ornithologies.fr\/blog\/lesoiseauxdumonde\/wp-content\/uploads\/sites\/4\/Melanogenese.jpg\" alt=\"\" width=\"1024\" height=\"351\" srcset=\"https:\/\/www.ornithologies.fr\/blog\/lesoiseauxdumonde\/wp-content\/uploads\/sites\/4\/Melanogenese.jpg 1024w, https:\/\/www.ornithologies.fr\/blog\/lesoiseauxdumonde\/wp-content\/uploads\/sites\/4\/Melanogenese-150x51.jpg 150w, https:\/\/www.ornithologies.fr\/blog\/lesoiseauxdumonde\/wp-content\/uploads\/sites\/4\/Melanogenese-300x103.jpg 300w, https:\/\/www.ornithologies.fr\/blog\/lesoiseauxdumonde\/wp-content\/uploads\/sites\/4\/Melanogenese-768x263.jpg 768w, https:\/\/www.ornithologies.fr\/blog\/lesoiseauxdumonde\/wp-content\/uploads\/sites\/4\/Melanogenese-600x206.jpg 600w, https:\/\/www.ornithologies.fr\/blog\/lesoiseauxdumonde\/wp-content\/uploads\/sites\/4\/Melanogenese-925x317.jpg 925w\" sizes=\"auto, (max-width: 1024px) 100vw, 1024px\" \/><\/a><p id=\"caption-attachment-414\" class=\"wp-caption-text\">La m\u00e9lanog\u00e9n\u00e8se<\/p><\/div>\n<p>Enfin, attention aux confusions ! Un suppos\u00e9 Merle noir leucistique pourrait en r\u00e9alit\u00e9 s\u2019av\u00e9rer \u00eatre un Merle \u00e0 plastron !!<\/p>\n<h3>Un oiseau albinos est-il forc\u00e9ment blanc ?<\/h3>\n<p>On sait que l\u2019albinisme se d\u00e9finit par l\u2019absence de m\u00e9lanine, ainsi tout oiseau dont le seul pigment est la m\u00e9lanine sera donc enti\u00e8rement blanc aux yeux rouges. C\u2019est le cas pour un<br \/>\n<a href=\"http:\/\/www.utahbirds.org\/birdsofutah\/BirdsD-K\/HouseSparrow8.htm\" target=\"_blank\" rel=\"noopener noreferrer\">Moineau domestique<\/a>, pour un Grand corbeau, pour un Capucin bec d\u2019argent, pour un<br \/>\n<a href=\"http:\/\/photography-on-the.net\/forum\/showthread.php?t=222158\" target=\"_blank\" rel=\"noopener noreferrer\">Kookaburra<\/a>, pour un Moineau du Japon, etc.<\/p>\n<div id=\"attachment_413\" style=\"width: 724px\" class=\"wp-caption aligncenter\"><img loading=\"lazy\" decoding=\"async\" aria-describedby=\"caption-attachment-413\" class=\"size-full wp-image-413\" src=\"https:\/\/www.ornithologies.fr\/blog\/lesoiseauxdumonde\/wp-content\/uploads\/sites\/4\/Kookaburra-albino.jpg\" alt=\"\" width=\"724\" height=\"1024\" srcset=\"https:\/\/www.ornithologies.fr\/blog\/lesoiseauxdumonde\/wp-content\/uploads\/sites\/4\/Kookaburra-albino.jpg 724w, https:\/\/www.ornithologies.fr\/blog\/lesoiseauxdumonde\/wp-content\/uploads\/sites\/4\/Kookaburra-albino-106x150.jpg 106w, https:\/\/www.ornithologies.fr\/blog\/lesoiseauxdumonde\/wp-content\/uploads\/sites\/4\/Kookaburra-albino-212x300.jpg 212w, https:\/\/www.ornithologies.fr\/blog\/lesoiseauxdumonde\/wp-content\/uploads\/sites\/4\/Kookaburra-albino-600x849.jpg 600w, https:\/\/www.ornithologies.fr\/blog\/lesoiseauxdumonde\/wp-content\/uploads\/sites\/4\/Kookaburra-albino-224x317.jpg 224w\" sizes=\"auto, (max-width: 724px) 100vw, 724px\" \/><p id=\"caption-attachment-413\" class=\"wp-caption-text\">La mutation albino touche toutes les esp\u00e8ces, y compris celles qu\u2019on a peu l\u2019occasion d\u2019observer en France telle que ce Kookaburra ou Martin chasseur g\u00e9ant.<br \/>[\u00a9 Pierre Channoy]<\/p><\/div>Par contre, d\u2019autres oiseaux auront effectivement un plumage enti\u00e8rement blanc mais d\u2019autres zones du corps resteront color\u00e9es : c\u2019est le cas du Merle noir ou du Diamant mandarin dont les sp\u00e9cimens albinos sont enti\u00e8rement blancs avec, en dehors du plumage, des zones qui restent color\u00e9es (<em>bec, cercle oculaire, pattes<\/em>). Pour tous ces oiseaux, les zones concern\u00e9es restent jaune orang\u00e9 gr\u00e2ce \u00e0 la pr\u00e9sence des carot\u00e9no\u00efdes.<\/p>\n<p>Enfin, les oiseaux qui poss\u00e8dent un second pigment au niveau de leurs plumes ne seront pas enti\u00e8rement blancs puisque seule la m\u00e9lanine dispara\u00eetra alors que l\u2019autre pigment persistera :<\/p>\n<ol>\n<li>Premi\u00e8re situation : certaines zones du plumage sont color\u00e9es par un pigment autre que la m\u00e9lanine. c\u2019est par exemple le cas avec les carot\u00e9no\u00efdes chez certains passereaux : ainsi le Cardinal rouge albinos appara\u00eet blanc avec des zones rouge rose. De m\u00eame le Chardonneret \u00e9l\u00e9gant albinos est blanc avec deux zones color\u00e9es qui persistent : les bandes alaires jaunes et le masque rouge. M\u00eame chose pour l\u2019<a href=\"http:\/\/ruficauda.forumculture.net\/t6876-cou-coupe-albinos\" target=\"_blank\" rel=\"noopener noreferrer\">Amadine cou-coup\u00e9<\/a> dont les sp\u00e9cimens m\u00e2les albinos sont enti\u00e8rement blancs avec le collier rouge persistant.<\/li>\n<li>Seconde situation : l\u2019ensemble du plumage est color\u00e9 par plusieurs pigments dont la m\u00e9lanine. On trouve deux pigments : la m\u00e9lanine responsable des zones noires, brunes, et bleues (<em>par diffraction de la lumi\u00e8re sur certaines plumes contenant de la m\u00e9lanine<\/em>) et la psittacine (<em>pour les couleurs allant du jaune au rouge<\/em>). C\u2019est dans ce cas que les \u00e9leveurs ont introduit la notion d\u2019oiseaux \u00ab inos \u00bb qui d\u00e9signe l\u2019absence de m\u00e9lanine chez ce type d\u2019oiseaux.<a href=\"http:\/\/www.ornithologies.fr\/boutique\/revue\/177-odm-n339.html\" target=\"_blank\" rel=\"noopener noreferrer\"><img loading=\"lazy\" decoding=\"async\" class=\"alignright wp-image-415 size-medium\" style=\"display: none !important;\" hidden=\"\" src=\"https:\/\/www.ornithologies.fr\/blog\/lesoiseauxdumonde\/wp-content\/uploads\/sites\/4\/Bandeau-Pub-ODM-carr\u00e9-0916-300x218.png\" alt=\"\" width=\"300\" height=\"218\" srcset=\"https:\/\/www.ornithologies.fr\/blog\/lesoiseauxdumonde\/wp-content\/uploads\/sites\/4\/Bandeau-Pub-ODM-carr\u00e9-0916-300x218.png 300w, https:\/\/www.ornithologies.fr\/blog\/lesoiseauxdumonde\/wp-content\/uploads\/sites\/4\/Bandeau-Pub-ODM-carr\u00e9-0916-150x109.png 150w, https:\/\/www.ornithologies.fr\/blog\/lesoiseauxdumonde\/wp-content\/uploads\/sites\/4\/Bandeau-Pub-ODM-carr\u00e9-0916-768x558.png 768w, https:\/\/www.ornithologies.fr\/blog\/lesoiseauxdumonde\/wp-content\/uploads\/sites\/4\/Bandeau-Pub-ODM-carr\u00e9-0916-1024x744.png 1024w, https:\/\/www.ornithologies.fr\/blog\/lesoiseauxdumonde\/wp-content\/uploads\/sites\/4\/Bandeau-Pub-ODM-carr\u00e9-0916-600x436.png 600w, https:\/\/www.ornithologies.fr\/blog\/lesoiseauxdumonde\/wp-content\/uploads\/sites\/4\/Bandeau-Pub-ODM-carr\u00e9-0916-436x317.png 436w, https:\/\/www.ornithologies.fr\/blog\/lesoiseauxdumonde\/wp-content\/uploads\/sites\/4\/Bandeau-Pub-ODM-carr\u00e9-0916.png 1591w\" sizes=\"auto, (max-width: 300px) 100vw, 300px\" \/><\/a>Ainsi :<br \/>\n\u2022 Pour un oiseau jaune aux yeux rouges =&gt; mutation \u00ab lutino \u00bb (<em>Perruche \u00e0 collier et Perruche \u00e9l\u00e9gante par exemple<\/em>). Mutation li\u00e9e au sexe.\u2022 Pour un oiseau blanc aux yeux rouges =&gt; mutation \u00ab albino \u00bb (<em>Perruche ondul\u00e9e et Perruche d\u2019Alexandra par exemple<\/em>), qui est en r\u00e9alit\u00e9 la combinaison de la mutation bleue (<em>r\u00e9cessive autosomale<\/em>) et de la mutation lutino (<em>li\u00e9e au sexe<\/em>).\u2022 Pour un oiseau rouge aux yeux rouges =&gt; mutation \u00ab rubino \u00bb (<em>Perruche omnicolore et Perruche \u00e0 croupion <\/em><em>rouge par exemple<\/em>), combinaison de lutino et d\u2019opaline, les 2 mutations \u00e9tant li\u00e9es au sexe.\u2022 Pour un l&rsquo;oiseau cr\u00e8me aux yeux rouges =&gt; mutation \u00ab cr\u00e8mino \u00bb (<em>Perruche<\/em><br \/>\n<em>Catherine et Tou\u00ef c\u00e9leste par <\/em><em>exemple<\/em>), combinaison de la mutation turquoise (<em>r\u00e9cessive autosomale<\/em>) et de la mutation lutino (<em>li\u00e9e au sexe<\/em>).<\/li>\n<\/ol>\n<div id=\"attachment_412\" style=\"width: 724px\" class=\"wp-caption aligncenter\"><img loading=\"lazy\" decoding=\"async\" aria-describedby=\"caption-attachment-412\" class=\"wp-image-412 size-full\" src=\"https:\/\/www.ornithologies.fr\/blog\/lesoiseauxdumonde\/wp-content\/uploads\/sites\/4\/capucin-Bec-dargent-cremino.jpg\" alt=\"\" width=\"724\" height=\"1024\" srcset=\"https:\/\/www.ornithologies.fr\/blog\/lesoiseauxdumonde\/wp-content\/uploads\/sites\/4\/capucin-Bec-dargent-cremino.jpg 724w, https:\/\/www.ornithologies.fr\/blog\/lesoiseauxdumonde\/wp-content\/uploads\/sites\/4\/capucin-Bec-dargent-cremino-106x150.jpg 106w, https:\/\/www.ornithologies.fr\/blog\/lesoiseauxdumonde\/wp-content\/uploads\/sites\/4\/capucin-Bec-dargent-cremino-212x300.jpg 212w, https:\/\/www.ornithologies.fr\/blog\/lesoiseauxdumonde\/wp-content\/uploads\/sites\/4\/capucin-Bec-dargent-cremino-600x849.jpg 600w, https:\/\/www.ornithologies.fr\/blog\/lesoiseauxdumonde\/wp-content\/uploads\/sites\/4\/capucin-Bec-dargent-cremino-224x317.jpg 224w\" sizes=\"auto, (max-width: 724px) 100vw, 724px\" \/><p id=\"caption-attachment-412\" class=\"wp-caption-text\">Lorsqu\u2019il reste encore des traces de carot\u00e9no\u00efdes, les \u00e9leveurs utilisent souvent l\u2019expression \u00abcr\u00e9mino\u00bb pour d\u00e9signer ce type de mutation. (Capucin bec d\u2019argent cr\u00e9mino)<br \/>[\u00a9 Sylvain Chartier &#8211; El. Patrick Henrion &#8211; Stiring-Wendel 2011]<\/p><\/div>\n<blockquote><p>Pour moi, si l\u2019on veut respecter la d\u00e9finition de base de l\u2019albinisme, les psittacid\u00e9s albinos <em>sensu stricto<\/em> qui entrent dans cette derni\u00e8re cat\u00e9gorie de psittacid\u00e9s ne sont th\u00e9oriquement pas blancs : seule la m\u00e9lanine dispara\u00eet, mais pas l\u2019autre pigment (<em>psittacine<\/em>).<\/p><\/blockquote>\n<p>Ainsi :<br \/>\n\u2022 Une perruche lutino est obtenue par disparition de la m\u00e9lanine responsable du bleu et du noir. Ainsi, la Perruche ondul\u00e9e sans m\u00e9lanine est jaune aux yeux rouges. De m\u00eame, la Calopsitte albinos est jaune avec des zones plus ou moins jaune vif selon la concentration de psittacine : t\u00eate bien jaune pour les m\u00e2les, corps jaune p\u00e2le, etc.<\/p>\n<p>\u2022 Une perruche bleue est obtenue par disparition de la psittacine. Ainsi, la Perruche ondul\u00e9e ou la Perruche Catherine sans psittacine est bleue. La Calopsitte \u00ab bleue \u00bb est blanche et grise, ce serait donc notre \u00ab face blanche \u00bb.<\/p>\n<p>Si l\u2019on suit le raisonnement ci-dessus de la s\u00e9rie \u00ab ino \u00bb, les perruches dites \u00ab albinos \u00bb sont obtenues par combinaison de deux mutations pr\u00e9c\u00e9dentes (la bleue et la lutino), donc sans m\u00e9lanine ni psittacine. Dans ce cas, la Perruche ondul\u00e9e comme la Calopsitte sera enti\u00e8rement blanche aux yeux rouges. Ceci ne correspond pas \u00e0 la d\u00e9finition initiale de l\u2019albinisme\u2026<\/p>\n<table>\n<tbody>\n<tr>\n<td><img loading=\"lazy\" decoding=\"async\" class=\"alignleft wp-image-306 size-thumbnail\" src=\"https:\/\/www.ornithologies.fr\/blog\/lesoiseauxdumonde\/wp-content\/uploads\/sites\/4\/ODM0816-116x150.png\" alt=\"\" width=\"116\" height=\"150\" srcset=\"https:\/\/www.ornithologies.fr\/blog\/lesoiseauxdumonde\/wp-content\/uploads\/sites\/4\/ODM0816-116x150.png 116w, https:\/\/www.ornithologies.fr\/blog\/lesoiseauxdumonde\/wp-content\/uploads\/sites\/4\/ODM0816-232x300.png 232w, https:\/\/www.ornithologies.fr\/blog\/lesoiseauxdumonde\/wp-content\/uploads\/sites\/4\/ODM0816-245x317.png 245w, https:\/\/www.ornithologies.fr\/blog\/lesoiseauxdumonde\/wp-content\/uploads\/sites\/4\/ODM0816.png 500w\" sizes=\"auto, (max-width: 116px) 100vw, 116px\" \/><\/p>\n<h3>Retrouvez cet article et bien d&rsquo;autres<\/h3>\n<h6>dans la revue Les Oiseaux du Monde n\u00b0339 &#8211; Ao\u00fbt-Septembre 2016<\/h6>\n<h5>chaque mois les Oiseaux du Monde viennent nicher dans votre boite \u00e0 lettres.<\/h5>\n<h6>POUR NE PAS EN PERDRE UNE MIETTE, <a href=\"https:\/\/www.ornithologies.fr\/blog\/lesoiseauxdumonde\/abonnez-vous\/\">ABONNEZ-VOUS<\/a> !<\/h6>\n<\/td>\n<\/tr>\n<\/tbody>\n<\/table>\n","protected":false},"excerpt":{"rendered":"<h2 style=\"text-align: right;\">Lionel DUROCHAT<\/h2>\n<h6>Oiseaux du Monde n\u00b0339 &#8211; Ao\u00fbt-Septembre 2016<\/h6>\n<p>L\u2019albinisme. Voil\u00e0 un sujet r\u00e9current que l\u2019on retrouve r\u00e9guli\u00e8rement pendant les r\u00e9unions mensuelles des clubs, lors des expositions ou sur Internet ! Sur le Web, on trouve d\u2019ailleurs quantit\u00e9 de photos de sp\u00e9cimens soit disant albinos\u2026 Soit disant car les erreurs sont multiples\u2026<\/p>\n<p>Voici &hellip; <\/p>\n<p><a class=\"more-link btn\" href=\"https:\/\/www.ornithologies.fr\/blog\/lesoiseauxdumonde\/vous-avez-dit-albinos\/\">Lire la suite<\/a><\/p>\n","protected":false},"author":1,"featured_media":413,"comment_status":"open","ping_status":"open","sticky":false,"template":"","format":"standard","meta":{"footnotes":""},"categories":[48,204],"tags":[103,145,161,153,169,146,171,167,162,163,160,64,173,131,166,172,170,164,165,168,147],"class_list":["post-408","post","type-post","status-publish","format-standard","has-post-thumbnail","hentry","category-article","category-divers","tag-103","tag-145","tag-albinisme","tag-albinos","tag-allele","tag-aout","tag-homozygote","tag-in-situ","tag-leucisme","tag-leucistisme","tag-lionel-durochat","tag-melanine","tag-melanogenese","tag-mutations","tag-phaeo","tag-psittacine","tag-recessif","tag-schizochroisme","tag-schizochromie","tag-selection-naturelle","tag-septembre","nodate","item-wrap"],"_links":{"self":[{"href":"https:\/\/www.ornithologies.fr\/blog\/lesoiseauxdumonde\/wp-json\/wp\/v2\/posts\/408","targetHints":{"allow":["GET"]}}],"collection":[{"href":"https:\/\/www.ornithologies.fr\/blog\/lesoiseauxdumonde\/wp-json\/wp\/v2\/posts"}],"about":[{"href":"https:\/\/www.ornithologies.fr\/blog\/lesoiseauxdumonde\/wp-json\/wp\/v2\/types\/post"}],"author":[{"embeddable":true,"href":"https:\/\/www.ornithologies.fr\/blog\/lesoiseauxdumonde\/wp-json\/wp\/v2\/users\/1"}],"replies":[{"embeddable":true,"href":"https:\/\/www.ornithologies.fr\/blog\/lesoiseauxdumonde\/wp-json\/wp\/v2\/comments?post=408"}],"version-history":[{"count":1,"href":"https:\/\/www.ornithologies.fr\/blog\/lesoiseauxdumonde\/wp-json\/wp\/v2\/posts\/408\/revisions"}],"predecessor-version":[{"id":3284,"href":"https:\/\/www.ornithologies.fr\/blog\/lesoiseauxdumonde\/wp-json\/wp\/v2\/posts\/408\/revisions\/3284"}],"wp:featuredmedia":[{"embeddable":true,"href":"https:\/\/www.ornithologies.fr\/blog\/lesoiseauxdumonde\/wp-json\/wp\/v2\/media\/413"}],"wp:attachment":[{"href":"https:\/\/www.ornithologies.fr\/blog\/lesoiseauxdumonde\/wp-json\/wp\/v2\/media?parent=408"}],"wp:term":[{"taxonomy":"category","embeddable":true,"href":"https:\/\/www.ornithologies.fr\/blog\/lesoiseauxdumonde\/wp-json\/wp\/v2\/categories?post=408"},{"taxonomy":"post_tag","embeddable":true,"href":"https:\/\/www.ornithologies.fr\/blog\/lesoiseauxdumonde\/wp-json\/wp\/v2\/tags?post=408"}],"curies":[{"name":"wp","href":"https:\/\/api.w.org\/{rel}","templated":true}]}}