{"id":3792,"date":"2025-04-10T13:10:24","date_gmt":"2025-04-10T11:10:24","guid":{"rendered":"https:\/\/www.ornithologies.fr\/blog\/lesoiseauxdumonde\/?p=3792"},"modified":"2025-04-10T13:10:25","modified_gmt":"2025-04-10T11:10:25","slug":"un-nouveau-tresorier-pour-la-region-ornithologique-est-france","status":"publish","type":"post","link":"https:\/\/www.ornithologies.fr\/blog\/lesoiseauxdumonde\/un-nouveau-tresorier-pour-la-region-ornithologique-est-france\/","title":{"rendered":"Un nouveau tr\u00e9sorier pour la R\u00e9gion Ornithologique Est-France"},"content":{"rendered":"\n<p>Apr\u00e8s 25 ann\u00e9es de bons et loyaux services, G\u00e9rard Pischzur a quitt\u00e9 la tr\u00e9sorerie de la R\u00e9gion 2. Son successeur, Jacques Gross, adh\u00e9rent au Club Ornithologique d&rsquo;Oberhoffen sur Moder, a \u00e9t\u00e9 \u00e9lu au poste par 12 voix sur 13 lors de l&rsquo;Assembl\u00e9e G\u00e9n\u00e9rale de la ROEF en mars dernier.<\/p>\n\n\n\n<figure class=\"wp-block-image size-full\"><img loading=\"lazy\" decoding=\"async\" width=\"960\" height=\"720\" src=\"https:\/\/www.ornithologies.fr\/blog\/lesoiseauxdumonde\/wp-content\/uploads\/sites\/4\/1744221427978.jpg\" alt=\"\" class=\"wp-image-3793\" srcset=\"https:\/\/www.ornithologies.fr\/blog\/lesoiseauxdumonde\/wp-content\/uploads\/sites\/4\/1744221427978.jpg 960w, https:\/\/www.ornithologies.fr\/blog\/lesoiseauxdumonde\/wp-content\/uploads\/sites\/4\/1744221427978-300x225.jpg 300w, https:\/\/www.ornithologies.fr\/blog\/lesoiseauxdumonde\/wp-content\/uploads\/sites\/4\/1744221427978-500x375.jpg 500w, https:\/\/www.ornithologies.fr\/blog\/lesoiseauxdumonde\/wp-content\/uploads\/sites\/4\/1744221427978-768x576.jpg 768w, https:\/\/www.ornithologies.fr\/blog\/lesoiseauxdumonde\/wp-content\/uploads\/sites\/4\/1744221427978-750x563.jpg 750w\" sizes=\"auto, (max-width: 960px) 100vw, 960px\" \/><figcaption class=\"wp-element-caption\">Jacques Gross entour\u00e9 par Fran\u00e7ois G\u00e9rardin, pr\u00e9sident de R\u00e9gion <br>et Jean-Claude Spach, vice-pr\u00e9sident secteur nord et pr\u00e9sident du COO<\/figcaption><\/figure>\n\n\n\n<p><a href=\"https:\/\/www.r02roef.fr\/un-nouveau-tresorier-pour-la-region-2\/\" target=\"_blank\" rel=\"noreferrer noopener\">Revivez l&rsquo;int\u00e9gralit\u00e9 de l&rsquo;Assembl\u00e9e G\u00e9n\u00e9rale<\/a><\/p>\n\n\n\n<hr class=\"wp-block-separator has-css-opacity\"\/>\n\n\n\n<h2 class=\"wp-block-heading\">Annoncez et partagez vos \u00e9v\u00e9nements !<\/h2>\n\n\n\n<p>Que ce soient vos concours, expositions, bourses, journ\u00e9es techniques, sorties coh\u00e9sion, r\u00e9unions ou tous autres \u00e9v\u00e9nements en rapport avec votre activit\u00e9 associative, pass\u00e9s ou \u00e0 venir, vous pouvez les communiquer gr\u00e2ce au formulaire des <a href=\"https:\/\/www.ornithologies.fr\/blog\/lesoiseauxdumonde\/les-petites-annonces\/rediger-une-petite-annonce\/\" data-type=\"page\" data-id=\"1660\">petites annonces<\/a>. Votre \u00e9v\u00e9nement sera publi\u00e9 dans la rubrique \u00ab\u00a0<a href=\"https:\/\/www.ornithologies.fr\/blog\/lesoiseauxdumonde\/category\/vie-des-clubs\/\" data-type=\"URL\" data-id=\"https:\/\/www.ornithologies.fr\/blog\/lesoiseauxdumonde\/category\/vie-des-clubs\/\">La Vie des Clubs<\/a>\u00ab\u00a0.<\/p>\n\n\n\n<div class=\"wp-block-buttons is-content-justification-center is-layout-flex wp-container-core-buttons-is-layout-16018d1d wp-block-buttons-is-layout-flex\">\n<div class=\"wp-block-button\"><a class=\"wp-block-button__link wp-element-button\" href=\"https:\/\/www.ornithologies.fr\/blog\/lesoiseauxdumonde\/les-petites-annonces\/rediger-une-petite-annonce\/\">Passer votre annonce<\/a><\/div>\n\n\n\n<div class=\"wp-block-button\"><a class=\"wp-block-button__link wp-element-button\" href=\"https:\/\/www.ornithologies.fr\/blog\/lesoiseauxdumonde\/category\/vie-des-clubs\/\">Toute la vie des Clubs<\/a><\/div>\n<\/div>\n\n\n\n<div style=\"height:20px\" aria-hidden=\"true\" class=\"wp-block-spacer\"><\/div>\n","protected":false},"excerpt":{"rendered":"<p>Apr\u00e8s 25 ann\u00e9es de bons et loyaux services, G\u00e9rard Pischzur a quitt\u00e9 la tr\u00e9sorerie de la R\u00e9gion 2. Son successeur, Jacques Gross, adh\u00e9rent au Club Ornithologique d&rsquo;Oberhoffen sur Moder, a \u00e9t\u00e9 \u00e9lu au poste par 12 voix sur 13 lors de l&rsquo;Assembl\u00e9e G\u00e9n\u00e9rale de la ROEF en mars dernier.<\/p>\n<p> Jacques Gross entour\u00e9 par Fran\u00e7ois G\u00e9rardin, &hellip; <\/p>\n<p><a class=\"more-link btn\" href=\"https:\/\/www.ornithologies.fr\/blog\/lesoiseauxdumonde\/un-nouveau-tresorier-pour-la-region-ornithologique-est-france\/\">Lire la suite<\/a><\/p>\n","protected":false},"author":1,"featured_media":3793,"comment_status":"open","ping_status":"open","sticky":false,"template":"","format":"standard","meta":{"footnotes":""},"categories":[1076],"tags":[1075,1383,1651,1652],"class_list":["post-3792","post","type-post","status-publish","format-standard","has-post-thumbnail","hentry","category-vie-des-clubs","tag-aog","tag-assemblee-generale","tag-partage","tag-technique","nodate","item-wrap"],"_links":{"self":[{"href":"https:\/\/www.ornithologies.fr\/blog\/lesoiseauxdumonde\/wp-json\/wp\/v2\/posts\/3792","targetHints":{"allow":["GET"]}}],"collection":[{"href":"https:\/\/www.ornithologies.fr\/blog\/lesoiseauxdumonde\/wp-json\/wp\/v2\/posts"}],"about":[{"href":"https:\/\/www.ornithologies.fr\/blog\/lesoiseauxdumonde\/wp-json\/wp\/v2\/types\/post"}],"author":[{"embeddable":true,"href":"https:\/\/www.ornithologies.fr\/blog\/lesoiseauxdumonde\/wp-json\/wp\/v2\/users\/1"}],"replies":[{"embeddable":true,"href":"https:\/\/www.ornithologies.fr\/blog\/lesoiseauxdumonde\/wp-json\/wp\/v2\/comments?post=3792"}],"version-history":[{"count":1,"href":"https:\/\/www.ornithologies.fr\/blog\/lesoiseauxdumonde\/wp-json\/wp\/v2\/posts\/3792\/revisions"}],"predecessor-version":[{"id":3794,"href":"https:\/\/www.ornithologies.fr\/blog\/lesoiseauxdumonde\/wp-json\/wp\/v2\/posts\/3792\/revisions\/3794"}],"wp:featuredmedia":[{"embeddable":true,"href":"https:\/\/www.ornithologies.fr\/blog\/lesoiseauxdumonde\/wp-json\/wp\/v2\/media\/3793"}],"wp:attachment":[{"href":"https:\/\/www.ornithologies.fr\/blog\/lesoiseauxdumonde\/wp-json\/wp\/v2\/media?parent=3792"}],"wp:term":[{"taxonomy":"category","embeddable":true,"href":"https:\/\/www.ornithologies.fr\/blog\/lesoiseauxdumonde\/wp-json\/wp\/v2\/categories?post=3792"},{"taxonomy":"post_tag","embeddable":true,"href":"https:\/\/www.ornithologies.fr\/blog\/lesoiseauxdumonde\/wp-json\/wp\/v2\/tags?post=3792"}],"curies":[{"name":"wp","href":"https:\/\/api.w.org\/{rel}","templated":true}]}}