{"id":3737,"date":"2025-03-12T10:02:25","date_gmt":"2025-03-12T09:02:25","guid":{"rendered":"https:\/\/www.ornithologies.fr\/blog\/lesoiseauxdumonde\/?p=3737"},"modified":"2025-03-12T10:02:27","modified_gmt":"2025-03-12T09:02:27","slug":"sommaire-du-mois-de-mars-2025","status":"publish","type":"post","link":"https:\/\/www.ornithologies.fr\/blog\/lesoiseauxdumonde\/sommaire-du-mois-de-mars-2025\/","title":{"rendered":"Sommaire du mois de Mars 2025"},"content":{"rendered":"\n<h1 class=\"wp-block-heading\">Pinson du nord<\/h1>\n\n\n\n<h2 class=\"wp-block-heading\">Au sommaire du n\u00b0 425<\/h2>\n\n\n<div class=\"wp-block-image\">\n<figure class=\"alignleft size-full is-resized\"><a href=\"https:\/\/www.ornithologies.fr\/blog\/lesoiseauxdumonde\/wp-content\/uploads\/sites\/4\/ODM0325.png\" rel=\"lightbox[3737]\"><img loading=\"lazy\" decoding=\"async\" width=\"500\" height=\"647\" src=\"https:\/\/www.ornithologies.fr\/blog\/lesoiseauxdumonde\/wp-content\/uploads\/sites\/4\/ODM0325.png\" alt=\"\" class=\"wp-image-3739\" style=\"width:250px;height:324px\" srcset=\"https:\/\/www.ornithologies.fr\/blog\/lesoiseauxdumonde\/wp-content\/uploads\/sites\/4\/ODM0325.png 500w, https:\/\/www.ornithologies.fr\/blog\/lesoiseauxdumonde\/wp-content\/uploads\/sites\/4\/ODM0325-232x300.png 232w\" sizes=\"auto, (max-width: 500px) 100vw, 500px\" \/><\/a><\/figure>\n<\/div>\n\n\n<ul class=\"wp-block-list\">\n<li>p.1 \u25ba \u00c9ditorial<\/li>\n\n\n\n<li>p.4 \u25ba La mutation pha\u00e9o <em>(inos)<\/em> chez les canaris<em> (premi\u00e8re partie)<\/em><\/li>\n\n\n\n<li>p.8 \u25ba H\u00e9r\u00e9dit\u00e9 du cinnamon<\/li>\n\n\n\n<li>p.10 \u25ba Mes Capucins<\/li>\n\n\n\n<li>p.13 \u25ba Plus on est de fous, plus on s\u2019amuse !! Le Capucin damier<em> Lonchura punctulata<\/em> est un oiseau tr\u00e8s sociable<\/li>\n\n\n\n<li>p.14 \u25ba Le Pinson du nord, une esp\u00e8ce rare en \u00e9levage et particuli\u00e8re \u00e0 \u00e9lever<\/li>\n\n\n\n<li>p.18 \u25ba Compte-rendu de r\u00e9union de la World Budgerigar Organisation<\/li>\n\n\n\n<li>p.21 \u25ba Ins\u00e9parable \u00e0 t\u00eate rouge <em>Agapornis pullarius<\/em> : exp\u00e9rience d\u2019\u00e9levage <em>(premi\u00e8re partie)<\/em><\/li>\n\n\n\n<li>p.24 \u25ba D\u00e9tention et reproduction du Colin hupp\u00e9 <em>Colinus cristatus<\/em><\/li>\n\n\n\n<li>p.27 \u25ba \u00c9tymologie des Colins<\/li>\n\n\n\n<li>p.28 \u25ba Les Colins<\/li>\n\n\n\n<li>p.31 \u25ba Tondre ou ne pas tondre son jardin pour pr\u00e9server la biodiversit\u00e9 ? Des d\u00e9bats \u00e0 ce propos font rage !<\/li>\n\n\n\n<li>p.32 \u25ba Le longane, fruit du longanier<\/li>\n<\/ul>\n\n\n\n<h5 class=\"wp-block-heading\">Retrouvez gratuitement les petites annonces et toute la vie associative directement dans votre bo\u00eete e-mail au travers des Nouvelles de l\u2019UOF.<\/h5>\n\n\n\n<div class=\"wp-block-buttons is-content-justification-center is-layout-flex wp-container-core-buttons-is-layout-16018d1d wp-block-buttons-is-layout-flex\">\n<div class=\"wp-block-button\"><a class=\"wp-block-button__link wp-element-button\" href=\"https:\/\/www.ornithologies.fr\/boutique\/revue\/312-odm-n425.html\" target=\"_blank\" rel=\"noreferrer noopener\">Acheter un exemplaire<\/a><\/div>\n\n\n\n<div class=\"wp-block-button\"><a class=\"wp-block-button__link wp-element-button\" href=\"https:\/\/www.ornithologies.fr\/blog\/lesoiseauxdumonde\/abonnez-vous\/\" target=\"_blank\" rel=\"noreferrer noopener\">Abonnement<\/a><\/div>\n<\/div>\n\n\n\n<div style=\"height:50px\" aria-hidden=\"true\" class=\"wp-block-spacer\"><\/div>\n","protected":false},"excerpt":{"rendered":"<h1 class=\"wp-block-heading\">Pinson du nord<\/h1>\n<h2 class=\"wp-block-heading\">Au sommaire du n\u00b0 425<\/h2>\n<ul class=\"wp-block-list\">\n<li>p.1 \u25ba \u00c9ditorial<\/li>\n<li>p.4 \u25ba La mutation pha\u00e9o (inos) chez les canaris (premi\u00e8re partie)<\/li>\n<li>p.8 \u25ba H\u00e9r\u00e9dit\u00e9 du cinnamon<\/li>\n<li>p.10 \u25ba Mes Capucins<\/li>\n<li>p.13 \u25ba Plus on est de fous, plus on s\u2019amuse !! Le Capucin damier Lonchura punctulata est un oiseau tr\u00e8s &hellip;\n<p><a class=\"more-link btn\" href=\"https:\/\/www.ornithologies.fr\/blog\/lesoiseauxdumonde\/sommaire-du-mois-de-mars-2025\/\">Lire la suite<\/a><\/p>\n<\/li>\n<\/ul>\n","protected":false},"author":1,"featured_media":3739,"comment_status":"open","ping_status":"open","sticky":false,"template":"","format":"standard","meta":{"footnotes":""},"categories":[2],"tags":[1616,1631,110,1642,65,1635,1633,1641,1637,1640,1634,989,1636,1457,1643,35,166,1638,412,1632,1639],"class_list":["post-3737","post","type-post","status-publish","format-standard","has-post-thumbnail","hentry","category-sommaire","tag-1616","tag-1631","tag-agapornis","tag-biodiversite","tag-canari","tag-capucin","tag-cinnamon","tag-colin","tag-colin-huppe","tag-colinus","tag-damier","tag-inos","tag-inseparable-a-tete-rouge","tag-lonchura","tag-longane","tag-mars","tag-phaeo","tag-pinson-du-nord","tag-sommaire","tag-tondre","tag-world-budgerigar-organisation","nodate","item-wrap"],"_links":{"self":[{"href":"https:\/\/www.ornithologies.fr\/blog\/lesoiseauxdumonde\/wp-json\/wp\/v2\/posts\/3737","targetHints":{"allow":["GET"]}}],"collection":[{"href":"https:\/\/www.ornithologies.fr\/blog\/lesoiseauxdumonde\/wp-json\/wp\/v2\/posts"}],"about":[{"href":"https:\/\/www.ornithologies.fr\/blog\/lesoiseauxdumonde\/wp-json\/wp\/v2\/types\/post"}],"author":[{"embeddable":true,"href":"https:\/\/www.ornithologies.fr\/blog\/lesoiseauxdumonde\/wp-json\/wp\/v2\/users\/1"}],"replies":[{"embeddable":true,"href":"https:\/\/www.ornithologies.fr\/blog\/lesoiseauxdumonde\/wp-json\/wp\/v2\/comments?post=3737"}],"version-history":[{"count":4,"href":"https:\/\/www.ornithologies.fr\/blog\/lesoiseauxdumonde\/wp-json\/wp\/v2\/posts\/3737\/revisions"}],"predecessor-version":[{"id":3744,"href":"https:\/\/www.ornithologies.fr\/blog\/lesoiseauxdumonde\/wp-json\/wp\/v2\/posts\/3737\/revisions\/3744"}],"wp:featuredmedia":[{"embeddable":true,"href":"https:\/\/www.ornithologies.fr\/blog\/lesoiseauxdumonde\/wp-json\/wp\/v2\/media\/3739"}],"wp:attachment":[{"href":"https:\/\/www.ornithologies.fr\/blog\/lesoiseauxdumonde\/wp-json\/wp\/v2\/media?parent=3737"}],"wp:term":[{"taxonomy":"category","embeddable":true,"href":"https:\/\/www.ornithologies.fr\/blog\/lesoiseauxdumonde\/wp-json\/wp\/v2\/categories?post=3737"},{"taxonomy":"post_tag","embeddable":true,"href":"https:\/\/www.ornithologies.fr\/blog\/lesoiseauxdumonde\/wp-json\/wp\/v2\/tags?post=3737"}],"curies":[{"name":"wp","href":"https:\/\/api.w.org\/{rel}","templated":true}]}}