{"id":3666,"date":"2025-10-20T10:53:12","date_gmt":"2025-10-20T08:53:12","guid":{"rendered":"https:\/\/www.ornithologies.fr\/blog\/lesoiseauxdumonde\/?p=3666"},"modified":"2025-10-20T10:53:13","modified_gmt":"2025-10-20T08:53:13","slug":"expo-bourse-a-chalon-sur-saone","status":"publish","type":"post","link":"https:\/\/www.ornithologies.fr\/blog\/lesoiseauxdumonde\/expo-bourse-a-chalon-sur-saone\/","title":{"rendered":"Expo-Bourse \u00e0 Chalon sur Sa\u00f4ne"},"content":{"rendered":"<div class=\"wp-block-image is-resized\">\n<figure class=\"alignleft size-full\"><a href=\"https:\/\/www.ornithologies.fr\/blog\/lesoiseauxdumonde\/wp-content\/uploads\/sites\/4\/Bourse-OC-2025.jpg\" rel=\"lightbox[3666]\"><img loading=\"lazy\" decoding=\"async\" width=\"905\" height=\"1280\" src=\"https:\/\/www.ornithologies.fr\/blog\/lesoiseauxdumonde\/wp-content\/uploads\/sites\/4\/Bourse-OC-2025.jpg\" alt=\"\" class=\"wp-image-3959\" style=\"width:269px;height:auto\" srcset=\"https:\/\/www.ornithologies.fr\/blog\/lesoiseauxdumonde\/wp-content\/uploads\/sites\/4\/Bourse-OC-2025.jpg 905w, https:\/\/www.ornithologies.fr\/blog\/lesoiseauxdumonde\/wp-content\/uploads\/sites\/4\/Bourse-OC-2025-212x300.jpg 212w, https:\/\/www.ornithologies.fr\/blog\/lesoiseauxdumonde\/wp-content\/uploads\/sites\/4\/Bourse-OC-2025-457x647.jpg 457w, https:\/\/www.ornithologies.fr\/blog\/lesoiseauxdumonde\/wp-content\/uploads\/sites\/4\/Bourse-OC-2025-768x1086.jpg 768w, https:\/\/www.ornithologies.fr\/blog\/lesoiseauxdumonde\/wp-content\/uploads\/sites\/4\/Bourse-OC-2025-750x1061.jpg 750w, https:\/\/www.ornithologies.fr\/blog\/lesoiseauxdumonde\/wp-content\/uploads\/sites\/4\/Bourse-OC-2025-679x960.jpg 679w\" sizes=\"auto, (max-width: 905px) 100vw, 905px\" \/><\/a><\/figure>\n<\/div>\n\n\n<h2 class=\"wp-block-heading\">l&rsquo;Oiseau Chalonnais vous invite \u00e0 son exposition bourse d&rsquo;automne qui se tiendra le dimanche 26 octobre 2025 \u00e0 Chalon sur Sa\u00f4ne.<\/h2>\n\n\n\n<p>Plusieurs centaines d&rsquo;oiseaux \u00e0 c\u00e9der.<br>Buvette, gaufres<\/p>\n\n\n\n<ul class=\"wp-block-list\">\n<li><strong>Lieu : <\/strong>salle du Clos Bourguignon, \u00e0 Chalon sur Sa\u00f4ne<\/li>\n\n\n\n<li><strong>Ouverture au public<\/strong> : dimanche 26 octobre de 9h \u00e0 12h et de 14h \u00e0 17h,<\/li>\n\n\n\n<li><strong>Entr\u00e9e : <\/strong>2\u20ac <em>(gratuit pour les enfants de moins de 12 ans)<\/em><\/li>\n\n\n\n<li><strong>Contact :<\/strong> Denis MARTIN &#8211; <strong>T\u00e9l. :<\/strong> 06 81 31 10 18<br><strong>Mail :<\/strong> <a href=\"mailto:presidentloiseauchalonnais@gmail.com\">presidentloiseauchalonnais@gmail.com<\/a><\/li>\n<\/ul>\n\n\n\n<h3 class=\"wp-block-heading\">Pour info nos bourses en 2026 :<\/h3>\n\n\n\n<ul class=\"wp-block-list\">\n<li>Dimanche 25 janvier<\/li>\n\n\n\n<li>Dimanche 13 septembre<\/li>\n<\/ul>\n\n\n\n<hr class=\"wp-block-separator has-css-opacity\"\/>\n\n\n\n<h2 class=\"wp-block-heading\">Annoncez et partagez vos \u00e9v\u00e9nements !<\/h2>\n\n\n\n<p>Que ce soient vos concours, expositions, bourses, journ\u00e9es techniques, sorties coh\u00e9sion, r\u00e9unions ou tous autres \u00e9v\u00e9nements en rapport avec votre activit\u00e9 associative, pass\u00e9s ou \u00e0 venir, vous pouvez les communiquer gr\u00e2ce au formulaire des <a href=\"https:\/\/www.ornithologies.fr\/blog\/lesoiseauxdumonde\/les-petites-annonces\/rediger-une-petite-annonce\/\" data-type=\"page\" data-id=\"1660\">petites annonces<\/a>. Votre \u00e9v\u00e9nement sera publi\u00e9 dans la rubrique \u00ab\u00a0<a href=\"https:\/\/www.ornithologies.fr\/blog\/lesoiseauxdumonde\/category\/vie-des-clubs\/\" data-type=\"URL\" data-id=\"https:\/\/www.ornithologies.fr\/blog\/lesoiseauxdumonde\/category\/vie-des-clubs\/\">La Vie des Clubs<\/a>\u00ab\u00a0.<\/p>\n\n\n\n<div class=\"wp-block-buttons is-content-justification-center is-layout-flex wp-container-core-buttons-is-layout-16018d1d wp-block-buttons-is-layout-flex\">\n<div class=\"wp-block-button\"><a class=\"wp-block-button__link wp-element-button\" href=\"https:\/\/www.ornithologies.fr\/blog\/lesoiseauxdumonde\/les-petites-annonces\/rediger-une-petite-annonce\/\">Passer votre annonce<\/a><\/div>\n\n\n\n<div class=\"wp-block-button\"><a class=\"wp-block-button__link wp-element-button\" href=\"https:\/\/www.ornithologies.fr\/blog\/lesoiseauxdumonde\/category\/vie-des-clubs\/\">Toute la vie des Clubs<\/a><\/div>\n<\/div>\n\n\n\n<div style=\"height:50px\" aria-hidden=\"true\" class=\"wp-block-spacer\"><\/div>\n","protected":false},"excerpt":{"rendered":"<h2 class=\"wp-block-heading\">l&rsquo;Oiseau Chalonnais vous invite \u00e0 son exposition bourse d&rsquo;automne qui se tiendra le dimanche 26 octobre 2025 \u00e0 Chalon sur Sa\u00f4ne.<\/h2>\n<p>Plusieurs centaines d&rsquo;oiseaux \u00e0 c\u00e9der.<br \/>Buvette, gaufres<\/p>\n<ul class=\"wp-block-list\">\n<li>Lieu : salle du Clos Bourguignon, \u00e0 Chalon sur Sa\u00f4ne<\/li>\n<li>Ouverture au public : dimanche 26 octobre de 9h \u00e0 12h et de 14h \u00e0 &hellip;\n<p><a class=\"more-link btn\" href=\"https:\/\/www.ornithologies.fr\/blog\/lesoiseauxdumonde\/expo-bourse-a-chalon-sur-saone\/\">Lire la suite<\/a><\/p>\n<\/li>\n<\/ul>\n","protected":false},"author":1,"featured_media":3959,"comment_status":"open","ping_status":"open","sticky":false,"template":"","format":"standard","meta":{"footnotes":""},"categories":[1076],"tags":[1167,1208,1166,1207],"class_list":["post-3666","post","type-post","status-publish","format-standard","has-post-thumbnail","hentry","category-vie-des-clubs","tag-bourse","tag-chalon-sur-saone","tag-exposition","tag-oc","nodate","item-wrap"],"_links":{"self":[{"href":"https:\/\/www.ornithologies.fr\/blog\/lesoiseauxdumonde\/wp-json\/wp\/v2\/posts\/3666","targetHints":{"allow":["GET"]}}],"collection":[{"href":"https:\/\/www.ornithologies.fr\/blog\/lesoiseauxdumonde\/wp-json\/wp\/v2\/posts"}],"about":[{"href":"https:\/\/www.ornithologies.fr\/blog\/lesoiseauxdumonde\/wp-json\/wp\/v2\/types\/post"}],"author":[{"embeddable":true,"href":"https:\/\/www.ornithologies.fr\/blog\/lesoiseauxdumonde\/wp-json\/wp\/v2\/users\/1"}],"replies":[{"embeddable":true,"href":"https:\/\/www.ornithologies.fr\/blog\/lesoiseauxdumonde\/wp-json\/wp\/v2\/comments?post=3666"}],"version-history":[{"count":3,"href":"https:\/\/www.ornithologies.fr\/blog\/lesoiseauxdumonde\/wp-json\/wp\/v2\/posts\/3666\/revisions"}],"predecessor-version":[{"id":3960,"href":"https:\/\/www.ornithologies.fr\/blog\/lesoiseauxdumonde\/wp-json\/wp\/v2\/posts\/3666\/revisions\/3960"}],"wp:featuredmedia":[{"embeddable":true,"href":"https:\/\/www.ornithologies.fr\/blog\/lesoiseauxdumonde\/wp-json\/wp\/v2\/media\/3959"}],"wp:attachment":[{"href":"https:\/\/www.ornithologies.fr\/blog\/lesoiseauxdumonde\/wp-json\/wp\/v2\/media?parent=3666"}],"wp:term":[{"taxonomy":"category","embeddable":true,"href":"https:\/\/www.ornithologies.fr\/blog\/lesoiseauxdumonde\/wp-json\/wp\/v2\/categories?post=3666"},{"taxonomy":"post_tag","embeddable":true,"href":"https:\/\/www.ornithologies.fr\/blog\/lesoiseauxdumonde\/wp-json\/wp\/v2\/tags?post=3666"}],"curies":[{"name":"wp","href":"https:\/\/api.w.org\/{rel}","templated":true}]}}