{"id":3656,"date":"2025-01-06T14:06:24","date_gmt":"2025-01-06T13:06:24","guid":{"rendered":"https:\/\/www.ornithologies.fr\/blog\/lesoiseauxdumonde\/?p=3656"},"modified":"2025-01-06T14:11:43","modified_gmt":"2025-01-06T13:11:43","slug":"a-beaurains-on-nest-pas-des-pigeons","status":"publish","type":"post","link":"https:\/\/www.ornithologies.fr\/blog\/lesoiseauxdumonde\/a-beaurains-on-nest-pas-des-pigeons\/","title":{"rendered":"A Beaurains on n&rsquo;est pas des pigeons !"},"content":{"rendered":"\n<h2 class=\"wp-block-heading\">L\u2019Amicale Ornithologique de Beaurains, des \u00e9leveurs voyageurs et glaneurs de m\u00e9dailles !<\/h2>\n\n\n\n<figure class=\"wp-block-image size-full\"><a href=\"https:\/\/www.ornithologies.fr\/blog\/lesoiseauxdumonde\/wp-content\/uploads\/sites\/4\/Art-AOB-Beaurain-2025.jpg\" rel=\"lightbox[3656]\"><img loading=\"lazy\" decoding=\"async\" width=\"1280\" height=\"565\" src=\"https:\/\/www.ornithologies.fr\/blog\/lesoiseauxdumonde\/wp-content\/uploads\/sites\/4\/Art-AOB-Beaurain-2025.jpg\" alt=\"\" class=\"wp-image-3657\" srcset=\"https:\/\/www.ornithologies.fr\/blog\/lesoiseauxdumonde\/wp-content\/uploads\/sites\/4\/Art-AOB-Beaurain-2025.jpg 1280w, https:\/\/www.ornithologies.fr\/blog\/lesoiseauxdumonde\/wp-content\/uploads\/sites\/4\/Art-AOB-Beaurain-2025-300x132.jpg 300w, https:\/\/www.ornithologies.fr\/blog\/lesoiseauxdumonde\/wp-content\/uploads\/sites\/4\/Art-AOB-Beaurain-2025-500x221.jpg 500w, https:\/\/www.ornithologies.fr\/blog\/lesoiseauxdumonde\/wp-content\/uploads\/sites\/4\/Art-AOB-Beaurain-2025-768x339.jpg 768w, https:\/\/www.ornithologies.fr\/blog\/lesoiseauxdumonde\/wp-content\/uploads\/sites\/4\/Art-AOB-Beaurain-2025-750x331.jpg 750w, https:\/\/www.ornithologies.fr\/blog\/lesoiseauxdumonde\/wp-content\/uploads\/sites\/4\/Art-AOB-Beaurain-2025-960x424.jpg 960w\" sizes=\"auto, (max-width: 1280px) 100vw, 1280px\" \/><\/a><figcaption class=\"wp-element-caption\">Les \u00e9leveurs membres de l&rsquo;AOB et leur moisson de victoires<\/figcaption><\/figure>\n\n\n\n<p>Apr\u00e8s leur impressionnante r\u00e9colte de m\u00e9dailles de cette ann\u00e9e 2024, les membres de l\u2019Amicale Ornithologique Beaurinoise se sont retrouv\u00e9s ce dimanche 15 d\u00e9cembre au centre social Chico Mendes.<\/p>\n\n\n\n<p>De Noeux-les-Mines \u00e0 Roulers en Belgique en passant par Lens, Saint Pol sur Ternoise, Villeneuve d\u2019Ascq, l\u2019association de Beaurains a glan\u00e9 les r\u00e9compenses. Nos \u00e9leveurs ont comme survol\u00e9 les diff\u00e9rents concours. <\/p>\n\n\n\n<p>Le Pr\u00e9sident Alain Drancourt a particuli\u00e8rement salu\u00e9 Ghislain, Fabrice, Fred, St\u00e9phane, Fran\u00e7ois, Arnould et Fr\u00e9d\u00e9ric pour leur prestation en championnat de France UOF en Nouvelle Aquitaine \u00e0 Agen. De quoi leur donner l\u2019envie de renouveler avec l\u2019organisation d\u2019un concours \u00e0 Beaurains apr\u00e8s cinq ann\u00e9es de pause.<\/p>\n\n\n\n<h3 class=\"wp-block-heading\">Ce sera du 13 au 19 octobre en pr\u00e9sence d\u2019un jury compos\u00e9 d\u2019experts de l\u2019Ordre Mondial des Juge-Experts <em>(OMJ)<\/em>.<\/h3>\n\n\n\n<p>Pour l&rsquo;AOB, <em>cordialement,<\/em> <em>Fred Julienne<\/em><\/p>\n\n\n\n<hr class=\"wp-block-separator has-css-opacity\"\/>\n\n\n\n<h2 class=\"wp-block-heading\">Annoncez et partagez vos \u00e9v\u00e9nements !<\/h2>\n\n\n\n<p>Que ce soient vos concours, expositions, bourses, journ\u00e9es techniques, sorties coh\u00e9sion, r\u00e9unions ou tous autres \u00e9v\u00e9nements en rapport avec votre activit\u00e9 associative, pass\u00e9s ou \u00e0 venir, vous pouvez les communiquer gr\u00e2ce au formulaire des <a href=\"https:\/\/www.ornithologies.fr\/blog\/lesoiseauxdumonde\/les-petites-annonces\/rediger-une-petite-annonce\/\" data-type=\"page\" data-id=\"1660\">petites annonces<\/a>. Votre \u00e9v\u00e9nement sera publi\u00e9 dans la rubrique \u00ab\u00a0<a href=\"https:\/\/www.ornithologies.fr\/blog\/lesoiseauxdumonde\/category\/vie-des-clubs\/\" data-type=\"URL\" data-id=\"https:\/\/www.ornithologies.fr\/blog\/lesoiseauxdumonde\/category\/vie-des-clubs\/\">La Vie des Clubs<\/a>\u00ab\u00a0.<\/p>\n\n\n\n<div class=\"wp-block-buttons is-content-justification-center is-layout-flex wp-container-core-buttons-is-layout-16018d1d wp-block-buttons-is-layout-flex\">\n<div class=\"wp-block-button\"><a class=\"wp-block-button__link wp-element-button\" href=\"https:\/\/www.ornithologies.fr\/blog\/lesoiseauxdumonde\/les-petites-annonces\/rediger-une-petite-annonce\/\">Passer votre annonce<\/a><\/div>\n\n\n\n<div class=\"wp-block-button\"><a class=\"wp-block-button__link wp-element-button\" href=\"https:\/\/www.ornithologies.fr\/blog\/lesoiseauxdumonde\/category\/vie-des-clubs\/\">Toute la vie des Clubs<\/a><\/div>\n<\/div>\n\n\n\n<div style=\"height:20px\" aria-hidden=\"true\" class=\"wp-block-spacer\"><\/div>\n","protected":false},"excerpt":{"rendered":"<h2 class=\"wp-block-heading\">L\u2019Amicale Ornithologique de Beaurains, des \u00e9leveurs voyageurs et glaneurs de m\u00e9dailles !<\/h2>\n<p> Les \u00e9leveurs membres de l&rsquo;AOB et leur moisson de victoires <\/p>\n<p>Apr\u00e8s leur impressionnante r\u00e9colte de m\u00e9dailles de cette ann\u00e9e 2024, les membres de l\u2019Amicale Ornithologique Beaurinoise se sont retrouv\u00e9s ce dimanche 15 d\u00e9cembre au centre social Chico Mendes.<\/p>\n<p>De Noeux-les-Mines \u00e0 Roulers &hellip; <\/p>\n<p><a class=\"more-link btn\" href=\"https:\/\/www.ornithologies.fr\/blog\/lesoiseauxdumonde\/a-beaurains-on-nest-pas-des-pigeons\/\">Lire la suite<\/a><\/p>\n","protected":false},"author":1,"featured_media":3657,"comment_status":"open","ping_status":"open","sticky":false,"template":"","format":"standard","meta":{"footnotes":""},"categories":[1076],"tags":[1311,1614,1615],"class_list":["post-3656","post","type-post","status-publish","format-standard","has-post-thumbnail","hentry","category-vie-des-clubs","tag-aob","tag-beaurains","tag-medailles","nodate","item-wrap"],"_links":{"self":[{"href":"https:\/\/www.ornithologies.fr\/blog\/lesoiseauxdumonde\/wp-json\/wp\/v2\/posts\/3656","targetHints":{"allow":["GET"]}}],"collection":[{"href":"https:\/\/www.ornithologies.fr\/blog\/lesoiseauxdumonde\/wp-json\/wp\/v2\/posts"}],"about":[{"href":"https:\/\/www.ornithologies.fr\/blog\/lesoiseauxdumonde\/wp-json\/wp\/v2\/types\/post"}],"author":[{"embeddable":true,"href":"https:\/\/www.ornithologies.fr\/blog\/lesoiseauxdumonde\/wp-json\/wp\/v2\/users\/1"}],"replies":[{"embeddable":true,"href":"https:\/\/www.ornithologies.fr\/blog\/lesoiseauxdumonde\/wp-json\/wp\/v2\/comments?post=3656"}],"version-history":[{"count":4,"href":"https:\/\/www.ornithologies.fr\/blog\/lesoiseauxdumonde\/wp-json\/wp\/v2\/posts\/3656\/revisions"}],"predecessor-version":[{"id":3661,"href":"https:\/\/www.ornithologies.fr\/blog\/lesoiseauxdumonde\/wp-json\/wp\/v2\/posts\/3656\/revisions\/3661"}],"wp:featuredmedia":[{"embeddable":true,"href":"https:\/\/www.ornithologies.fr\/blog\/lesoiseauxdumonde\/wp-json\/wp\/v2\/media\/3657"}],"wp:attachment":[{"href":"https:\/\/www.ornithologies.fr\/blog\/lesoiseauxdumonde\/wp-json\/wp\/v2\/media?parent=3656"}],"wp:term":[{"taxonomy":"category","embeddable":true,"href":"https:\/\/www.ornithologies.fr\/blog\/lesoiseauxdumonde\/wp-json\/wp\/v2\/categories?post=3656"},{"taxonomy":"post_tag","embeddable":true,"href":"https:\/\/www.ornithologies.fr\/blog\/lesoiseauxdumonde\/wp-json\/wp\/v2\/tags?post=3656"}],"curies":[{"name":"wp","href":"https:\/\/api.w.org\/{rel}","templated":true}]}}