{"id":3552,"date":"2024-09-30T13:46:52","date_gmt":"2024-09-30T11:46:52","guid":{"rendered":"https:\/\/www.ornithologies.fr\/blog\/lesoiseauxdumonde\/?p=3552"},"modified":"2024-12-12T14:33:11","modified_gmt":"2024-12-12T13:33:11","slug":"sommaire-du-mois-doctobre-2024","status":"publish","type":"post","link":"https:\/\/www.ornithologies.fr\/blog\/lesoiseauxdumonde\/sommaire-du-mois-doctobre-2024\/","title":{"rendered":"Sommaire du mois d&rsquo;Octobre 2024"},"content":{"rendered":"\n<h1 class=\"wp-block-heading\">Serin \u00e0 calotte jaune<\/h1>\n\n\n\n<h2 class=\"wp-block-heading\">Au sommaire du n\u00b0 420<\/h2>\n\n\n<div class=\"wp-block-image\">\n<figure class=\"alignleft size-full is-resized\"><a href=\"https:\/\/www.ornithologies.fr\/blog\/lesoiseauxdumonde\/wp-content\/uploads\/sites\/4\/ODM1024.png\" rel=\"lightbox[3552]\"><img loading=\"lazy\" decoding=\"async\" width=\"500\" height=\"647\" src=\"https:\/\/www.ornithologies.fr\/blog\/lesoiseauxdumonde\/wp-content\/uploads\/sites\/4\/ODM1024.png\" alt=\"\" class=\"wp-image-3553\" style=\"width:250px;height:324px\" srcset=\"https:\/\/www.ornithologies.fr\/blog\/lesoiseauxdumonde\/wp-content\/uploads\/sites\/4\/ODM1024.png 500w, https:\/\/www.ornithologies.fr\/blog\/lesoiseauxdumonde\/wp-content\/uploads\/sites\/4\/ODM1024-232x300.png 232w\" sizes=\"auto, (max-width: 500px) 100vw, 500px\" \/><\/a><\/figure>\n<\/div>\n\n\n<ul class=\"wp-block-list\">\n<li>p.1 \u25ba \u00c9ditorial<\/li>\n\n\n\n<li>p.4 \u25ba Les Canaris \u00e0 travers les si\u00e8cles<\/li>\n\n\n\n<li>p.7 \u25ba Le Lancashire<\/li>\n\n\n\n<li>p.10 \u25ba Le Serin du Cap <em>(Serinus canicollis)<\/em> un oiseau fragile mais superbe !<\/li>\n\n\n\n<li>p.12 \u25ba Standard du Serin du Cap<\/li>\n\n\n\n<li>p.13 \u25ba Les Serins : genres <em>Crithagra<\/em> (Swainson,1827), <em>Chrysocorythus <\/em>(Wolters, 1967) et <em>Serinus <\/em>(Koch, 1816)<\/li>\n\n\n\n<li>p.16 \u25ba Rapport d\u2019\u00e9levage \u00e0 propos du Garrulaxe cendr\u00e9 <em>(Lanthocincla cineracea)<\/em><\/li>\n\n\n\n<li>p.19 \u25ba Les Garrulaxes : genres <em>Garrulax<\/em>, <em>Lanthocincla<\/em>, <em>Pterorhinus<\/em> et <em>Trochalopteron<\/em><\/li>\n\n\n\n<li>p.24 \u25ba Les bases de la g\u00e9n\u00e9tique des mutations chez les Euph\u00e8mes<\/li>\n\n\n\n<li>p.28 \u25ba De l\u2019achat \u00e0 un \u00e9levage stable en 14 ans : d\u00e9tention du Perroquet robuste <em>Poicephalus robustus<\/em><\/li>\n\n\n\n<li>p.32 \u25ba La page du d\u00e9butant<\/li>\n<\/ul>\n\n\n\n<h5 class=\"wp-block-heading\">Retrouvez gratuitement les petites annonces et toute la vie associative directement dans votre bo\u00eete e-mail au travers des Nouvelles de l\u2019UOF.<\/h5>\n\n\n\n<div class=\"wp-block-buttons is-content-justification-center is-layout-flex wp-container-core-buttons-is-layout-16018d1d wp-block-buttons-is-layout-flex\">\n<div class=\"wp-block-button\"><a class=\"wp-block-button__link wp-element-button\" href=\"https:\/\/www.ornithologies.fr\/boutique\/revue\/291-odm-n420.html\" target=\"_blank\" rel=\"noreferrer noopener\">Acheter un exemplaire<\/a><\/div>\n\n\n\n<div class=\"wp-block-button\"><a class=\"wp-block-button__link wp-element-button\" href=\"https:\/\/www.ornithologies.fr\/blog\/lesoiseauxdumonde\/abonnez-vous\/\" target=\"_blank\" rel=\"noreferrer noopener\">Abonnement<\/a><\/div>\n<\/div>\n\n\n\n<div style=\"height:50px\" aria-hidden=\"true\" class=\"wp-block-spacer\"><\/div>\n","protected":false},"excerpt":{"rendered":"<h1 class=\"wp-block-heading\">Serin \u00e0 calotte jaune<\/h1>\n<h2 class=\"wp-block-heading\">Au sommaire du n\u00b0 420<\/h2>\n<ul class=\"wp-block-list\">\n<li>p.1 \u25ba \u00c9ditorial<\/li>\n<li>p.4 \u25ba Les Canaris \u00e0 travers les si\u00e8cles<\/li>\n<li>p.7 \u25ba Le Lancashire<\/li>\n<li>p.10 \u25ba Le Serin du Cap (Serinus canicollis) un oiseau fragile mais superbe !<\/li>\n<li>p.12 \u25ba Standard du Serin du Cap<\/li>\n<li>p.13 \u25ba Les Serins : genres &hellip;\n<p><a class=\"more-link btn\" href=\"https:\/\/www.ornithologies.fr\/blog\/lesoiseauxdumonde\/sommaire-du-mois-doctobre-2024\/\">Lire la suite<\/a><\/p>\n<\/li>\n<\/ul>\n","protected":false},"author":1,"featured_media":3553,"comment_status":"open","ping_status":"open","sticky":false,"template":"","format":"standard","meta":{"footnotes":""},"categories":[2],"tags":[1480,1572,1575,1574,1578,1580,1577,968,1581,133,1579,1582,1611,1576,412,91,1583],"class_list":["post-3552","post","type-post","status-publish","format-standard","has-post-thumbnail","hentry","category-sommaire","tag-1480","tag-1572","tag-chrysocorythus","tag-crithagra","tag-euphemes","tag-garrulax","tag-garrulaxe-cendre","tag-lancashire","tag-lanthocincla","tag-octobre","tag-perroquet-robuste","tag-pterorhinus","tag-serin-a-calotte-jaune","tag-serinus","tag-sommaire","tag-standard","tag-trochalopteron","nodate","item-wrap"],"_links":{"self":[{"href":"https:\/\/www.ornithologies.fr\/blog\/lesoiseauxdumonde\/wp-json\/wp\/v2\/posts\/3552","targetHints":{"allow":["GET"]}}],"collection":[{"href":"https:\/\/www.ornithologies.fr\/blog\/lesoiseauxdumonde\/wp-json\/wp\/v2\/posts"}],"about":[{"href":"https:\/\/www.ornithologies.fr\/blog\/lesoiseauxdumonde\/wp-json\/wp\/v2\/types\/post"}],"author":[{"embeddable":true,"href":"https:\/\/www.ornithologies.fr\/blog\/lesoiseauxdumonde\/wp-json\/wp\/v2\/users\/1"}],"replies":[{"embeddable":true,"href":"https:\/\/www.ornithologies.fr\/blog\/lesoiseauxdumonde\/wp-json\/wp\/v2\/comments?post=3552"}],"version-history":[{"count":6,"href":"https:\/\/www.ornithologies.fr\/blog\/lesoiseauxdumonde\/wp-json\/wp\/v2\/posts\/3552\/revisions"}],"predecessor-version":[{"id":3639,"href":"https:\/\/www.ornithologies.fr\/blog\/lesoiseauxdumonde\/wp-json\/wp\/v2\/posts\/3552\/revisions\/3639"}],"wp:featuredmedia":[{"embeddable":true,"href":"https:\/\/www.ornithologies.fr\/blog\/lesoiseauxdumonde\/wp-json\/wp\/v2\/media\/3553"}],"wp:attachment":[{"href":"https:\/\/www.ornithologies.fr\/blog\/lesoiseauxdumonde\/wp-json\/wp\/v2\/media?parent=3552"}],"wp:term":[{"taxonomy":"category","embeddable":true,"href":"https:\/\/www.ornithologies.fr\/blog\/lesoiseauxdumonde\/wp-json\/wp\/v2\/categories?post=3552"},{"taxonomy":"post_tag","embeddable":true,"href":"https:\/\/www.ornithologies.fr\/blog\/lesoiseauxdumonde\/wp-json\/wp\/v2\/tags?post=3552"}],"curies":[{"name":"wp","href":"https:\/\/api.w.org\/{rel}","templated":true}]}}