{"id":353,"date":"2016-11-12T12:27:21","date_gmt":"2016-11-12T11:27:21","guid":{"rendered":"http:\/\/www.ornithologies.fr\/blog\/lesoiseauxdumonde\/?p=353"},"modified":"2024-01-22T15:51:04","modified_gmt":"2024-01-22T14:51:04","slug":"mon-experience-du-chardonneret","status":"publish","type":"post","link":"https:\/\/www.ornithologies.fr\/blog\/lesoiseauxdumonde\/mon-experience-du-chardonneret\/","title":{"rendered":"Mon Exp\u00e9rience du Chardonneret"},"content":{"rendered":"<h1>(suite)<\/h1>\n<h2 style=\"text-align: right;\">Kamel LATR\u00c8CHE<\/h2>\n<h6>Oiseaux du Monde n\u00b0341 &#8211; Novembre 2016<\/h6>\n<h3>La mue<\/h3>\n<p>Les couples reproducteurs sont plac\u00e9s ensemble pendant la mue, les petits sont plac\u00e9s par groupe de 4 par cage ou par 10 dans une voli\u00e8re, je leur donne la p\u00e2t\u00e9e, des plantes sauvages de saison, de l&rsquo;Omnivit marque Versele Laga, du millet en grappe et des pommes.<\/p>\n<p>Je leur donne un bain quotidien.<\/p>\n<p>La p\u00e9riode de mue est un moment assez critique pour les oiseaux.<\/p>\n<h3>Quarantaine<\/h3>\n<div id=\"attachment_356\" style=\"width: 200px\" class=\"wp-caption alignright\"><img loading=\"lazy\" decoding=\"async\" aria-describedby=\"caption-attachment-356\" class=\"wp-image-356\" src=\"https:\/\/www.ornithologies.fr\/blog\/lesoiseauxdumonde\/wp-content\/uploads\/sites\/4\/Chardonneret-agate.jpg\" alt=\"\" width=\"200\" height=\"169\" srcset=\"https:\/\/www.ornithologies.fr\/blog\/lesoiseauxdumonde\/wp-content\/uploads\/sites\/4\/Chardonneret-agate.jpg 300w, https:\/\/www.ornithologies.fr\/blog\/lesoiseauxdumonde\/wp-content\/uploads\/sites\/4\/Chardonneret-agate-150x127.jpg 150w\" sizes=\"auto, (max-width: 200px) 100vw, 200px\" \/><p id=\"caption-attachment-356\" class=\"wp-caption-text\">Chardonneret \u00e9l\u00e9gant agate au sevrage.<br \/>[\u00a9 Kamel Latr\u00e8che]<\/p><\/div>Lors de l&rsquo;achat d&rsquo;un oiseau, je v\u00e9rifie toujours l&rsquo;\u00e9tat de sant\u00e9 en soufflant sur le ventre et le br\u00e9chet pour bien v\u00e9rifier que l&rsquo;oiseau soit sain.<\/p>\n<p>Ensuite, je pose une goutte d&rsquo;ivomectine sur la nuque et je lui administre un antibiotique \u00e0 large spectre, en pr\u00e9vention car l&rsquo;oiseau peut \u00eatre porteur sain d&rsquo;une maladie ou \u00eatre stress\u00e9 \u00e0 cause du changement. En compl\u00e9ment du traitement antibiotique j&rsquo;administre du Orniproven avec de la choline.<\/p>\n<p>Il est important lors de toute nouvelle acquisition de demander des graines \u00e0 l&rsquo;\u00e9leveur pour assurer la transition. Le premier jour de quarantaine, je dispose le m\u00e9lange de l&rsquo;\u00e9leveur dans un bac en bas de la cage et au fur \u00e0 mesure des jours je le m\u00e9lange avec mes graines que je mets dans la mangeoire.<\/p>\n<h4>La phase d&rsquo;observation est cruciale, il faut s&rsquo;assurer que l&rsquo;oiseau se nourrisse correctement il faut qu&rsquo;il mange et boive r\u00e9guli\u00e8rement.<\/h4>\n<p>Je mets \u00e0 disposition de la p\u00e2t\u00e9e, pomme, endive, des plantes sauvages de saison (<em>onagre, card\u00e8re, chicor\u00e9e, chardon-Marie etc<\/em>). Je ne m\u00e9lange jamais mes nouveaux oiseaux avec mes r\u00e9sidents. Chaque nouvelle acquisition doit \u00eatre plac\u00e9e en quarantaine.<\/p>\n<div id=\"attachment_357\" style=\"width: 150px\" class=\"wp-caption alignright\"><img loading=\"lazy\" decoding=\"async\" aria-describedby=\"caption-attachment-357\" class=\"wp-image-357 size-thumbnail\" src=\"https:\/\/www.ornithologies.fr\/blog\/lesoiseauxdumonde\/wp-content\/uploads\/sites\/4\/Nichee-de-Chardonneret-150x126.jpg\" alt=\"\" width=\"150\" height=\"126\" srcset=\"https:\/\/www.ornithologies.fr\/blog\/lesoiseauxdumonde\/wp-content\/uploads\/sites\/4\/Nichee-de-Chardonneret-150x126.jpg 150w, https:\/\/www.ornithologies.fr\/blog\/lesoiseauxdumonde\/wp-content\/uploads\/sites\/4\/Nichee-de-Chardonneret.jpg 299w\" sizes=\"auto, (max-width: 150px) 100vw, 150px\" \/><p id=\"caption-attachment-357\" class=\"wp-caption-text\">Nich\u00e9e de Chardonneret \u00e9l\u00e9gant.<br \/>[\u00a9 Kamel Latr\u00e8che]<\/p><\/div>L&rsquo;observation quotidienne du comportement des oiseaux reste la r\u00e8gle. Il est important de v\u00e9rifier que les oiseaux mangent dans la mangeoire. Quand c&rsquo;est le cas, on peut enlever le bac mis en bas avec les graines.<\/p>\n<p>Chose importante : si vous \u00e9levez dans des cages avec de la lumi\u00e8re naturelle en int\u00e9rieur et chauff\u00e9, il est pr\u00e9f\u00e9rable de privil\u00e9gier des \u00e9leveurs qui ont les m\u00eame conditions d&rsquo;installation que les v\u00f4tres.<\/p>\n<p>Je nettoie mes cages de quarantaines toujours en dernier. Un oiseau malade doit \u00eatre imm\u00e9diatement isol\u00e9 et plac\u00e9 dans la cage h\u00f4pital, j&rsquo;ai dispos\u00e9 la mienne \u00e0 l&rsquo;int\u00e9rieur de la maison.<\/p>\n<h3>Les Difficult\u00e9s dans l&rsquo;\u00e9levage<\/h3>\n<p>Les difficult\u00e9s rencontr\u00e9es dans l&rsquo;\u00e9levage sont principalement li\u00e9es \u00e0 une sensibilit\u00e9 \u00e0 la coccidiose et \u00e0 l&rsquo;humidit\u00e9. Le chardonneret n&rsquo;aime pas les locaux trop humides. Des femelles ne nourrissent pas les petits et pondent en dehors du nid. Il y a une certaine mortalit\u00e9 des jeunes au nid&#8230; Des m\u00e2les deviennent trop agressifs&#8230;<\/p>\n<p>Les ann\u00e9es d&rsquo;\u00e9levages passant et au fur et \u00e0 mesure de l&rsquo;exp\u00e9rience qui s&rsquo;accumule je trouve tout de m\u00eame que c&rsquo;est un oiseau facile \u00e0 \u00e9lever si toutes les conditions d&rsquo;\u00e9levages sont respect\u00e9es.<\/p>\n<div id=\"attachment_358\" style=\"width: 755px\" class=\"wp-caption aligncenter\"><img loading=\"lazy\" decoding=\"async\" aria-describedby=\"caption-attachment-358\" class=\"wp-image-358 size-full\" src=\"https:\/\/www.ornithologies.fr\/blog\/lesoiseauxdumonde\/wp-content\/uploads\/sites\/4\/Chardonneret-elegant-combinaison-tete-blanche.jpg\" alt=\"\" width=\"755\" height=\"1024\" srcset=\"https:\/\/www.ornithologies.fr\/blog\/lesoiseauxdumonde\/wp-content\/uploads\/sites\/4\/Chardonneret-elegant-combinaison-tete-blanche.jpg 755w, https:\/\/www.ornithologies.fr\/blog\/lesoiseauxdumonde\/wp-content\/uploads\/sites\/4\/Chardonneret-elegant-combinaison-tete-blanche-111x150.jpg 111w, https:\/\/www.ornithologies.fr\/blog\/lesoiseauxdumonde\/wp-content\/uploads\/sites\/4\/Chardonneret-elegant-combinaison-tete-blanche-221x300.jpg 221w, https:\/\/www.ornithologies.fr\/blog\/lesoiseauxdumonde\/wp-content\/uploads\/sites\/4\/Chardonneret-elegant-combinaison-tete-blanche-600x814.jpg 600w, https:\/\/www.ornithologies.fr\/blog\/lesoiseauxdumonde\/wp-content\/uploads\/sites\/4\/Chardonneret-elegant-combinaison-tete-blanche-234x317.jpg 234w\" sizes=\"auto, (max-width: 755px) 100vw, 755px\" \/><p id=\"caption-attachment-358\" class=\"wp-caption-text\">Chardonneret \u00e9l\u00e9gant combinaison t\u00eate blanche.<br \/>[\u00a9 Sylvain Chartier &#8211; El. Michel Gu\u00e9rinel &#8211; Gravelines 2013]<\/p><\/div>\n<h3>Les principales mutations de couleurs<\/h3>\n<p>Pour les mutations brun, agate, aminet (<em>eumo<\/em>), pastel, isabelle, satin\u00e9e h\u00e9r\u00e9dit\u00e9 r\u00e9cessive li\u00e9e au sexe seulement les m\u00e2les seront porteurs de mutations. Les mutations t\u00eate blanche, opale et albinos sont \u00e0 h\u00e9r\u00e9dit\u00e9 autosomique r\u00e9cessive, libre.<\/p>\n<div id=\"attachment_359\" style=\"width: 1024px\" class=\"wp-caption aligncenter\"><img loading=\"lazy\" decoding=\"async\" aria-describedby=\"caption-attachment-359\" class=\"size-full wp-image-359\" src=\"https:\/\/www.ornithologies.fr\/blog\/lesoiseauxdumonde\/wp-content\/uploads\/sites\/4\/Chardonneret-tete-blanche.jpg\" alt=\"\" width=\"1024\" height=\"724\" srcset=\"https:\/\/www.ornithologies.fr\/blog\/lesoiseauxdumonde\/wp-content\/uploads\/sites\/4\/Chardonneret-tete-blanche.jpg 1024w, https:\/\/www.ornithologies.fr\/blog\/lesoiseauxdumonde\/wp-content\/uploads\/sites\/4\/Chardonneret-tete-blanche-150x106.jpg 150w, https:\/\/www.ornithologies.fr\/blog\/lesoiseauxdumonde\/wp-content\/uploads\/sites\/4\/Chardonneret-tete-blanche-300x212.jpg 300w, https:\/\/www.ornithologies.fr\/blog\/lesoiseauxdumonde\/wp-content\/uploads\/sites\/4\/Chardonneret-tete-blanche-768x543.jpg 768w, https:\/\/www.ornithologies.fr\/blog\/lesoiseauxdumonde\/wp-content\/uploads\/sites\/4\/Chardonneret-tete-blanche-600x424.jpg 600w, https:\/\/www.ornithologies.fr\/blog\/lesoiseauxdumonde\/wp-content\/uploads\/sites\/4\/Chardonneret-tete-blanche-448x317.jpg 448w\" sizes=\"auto, (max-width: 1024px) 100vw, 1024px\" \/><p id=\"caption-attachment-359\" class=\"wp-caption-text\">Chardonneret t\u00eate blanche<br \/>[\u00a9 Guy Doumergue &#8211; El. Bertrand Debruyne &#8211; Les Herbiers 2014]<\/p><\/div>La mutation jaune est \u00e0 h\u00e9r\u00e9dit\u00e9 dominante, libre.<\/p>\n\n\t\t<style type=\"text\/css\">\n\t\t\t#gallery-1 {\n\t\t\t\tmargin: auto;\n\t\t\t}\n\t\t\t#gallery-1 .gallery-item {\n\t\t\t\tfloat: left;\n\t\t\t\tmargin-top: 10px;\n\t\t\t\ttext-align: center;\n\t\t\t\twidth: 33%;\n\t\t\t}\n\t\t\t#gallery-1 img {\n\t\t\t\tborder: 2px solid #cfcfcf;\n\t\t\t}\n\t\t\t#gallery-1 .gallery-caption {\n\t\t\t\tmargin-left: 0;\n\t\t\t}\n\t\t\t\/* see gallery_shortcode() in wp-includes\/media.php *\/\n\t\t<\/style>\n\t\t<div id='gallery-1' class='gallery galleryid-353 gallery-columns-3 gallery-size-medium'><dl class='gallery-item'>\n\t\t\t<dt class='gallery-icon landscape'>\n\t\t\t\t<img loading=\"lazy\" decoding=\"async\" width=\"300\" height=\"253\" src=\"https:\/\/www.ornithologies.fr\/blog\/lesoiseauxdumonde\/wp-content\/uploads\/sites\/4\/nichee-de-Chardonneret-elegant-Aminet-300x253.png\" class=\"attachment-medium size-medium\" alt=\"\" aria-describedby=\"gallery-1-363\" srcset=\"https:\/\/www.ornithologies.fr\/blog\/lesoiseauxdumonde\/wp-content\/uploads\/sites\/4\/nichee-de-Chardonneret-elegant-Aminet.png 300w, https:\/\/www.ornithologies.fr\/blog\/lesoiseauxdumonde\/wp-content\/uploads\/sites\/4\/nichee-de-Chardonneret-elegant-Aminet-150x127.png 150w\" sizes=\"auto, (max-width: 300px) 100vw, 300px\" \/>\n\t\t\t<\/dt>\n\t\t\t\t<dd class='wp-caption-text gallery-caption' id='gallery-1-363'>\n\t\t\t\tNich\u00e9e de Chardonneret \u00e9l\u00e9gant Aminet\n[\u00a9 Kamel Latr\u00e8che]\n\t\t\t\t<\/dd><\/dl><dl class='gallery-item'>\n\t\t\t<dt class='gallery-icon portrait'>\n\t\t\t\t<img loading=\"lazy\" decoding=\"async\" width=\"263\" height=\"300\" src=\"https:\/\/www.ornithologies.fr\/blog\/lesoiseauxdumonde\/wp-content\/uploads\/sites\/4\/femelle-chardonneret-Aminet-263x300.jpg\" class=\"attachment-medium size-medium\" alt=\"\" aria-describedby=\"gallery-1-361\" srcset=\"https:\/\/www.ornithologies.fr\/blog\/lesoiseauxdumonde\/wp-content\/uploads\/sites\/4\/femelle-chardonneret-Aminet.jpg 263w, https:\/\/www.ornithologies.fr\/blog\/lesoiseauxdumonde\/wp-content\/uploads\/sites\/4\/femelle-chardonneret-Aminet-132x150.jpg 132w\" sizes=\"auto, (max-width: 263px) 100vw, 263px\" \/>\n\t\t\t<\/dt>\n\t\t\t\t<dd class='wp-caption-text gallery-caption' id='gallery-1-361'>\n\t\t\t\tFemelle Chardonneret Aminet\n[\u00a9 Kamel Latr\u00e8che]\n\t\t\t\t<\/dd><\/dl><dl class='gallery-item'>\n\t\t\t<dt class='gallery-icon landscape'>\n\t\t\t\t<img loading=\"lazy\" decoding=\"async\" width=\"300\" height=\"231\" src=\"https:\/\/www.ornithologies.fr\/blog\/lesoiseauxdumonde\/wp-content\/uploads\/sites\/4\/Male-chardonneret-Aminet-tete-blanche-300x231.jpg\" class=\"attachment-medium size-medium\" alt=\"\" aria-describedby=\"gallery-1-362\" srcset=\"https:\/\/www.ornithologies.fr\/blog\/lesoiseauxdumonde\/wp-content\/uploads\/sites\/4\/Male-chardonneret-Aminet-tete-blanche.jpg 300w, https:\/\/www.ornithologies.fr\/blog\/lesoiseauxdumonde\/wp-content\/uploads\/sites\/4\/Male-chardonneret-Aminet-tete-blanche-150x116.jpg 150w\" sizes=\"auto, (max-width: 300px) 100vw, 300px\" \/>\n\t\t\t<\/dt>\n\t\t\t\t<dd class='wp-caption-text gallery-caption' id='gallery-1-362'>\n\t\t\t\tM\u00e2le Aminet t\u00eate blanche de l&rsquo;ann\u00e9e\n[\u00a9 Kamel Latr\u00e8che]\n\t\t\t\t<\/dd><\/dl><br style=\"clear: both\" \/>\n\t\t<\/div>\n\n<p>Les mutations gorge blanche, panach\u00e9e, blanc sont encore en \u00e9tude et leur g\u00e9n\u00e9tique reste non d\u00e9finie avec certitude.<\/p>\n<h3>Statut juridique du Chardonneret en mutations<\/h3>\n<div id=\"attachment_368\" style=\"width: 200px\" class=\"wp-caption alignleft\"><img loading=\"lazy\" decoding=\"async\" aria-describedby=\"caption-attachment-368\" class=\"wp-image-368\" src=\"https:\/\/www.ornithologies.fr\/blog\/lesoiseauxdumonde\/wp-content\/uploads\/sites\/4\/Femelle-chardonneret-Isabelle-Pastel.jpg\" alt=\"\" width=\"200\" height=\"217\" srcset=\"https:\/\/www.ornithologies.fr\/blog\/lesoiseauxdumonde\/wp-content\/uploads\/sites\/4\/Femelle-chardonneret-Isabelle-Pastel.jpg 276w, https:\/\/www.ornithologies.fr\/blog\/lesoiseauxdumonde\/wp-content\/uploads\/sites\/4\/Femelle-chardonneret-Isabelle-Pastel-138x150.jpg 138w\" sizes=\"auto, (max-width: 200px) 100vw, 200px\" \/><p id=\"caption-attachment-368\" class=\"wp-caption-text\">Femelle isabelle pastel<br \/>[\u00a9 Kamel Latr\u00e8che]<\/p><\/div>L&rsquo;<a href=\"https:\/\/www.legifrance.gouv.fr\/affichTexte.do?cidTexte=JORFTEXT000000789087\" target=\"_blank\" rel=\"noopener noreferrer\">arr\u00eat\u00e9 du 11 aout 2006<\/a> d\u00e9finit en France les esp\u00e8ces, races et vari\u00e9t\u00e9s domestiques.<\/p>\n<p>Les vari\u00e9t\u00e9s blanches, brune, agate, pastel, isabelle et satin\u00e9 du Chardonneret \u00e9l\u00e9gant (<em>Carduelis carduelis<\/em>) sont consid\u00e9r\u00e9es comme domestiques. Ils ont le m\u00eame statut juridique que le canari. Pour les autres mutations et les oiseaux en ph\u00e9notype sauvage d&rsquo;\u00e9levage, l&rsquo;\u00e9leveur doit \u00eatre titulaire du certificat de capacit\u00e9 et de l&rsquo;ouverture d&rsquo;\u00e9tablissement d&rsquo;esp\u00e8ce non domestique d\u00e8s le premier sujet.<\/p>\n<h3>Concours<\/h3>\n<p>Je n&rsquo;ai encore particip\u00e9 \u00e0 aucun concours.<\/p>\n<p>Ma priorit\u00e9 dans l&rsquo;\u00e9levage, aujourd&rsquo;hui, r\u00e9side exclusivement dans la s\u00e9lection de mes sujets afin d&rsquo;obtenir une souche r\u00e9sistante sans m\u00e9dicaments pr\u00e9ventifs.<\/p>\n<p>Je privil\u00e9gie l&rsquo;\u00e9levage par parents sous Chardonneret. Je pense dans un futur proche exposer mes oiseaux au concours r\u00e9gionaux afin de conna\u00eetre les standards et aussi afin de pouvoir comparer, \u00e9changer avec d&rsquo;autres passionn\u00e9s.<\/p>\n<h3>Divers<\/h3>\n<p>J&rsquo;\u00e9l\u00e8ve aussi d&rsquo;autres esp\u00e8ces, j&rsquo;ai des Bouvreuils ponceaux en mutation et des Canaris de couleur et posture. L&rsquo;\u00e9levage d&rsquo;indig\u00e8nes est assez similaire avec quelques petites diff\u00e9rences.<\/p>\n<div id=\"attachment_366\" style=\"width: 200px\" class=\"wp-caption alignright\"><img loading=\"lazy\" decoding=\"async\" aria-describedby=\"caption-attachment-366\" class=\"wp-image-366\" src=\"https:\/\/www.ornithologies.fr\/blog\/lesoiseauxdumonde\/wp-content\/uploads\/sites\/4\/Femelle-chardonneret-Satinee-tete-blanche.jpg\" alt=\"\" width=\"200\" height=\"131\" srcset=\"https:\/\/www.ornithologies.fr\/blog\/lesoiseauxdumonde\/wp-content\/uploads\/sites\/4\/Femelle-chardonneret-Satinee-tete-blanche.jpg 300w, https:\/\/www.ornithologies.fr\/blog\/lesoiseauxdumonde\/wp-content\/uploads\/sites\/4\/Femelle-chardonneret-Satinee-tete-blanche-150x98.jpg 150w\" sizes=\"auto, (max-width: 200px) 100vw, 200px\" \/><p id=\"caption-attachment-366\" class=\"wp-caption-text\">Femelle satin\u00e9e t\u00eate blanche<br \/>[\u00a9 Kamel Latr\u00e8che]<\/p><\/div>Mes nouvelles acquisitions se font en g\u00e9n\u00e9ral chez des \u00e9leveurs fran\u00e7ais, italiens, hollandais, ou en bourse. Je n&rsquo;ai pas de difficult\u00e9 particuli\u00e8re pour trouver ces oiseaux qui restent faciles \u00e0 acqu\u00e9rir.<\/p>\n<p>Il n&rsquo;y a pas de secret particulier dans l&rsquo;\u00e9levage du Chardonneret major : Il est indispensable de bien aborder la phase de s\u00e9lection. Il faut acqu\u00e9rir des oiseaux sains, leur offrir les meilleures conditions d&rsquo;h\u00e9bergement : une pi\u00e8ce bien \u00e9clair\u00e9e, stabiliser la flore intestinale avec des probiotiques et eau acidifi\u00e9e, leur assurer une hygi\u00e8ne irr\u00e9prochable, habituer les couples \u00e0 manger de la prot\u00e9ine animale avant la reproduction, contr\u00f4ler l&rsquo;hygrom\u00e9trie de la pi\u00e8ce et ramasser des plantes sauvages selon les saisons.<\/p>\n<h3>Mes conseils \u00e0 un d\u00e9butant<\/h3>\n<p>Acqu\u00e9rir de l&rsquo;exp\u00e9rience avec des Canaris est le pr\u00e9alable indispensable et la base de l&rsquo;\u00e9levage des fringillid\u00e9s.<\/p>\n<p>Cette phase est primordiale, c&rsquo;est seulement apr\u00e8s cette \u00e9tape qu\u2019il faut faire l&rsquo;acquisition de Chardonneret en mutation comme le brun, pastel ou l&rsquo;agate pour commencer car certaines mutations sont plus fragiles que d&rsquo;autres.<\/p>\n<p>S&rsquo;informer et discuter avec les \u00e9leveurs de votre r\u00e9gion est le meilleur moyen de bien appr\u00e9hender son futur \u00e9levage.<\/p>\n<p>Nous les \u00e9leveurs, nous nous battons depuis plusieurs ann\u00e9es \u00e0 travers les forums, les blogs, les organisations de bourses et les concours pour promouvoir l&rsquo;\u00e9levage, le valoriser.<\/p>\n<p>Nous condamnons le braconnage de toutes nos forces, nous faisons de la pr\u00e9vention afin de faire changer et \u00e9voluer les mentalit\u00e9s.<\/p>\n<div id=\"attachment_367\" style=\"width: 205px\" class=\"wp-caption alignleft\"><img loading=\"lazy\" decoding=\"async\" aria-describedby=\"caption-attachment-367\" class=\"size-full wp-image-367\" src=\"https:\/\/www.ornithologies.fr\/blog\/lesoiseauxdumonde\/wp-content\/uploads\/sites\/4\/Male-chardonneret-agate-tete-blanche-et-gorge-blanche.jpg\" alt=\"\" width=\"205\" height=\"246\" srcset=\"https:\/\/www.ornithologies.fr\/blog\/lesoiseauxdumonde\/wp-content\/uploads\/sites\/4\/Male-chardonneret-agate-tete-blanche-et-gorge-blanche.jpg 205w, https:\/\/www.ornithologies.fr\/blog\/lesoiseauxdumonde\/wp-content\/uploads\/sites\/4\/Male-chardonneret-agate-tete-blanche-et-gorge-blanche-125x150.jpg 125w\" sizes=\"auto, (max-width: 205px) 100vw, 205px\" \/><p id=\"caption-attachment-367\" class=\"wp-caption-text\">M\u00e2le agate t\u00eate blanche et gorge blanche [\u00a9 Kamel Latr\u00e8che]<\/p><\/div>\n<h4>Notre devise \u00e0 tous : \u00e9lever pour ne pas pr\u00e9lever.<\/h4>\n<p>Je tiens \u00e0 remercier la f\u00e9d\u00e9ration UOF car j&rsquo;ai pris \u00e9norm\u00e9ment de plaisir \u00e0 \u00e9crire cet article o\u00f9 je me d\u00e9voile et o\u00f9 je d\u00e9cris cette passion qui m&rsquo;anime depuis ma plus tendre enfance. Je mesure la chance et l&rsquo;honneur qui m&rsquo;est fait d&rsquo;avoir une tribune dans cette revue que j&rsquo;affectionne particuli\u00e8rement.<\/p>\n<p>J&rsquo;ai consacr\u00e9 10 ans de ma vie \u00e0 l&rsquo;\u00e9levage et chaque jour je remercie la nature de m&rsquo;avoir permis de vivre ma passion sans freins et sans contraintes. J&rsquo;essaie de transmettre ma passion aux d\u00e9butants \u00e0 travers les forums, je conseille, j&rsquo;\u00e9coute, j&rsquo;oriente et ma plus grande satisfaction est d&rsquo;apprendre que certains sont devenus des \u00e9leveurs confirm\u00e9s et d&rsquo;autres ont obtenu leur certificat de capacit\u00e9.<\/p>\n","protected":false},"excerpt":{"rendered":"<h1>(suite)<\/h1>\n<h2 style=\"text-align: right;\">Kamel LATR\u00c8CHE<\/h2>\n<h6>Oiseaux du Monde n\u00b0341 &#8211; Novembre 2016<\/h6>\n<h3>La mue<\/h3>\n<p>Les couples reproducteurs sont plac\u00e9s ensemble pendant la mue, les petits sont plac\u00e9s par groupe de 4 par cage ou par 10 dans une voli\u00e8re, je leur donne la p\u00e2t\u00e9e, des plantes sauvages de saison, de l&rsquo;Omnivit marque Versele Laga, du &hellip; <\/p>\n<p><a class=\"more-link btn\" href=\"https:\/\/www.ornithologies.fr\/blog\/lesoiseauxdumonde\/mon-experience-du-chardonneret\/\">Lire la suite<\/a><\/p>\n","protected":false},"author":1,"featured_media":358,"comment_status":"open","ping_status":"open","sticky":false,"template":"","format":"standard","meta":{"footnotes":""},"categories":[48,80],"tags":[103,118,121,77,58,130,53,131,56,128,129,57],"class_list":["post-353","post","type-post","status-publish","format-standard","has-post-thumbnail","hentry","category-article","category-icc","tag-103","tag-118","tag-chardonneret","tag-concours","tag-conseils","tag-difficultes","tag-mue","tag-mutations","tag-nourriture","tag-novembre","tag-quarantaine","tag-statut","nodate","item-wrap"],"_links":{"self":[{"href":"https:\/\/www.ornithologies.fr\/blog\/lesoiseauxdumonde\/wp-json\/wp\/v2\/posts\/353","targetHints":{"allow":["GET"]}}],"collection":[{"href":"https:\/\/www.ornithologies.fr\/blog\/lesoiseauxdumonde\/wp-json\/wp\/v2\/posts"}],"about":[{"href":"https:\/\/www.ornithologies.fr\/blog\/lesoiseauxdumonde\/wp-json\/wp\/v2\/types\/post"}],"author":[{"embeddable":true,"href":"https:\/\/www.ornithologies.fr\/blog\/lesoiseauxdumonde\/wp-json\/wp\/v2\/users\/1"}],"replies":[{"embeddable":true,"href":"https:\/\/www.ornithologies.fr\/blog\/lesoiseauxdumonde\/wp-json\/wp\/v2\/comments?post=353"}],"version-history":[{"count":2,"href":"https:\/\/www.ornithologies.fr\/blog\/lesoiseauxdumonde\/wp-json\/wp\/v2\/posts\/353\/revisions"}],"predecessor-version":[{"id":3287,"href":"https:\/\/www.ornithologies.fr\/blog\/lesoiseauxdumonde\/wp-json\/wp\/v2\/posts\/353\/revisions\/3287"}],"wp:featuredmedia":[{"embeddable":true,"href":"https:\/\/www.ornithologies.fr\/blog\/lesoiseauxdumonde\/wp-json\/wp\/v2\/media\/358"}],"wp:attachment":[{"href":"https:\/\/www.ornithologies.fr\/blog\/lesoiseauxdumonde\/wp-json\/wp\/v2\/media?parent=353"}],"wp:term":[{"taxonomy":"category","embeddable":true,"href":"https:\/\/www.ornithologies.fr\/blog\/lesoiseauxdumonde\/wp-json\/wp\/v2\/categories?post=353"},{"taxonomy":"post_tag","embeddable":true,"href":"https:\/\/www.ornithologies.fr\/blog\/lesoiseauxdumonde\/wp-json\/wp\/v2\/tags?post=353"}],"curies":[{"name":"wp","href":"https:\/\/api.w.org\/{rel}","templated":true}]}}