{"id":3401,"date":"2024-05-14T17:36:01","date_gmt":"2024-05-14T15:36:01","guid":{"rendered":"https:\/\/www.ornithologies.fr\/blog\/lesoiseauxdumonde\/?p=3401"},"modified":"2024-05-14T17:36:01","modified_gmt":"2024-05-14T15:36:01","slug":"sommaire-du-mois-de-mai-2024","status":"publish","type":"post","link":"https:\/\/www.ornithologies.fr\/blog\/lesoiseauxdumonde\/sommaire-du-mois-de-mai-2024\/","title":{"rendered":"Sommaire du mois de Mai 2024"},"content":{"rendered":"\n<h1 class=\"wp-block-heading\">Tarin des aulnes<\/h1>\n\n\n\n<h2 class=\"wp-block-heading\">Au sommaire du n\u00b0 417<\/h2>\n\n\n<div class=\"wp-block-image\">\n<figure data-wp-context=\"{&quot;imageId&quot;:&quot;69f28b79129ba&quot;}\" data-wp-interactive=\"core\/image\" data-wp-key=\"69f28b79129ba\" class=\"alignleft size-full is-resized wp-lightbox-container\"><img loading=\"lazy\" decoding=\"async\" width=\"500\" height=\"647\" data-wp-class--hide=\"state.isContentHidden\" data-wp-class--show=\"state.isContentVisible\" data-wp-init=\"callbacks.setButtonStyles\" data-wp-on--click=\"actions.showLightbox\" data-wp-on--load=\"callbacks.setButtonStyles\" data-wp-on-window--resize=\"callbacks.setButtonStyles\" src=\"https:\/\/www.ornithologies.fr\/blog\/lesoiseauxdumonde\/wp-content\/uploads\/sites\/4\/ODM0524.png\" alt=\"\" class=\"wp-image-3402\" style=\"width:250px;height:324px\" srcset=\"https:\/\/www.ornithologies.fr\/blog\/lesoiseauxdumonde\/wp-content\/uploads\/sites\/4\/ODM0524.png 500w, https:\/\/www.ornithologies.fr\/blog\/lesoiseauxdumonde\/wp-content\/uploads\/sites\/4\/ODM0524-232x300.png 232w\" sizes=\"auto, (max-width: 500px) 100vw, 500px\" \/><button\n\t\t\tclass=\"lightbox-trigger\"\n\t\t\ttype=\"button\"\n\t\t\taria-haspopup=\"dialog\"\n\t\t\taria-label=\"Agrandir\"\n\t\t\tdata-wp-init=\"callbacks.initTriggerButton\"\n\t\t\tdata-wp-on--click=\"actions.showLightbox\"\n\t\t\tdata-wp-style--right=\"state.imageButtonRight\"\n\t\t\tdata-wp-style--top=\"state.imageButtonTop\"\n\t\t>\n\t\t\t<svg xmlns=\"http:\/\/www.w3.org\/2000\/svg\" width=\"12\" height=\"12\" fill=\"none\" viewBox=\"0 0 12 12\">\n\t\t\t\t<path fill=\"#fff\" d=\"M2 0a2 2 0 0 0-2 2v2h1.5V2a.5.5 0 0 1 .5-.5h2V0H2Zm2 10.5H2a.5.5 0 0 1-.5-.5V8H0v2a2 2 0 0 0 2 2h2v-1.5ZM8 12v-1.5h2a.5.5 0 0 0 .5-.5V8H12v2a2 2 0 0 1-2 2H8Zm2-12a2 2 0 0 1 2 2v2h-1.5V2a.5.5 0 0 0-.5-.5H8V0h2Z\" \/>\n\t\t\t<\/svg>\n\t\t<\/button><\/figure>\n<\/div>\n\n\n<ul class=\"wp-block-list\">\n<li>p.1 \u25ba \u00c9ditorial<\/li>\n\n\n\n<li>p.4 \u25ba Quelques notions de g\u00e9n\u00e9tique : le crossing-over, utilit\u00e9 en canariculture<\/li>\n\n\n\n<li>p.7 \u25ba Le Canari arlequin portugais<\/li>\n\n\n\n<li>p.9 \u25ba Exp\u00e9rience d\u2019\u00e9levage avec les mutations brune et satin\u00e9e du Diamant de Gould<\/li>\n\n\n\n<li>p.12 \u25ba Compl\u00e9ment sur les mutations brune et satin\u00e9e du Diamant de Gould<\/li>\n\n\n\n<li>p.13 \u25ba Pr\u00e9sentation des juges CNJF r\u00e9cents<\/li>\n\n\n\n<li>p.14 \u25ba Travail avec les mutations du Tarin des aulnes <em>Spinus spinus<\/em><\/li>\n\n\n\n<li>p.17 \u25ba La mutation ailes noires <em>(blackwing) <\/em>des Perruches ondul\u00e9es<\/li>\n\n\n\n<li>p.19 \u25ba Le Perroquet \u00e0 face jaune <em>Poicephalus flavifrons<\/em>, premi\u00e8re exp\u00e9rience d\u2019\u00e9levage et observations \u00e0 long terme<\/li>\n\n\n\n<li>p.21 \u25ba \u00c9levage r\u00e9ussi du Cacato\u00e8s nasique <em>Cacatua tenuirostris<\/em> (partie 2)<\/li>\n\n\n\n<li>p.24 \u25ba Le nourrissage \u00e0 la main des pigeons frugivores<\/li>\n\n\n\n<li>p.27 \u25ba Des nids de haute technicit\u00e9 !<\/li>\n\n\n\n<li>p.32 \u25ba La page du d\u00e9butant<\/li>\n<\/ul>\n\n\n\n<h5 class=\"wp-block-heading\">Retrouvez gratuitement les petites annonces et toute la vie associative directement dans votre bo\u00eete e-mail au travers des Nouvelles de l\u2019UOF.<\/h5>\n\n\n\n<div class=\"wp-block-buttons is-content-justification-center is-layout-flex wp-container-core-buttons-is-layout-16018d1d wp-block-buttons-is-layout-flex\">\n<div class=\"wp-block-button\"><a class=\"wp-block-button__link wp-element-button\" href=\"https:\/\/www.ornithologies.fr\/boutique\/revue\/286-odm-n417.html\" target=\"_blank\" rel=\"noreferrer noopener\">Acheter un exemplaire<\/a><\/div>\n\n\n\n<div class=\"wp-block-button\"><a class=\"wp-block-button__link wp-element-button\" href=\"https:\/\/www.ornithologies.fr\/blog\/lesoiseauxdumonde\/abonnez-vous\/\" target=\"_blank\" rel=\"noreferrer noopener\">Abonnement<\/a><\/div>\n<\/div>\n\n\n\n<div style=\"height:50px\" aria-hidden=\"true\" class=\"wp-block-spacer\"><\/div>\n","protected":false},"excerpt":{"rendered":"<h1 class=\"wp-block-heading\">Tarin des aulnes<\/h1>\n<h2 class=\"wp-block-heading\">Au sommaire du n\u00b0 417<\/h2>\n<ul class=\"wp-block-list\">\n<li>p.1 \u25ba \u00c9ditorial<\/li>\n<li>p.4 \u25ba Quelques notions de g\u00e9n\u00e9tique : le crossing-over, utilit\u00e9 en canariculture<\/li>\n<li>p.7 \u25ba Le Canari arlequin portugais<\/li>\n<li>p.9 \u25ba Exp\u00e9rience d\u2019\u00e9levage avec les mutations brune et satin\u00e9e du Diamant de Gould<\/li>\n<li>p.12 \u25ba Compl\u00e9ment sur les mutations brune et &hellip;\n<p><a class=\"more-link btn\" href=\"https:\/\/www.ornithologies.fr\/blog\/lesoiseauxdumonde\/sommaire-du-mois-de-mai-2024\/\">Lire la suite<\/a><\/p>\n<\/li>\n<\/ul>\n","protected":false},"author":1,"featured_media":3402,"comment_status":"open","ping_status":"open","sticky":false,"template":"","format":"standard","meta":{"footnotes":""},"categories":[2],"tags":[1480,1528,1530,1525,1524,507,1529,284,443,1531,3,1533,1462,1532,412,91,184],"class_list":["post-3401","post","type-post","status-publish","format-standard","has-post-thumbnail","hentry","category-sommaire","tag-1480","tag-1528","tag-arlequin-portugais","tag-cacatoes-nasique","tag-cacatua-tenuirostris","tag-canaris","tag-crossing-over","tag-diamant-de-gould","tag-frugivores","tag-juges","tag-mai","tag-nids","tag-pigeon","tag-poicephalus-flavifrons","tag-sommaire","tag-standard","tag-tarin-des-aulnes","nodate","item-wrap"],"_links":{"self":[{"href":"https:\/\/www.ornithologies.fr\/blog\/lesoiseauxdumonde\/wp-json\/wp\/v2\/posts\/3401","targetHints":{"allow":["GET"]}}],"collection":[{"href":"https:\/\/www.ornithologies.fr\/blog\/lesoiseauxdumonde\/wp-json\/wp\/v2\/posts"}],"about":[{"href":"https:\/\/www.ornithologies.fr\/blog\/lesoiseauxdumonde\/wp-json\/wp\/v2\/types\/post"}],"author":[{"embeddable":true,"href":"https:\/\/www.ornithologies.fr\/blog\/lesoiseauxdumonde\/wp-json\/wp\/v2\/users\/1"}],"replies":[{"embeddable":true,"href":"https:\/\/www.ornithologies.fr\/blog\/lesoiseauxdumonde\/wp-json\/wp\/v2\/comments?post=3401"}],"version-history":[{"count":1,"href":"https:\/\/www.ornithologies.fr\/blog\/lesoiseauxdumonde\/wp-json\/wp\/v2\/posts\/3401\/revisions"}],"predecessor-version":[{"id":3403,"href":"https:\/\/www.ornithologies.fr\/blog\/lesoiseauxdumonde\/wp-json\/wp\/v2\/posts\/3401\/revisions\/3403"}],"wp:featuredmedia":[{"embeddable":true,"href":"https:\/\/www.ornithologies.fr\/blog\/lesoiseauxdumonde\/wp-json\/wp\/v2\/media\/3402"}],"wp:attachment":[{"href":"https:\/\/www.ornithologies.fr\/blog\/lesoiseauxdumonde\/wp-json\/wp\/v2\/media?parent=3401"}],"wp:term":[{"taxonomy":"category","embeddable":true,"href":"https:\/\/www.ornithologies.fr\/blog\/lesoiseauxdumonde\/wp-json\/wp\/v2\/categories?post=3401"},{"taxonomy":"post_tag","embeddable":true,"href":"https:\/\/www.ornithologies.fr\/blog\/lesoiseauxdumonde\/wp-json\/wp\/v2\/tags?post=3401"}],"curies":[{"name":"wp","href":"https:\/\/api.w.org\/{rel}","templated":true}]}}