{"id":3382,"date":"2024-04-09T13:08:47","date_gmt":"2024-04-09T11:08:47","guid":{"rendered":"https:\/\/www.ornithologies.fr\/blog\/lesoiseauxdumonde\/?p=3382"},"modified":"2024-04-09T13:08:48","modified_gmt":"2024-04-09T11:08:48","slug":"sommaire-du-mois-davril-2024","status":"publish","type":"post","link":"https:\/\/www.ornithologies.fr\/blog\/lesoiseauxdumonde\/sommaire-du-mois-davril-2024\/","title":{"rendered":"Sommaire du mois d&rsquo;Avril 2024"},"content":{"rendered":"\n<h1 class=\"wp-block-heading\">Moineau du Japon<\/h1>\n\n\n\n<h2 class=\"wp-block-heading\">Au sommaire du n\u00b0 416<\/h2>\n\n\n<div class=\"wp-block-image\">\n<figure data-wp-context=\"{&quot;imageId&quot;:&quot;69f278301df22&quot;}\" data-wp-interactive=\"core\/image\" data-wp-key=\"69f278301df22\" class=\"alignleft size-full is-resized wp-lightbox-container\"><img loading=\"lazy\" decoding=\"async\" width=\"500\" height=\"647\" data-wp-class--hide=\"state.isContentHidden\" data-wp-class--show=\"state.isContentVisible\" data-wp-init=\"callbacks.setButtonStyles\" data-wp-on--click=\"actions.showLightbox\" data-wp-on--load=\"callbacks.setButtonStyles\" data-wp-on-window--resize=\"callbacks.setButtonStyles\" src=\"https:\/\/www.ornithologies.fr\/blog\/lesoiseauxdumonde\/wp-content\/uploads\/sites\/4\/ODM0424.png\" alt=\"\" class=\"wp-image-3383\" style=\"width:250px;height:324px\" srcset=\"https:\/\/www.ornithologies.fr\/blog\/lesoiseauxdumonde\/wp-content\/uploads\/sites\/4\/ODM0424.png 500w, https:\/\/www.ornithologies.fr\/blog\/lesoiseauxdumonde\/wp-content\/uploads\/sites\/4\/ODM0424-232x300.png 232w\" sizes=\"auto, (max-width: 500px) 100vw, 500px\" \/><button\n\t\t\tclass=\"lightbox-trigger\"\n\t\t\ttype=\"button\"\n\t\t\taria-haspopup=\"dialog\"\n\t\t\taria-label=\"Agrandir\"\n\t\t\tdata-wp-init=\"callbacks.initTriggerButton\"\n\t\t\tdata-wp-on--click=\"actions.showLightbox\"\n\t\t\tdata-wp-style--right=\"state.imageButtonRight\"\n\t\t\tdata-wp-style--top=\"state.imageButtonTop\"\n\t\t>\n\t\t\t<svg xmlns=\"http:\/\/www.w3.org\/2000\/svg\" width=\"12\" height=\"12\" fill=\"none\" viewBox=\"0 0 12 12\">\n\t\t\t\t<path fill=\"#fff\" d=\"M2 0a2 2 0 0 0-2 2v2h1.5V2a.5.5 0 0 1 .5-.5h2V0H2Zm2 10.5H2a.5.5 0 0 1-.5-.5V8H0v2a2 2 0 0 0 2 2h2v-1.5ZM8 12v-1.5h2a.5.5 0 0 0 .5-.5V8H12v2a2 2 0 0 1-2 2H8Zm2-12a2 2 0 0 1 2 2v2h-1.5V2a.5.5 0 0 0-.5-.5H8V0h2Z\" \/>\n\t\t\t<\/svg>\n\t\t<\/button><\/figure>\n<\/div>\n\n\n<ul class=\"wp-block-list\">\n<li>p.1 \u25ba \u00c9ditorial<\/li>\n\n\n\n<li>p.4 \u25ba Canaris couleur : le noir rouge<\/li>\n\n\n\n<li>p.6 \u25ba Le London fancy : passage de l\u2019obscurit\u00e9 \u00e0 la clart\u00e9<\/li>\n\n\n\n<li>p.8 \u25ba Mes Moineaux du Japon<\/li>\n\n\n\n<li>p.10 \u25ba Reproduction en voli\u00e8re du S\u00e9n\u00e9gali vert De Schlegel (partie 2)<\/li>\n\n\n\n<li>p.14 \u25ba R\u00e9ussite avec le Dos-vert \u00e0 joues blanches <em>(Delacourella capistrata)<\/em><\/li>\n\n\n\n<li>p.16 \u25ba Standard du Dos-vert \u00e0 joues blanches<\/li>\n\n\n\n<li>p.17 \u25ba Les oiseaux des genres <em>Nesocharis, Nigrita, Delacourella et Parmoptila<\/em><\/li>\n\n\n\n<li>p.19 \u25ba Exp\u00e9rience d\u2019\u00e9levage avec une perruche rare : la Perruche cornue <em>(Eunymphicus cornutus)<\/em><\/li>\n\n\n\n<li>p.22 \u25ba \u00c9levage r\u00e9ussi du Cacato\u00e8s nasique <em>Cacatua tenuirostris<\/em> (partie 1)<\/li>\n\n\n\n<li>p.25 \u25ba Exp\u00e9rience d\u2019\u00e9levage avec le Goura de Victoria <em>Goura victoria<\/em><\/li>\n\n\n\n<li>p.27 \u25ba Les pratiques agricoles \u00e0 l\u2019origine du d\u00e9clin des populations d\u2019oiseaux en Europe<\/li>\n\n\n\n<li>p.32 \u25ba La page du d\u00e9butant<\/li>\n<\/ul>\n\n\n\n<h5 class=\"wp-block-heading\">Retrouvez gratuitement les petites annonces et toute la vie associative directement dans votre bo\u00eete e-mail au travers des Nouvelles de l\u2019UOF.<\/h5>\n\n\n\n<div class=\"wp-block-buttons is-content-justification-center is-layout-flex wp-container-core-buttons-is-layout-16018d1d wp-block-buttons-is-layout-flex\">\n<div class=\"wp-block-button\"><a class=\"wp-block-button__link wp-element-button\" href=\"https:\/\/www.ornithologies.fr\/boutique\/revue\/282-odm-n416.html\" target=\"_blank\" rel=\"noreferrer noopener\">Acheter un exemplaire<\/a><\/div>\n\n\n\n<div class=\"wp-block-button\"><a class=\"wp-block-button__link wp-element-button\" href=\"https:\/\/www.ornithologies.fr\/blog\/lesoiseauxdumonde\/abonnez-vous\/\" target=\"_blank\" rel=\"noreferrer noopener\">Abonnement<\/a><\/div>\n<\/div>\n\n\n\n<div style=\"height:50px\" aria-hidden=\"true\" class=\"wp-block-spacer\"><\/div>\n","protected":false},"excerpt":{"rendered":"<h1 class=\"wp-block-heading\">Moineau du Japon<\/h1>\n<h2 class=\"wp-block-heading\">Au sommaire du n\u00b0 416<\/h2>\n<ul class=\"wp-block-list\">\n<li>p.1 \u25ba \u00c9ditorial<\/li>\n<li>p.4 \u25ba Canaris couleur : le noir rouge<\/li>\n<li>p.6 \u25ba Le London fancy : passage de l\u2019obscurit\u00e9 \u00e0 la clart\u00e9<\/li>\n<li>p.8 \u25ba Mes Moineaux du Japon<\/li>\n<li>p.10 \u25ba Reproduction en voli\u00e8re du S\u00e9n\u00e9gali vert De Schlegel (partie 2)<\/li>\n<li>p.14 \u25ba &hellip;\n<p><a class=\"more-link btn\" href=\"https:\/\/www.ornithologies.fr\/blog\/lesoiseauxdumonde\/sommaire-du-mois-davril-2024\/\">Lire la suite<\/a><\/p>\n<\/li>\n<\/ul>\n","protected":false},"author":1,"featured_media":3383,"comment_status":"open","ping_status":"open","sticky":false,"template":"","format":"standard","meta":{"footnotes":""},"categories":[2],"tags":[1480,1517,61,1525,1524,1051,1114,1521,1518,1523,1526,369,1519,1520,1522,926,249,412,91],"class_list":["post-3382","post","type-post","status-publish","format-standard","has-post-thumbnail","hentry","category-sommaire","tag-1480","tag-1517","tag-avril","tag-cacatoes-nasique","tag-cacatua-tenuirostris","tag-canari-london-fancy","tag-canaris-de-couleurs","tag-delacourellaparmoptila","tag-dos-vert","tag-eunymphicus-cornutus","tag-goura-de-victoria","tag-moineau-du-japon","tag-nesocharis","tag-nigrita","tag-parmoptila","tag-perruche-cornue","tag-senegali-vert","tag-sommaire","tag-standard","nodate","item-wrap"],"_links":{"self":[{"href":"https:\/\/www.ornithologies.fr\/blog\/lesoiseauxdumonde\/wp-json\/wp\/v2\/posts\/3382","targetHints":{"allow":["GET"]}}],"collection":[{"href":"https:\/\/www.ornithologies.fr\/blog\/lesoiseauxdumonde\/wp-json\/wp\/v2\/posts"}],"about":[{"href":"https:\/\/www.ornithologies.fr\/blog\/lesoiseauxdumonde\/wp-json\/wp\/v2\/types\/post"}],"author":[{"embeddable":true,"href":"https:\/\/www.ornithologies.fr\/blog\/lesoiseauxdumonde\/wp-json\/wp\/v2\/users\/1"}],"replies":[{"embeddable":true,"href":"https:\/\/www.ornithologies.fr\/blog\/lesoiseauxdumonde\/wp-json\/wp\/v2\/comments?post=3382"}],"version-history":[{"count":1,"href":"https:\/\/www.ornithologies.fr\/blog\/lesoiseauxdumonde\/wp-json\/wp\/v2\/posts\/3382\/revisions"}],"predecessor-version":[{"id":3385,"href":"https:\/\/www.ornithologies.fr\/blog\/lesoiseauxdumonde\/wp-json\/wp\/v2\/posts\/3382\/revisions\/3385"}],"wp:featuredmedia":[{"embeddable":true,"href":"https:\/\/www.ornithologies.fr\/blog\/lesoiseauxdumonde\/wp-json\/wp\/v2\/media\/3383"}],"wp:attachment":[{"href":"https:\/\/www.ornithologies.fr\/blog\/lesoiseauxdumonde\/wp-json\/wp\/v2\/media?parent=3382"}],"wp:term":[{"taxonomy":"category","embeddable":true,"href":"https:\/\/www.ornithologies.fr\/blog\/lesoiseauxdumonde\/wp-json\/wp\/v2\/categories?post=3382"},{"taxonomy":"post_tag","embeddable":true,"href":"https:\/\/www.ornithologies.fr\/blog\/lesoiseauxdumonde\/wp-json\/wp\/v2\/tags?post=3382"}],"curies":[{"name":"wp","href":"https:\/\/api.w.org\/{rel}","templated":true}]}}