{"id":3343,"date":"2024-03-07T09:22:04","date_gmt":"2024-03-07T08:22:04","guid":{"rendered":"https:\/\/www.ornithologies.fr\/blog\/lesoiseauxdumonde\/?p=3343"},"modified":"2024-03-07T09:22:05","modified_gmt":"2024-03-07T08:22:05","slug":"sommaire-du-mois-de-mars-2024","status":"publish","type":"post","link":"https:\/\/www.ornithologies.fr\/blog\/lesoiseauxdumonde\/sommaire-du-mois-de-mars-2024\/","title":{"rendered":"Sommaire du mois de Mars 2024"},"content":{"rendered":"\n<h1 class=\"wp-block-heading\">Canari jaspe<\/h1>\n\n\n\n<h2 class=\"wp-block-heading\">Au sommaire du n\u00b0 415<\/h2>\n\n\n<div class=\"wp-block-image\">\n<figure data-wp-context=\"{&quot;imageId&quot;:&quot;69f28c949d947&quot;}\" data-wp-interactive=\"core\/image\" data-wp-key=\"69f28c949d947\" class=\"alignleft size-full is-resized wp-lightbox-container\"><img loading=\"lazy\" decoding=\"async\" width=\"500\" height=\"647\" data-wp-class--hide=\"state.isContentHidden\" data-wp-class--show=\"state.isContentVisible\" data-wp-init=\"callbacks.setButtonStyles\" data-wp-on--click=\"actions.showLightbox\" data-wp-on--load=\"callbacks.setButtonStyles\" data-wp-on-window--resize=\"callbacks.setButtonStyles\" src=\"https:\/\/www.ornithologies.fr\/blog\/lesoiseauxdumonde\/wp-content\/uploads\/sites\/4\/ODM0324.png\" alt=\"\" class=\"wp-image-3344\" style=\"width:250px;height:324px\" srcset=\"https:\/\/www.ornithologies.fr\/blog\/lesoiseauxdumonde\/wp-content\/uploads\/sites\/4\/ODM0324.png 500w, https:\/\/www.ornithologies.fr\/blog\/lesoiseauxdumonde\/wp-content\/uploads\/sites\/4\/ODM0324-232x300.png 232w\" sizes=\"auto, (max-width: 500px) 100vw, 500px\" \/><button\n\t\t\tclass=\"lightbox-trigger\"\n\t\t\ttype=\"button\"\n\t\t\taria-haspopup=\"dialog\"\n\t\t\taria-label=\"Agrandir\"\n\t\t\tdata-wp-init=\"callbacks.initTriggerButton\"\n\t\t\tdata-wp-on--click=\"actions.showLightbox\"\n\t\t\tdata-wp-style--right=\"state.imageButtonRight\"\n\t\t\tdata-wp-style--top=\"state.imageButtonTop\"\n\t\t>\n\t\t\t<svg xmlns=\"http:\/\/www.w3.org\/2000\/svg\" width=\"12\" height=\"12\" fill=\"none\" viewBox=\"0 0 12 12\">\n\t\t\t\t<path fill=\"#fff\" d=\"M2 0a2 2 0 0 0-2 2v2h1.5V2a.5.5 0 0 1 .5-.5h2V0H2Zm2 10.5H2a.5.5 0 0 1-.5-.5V8H0v2a2 2 0 0 0 2 2h2v-1.5ZM8 12v-1.5h2a.5.5 0 0 0 .5-.5V8H12v2a2 2 0 0 1-2 2H8Zm2-12a2 2 0 0 1 2 2v2h-1.5V2a.5.5 0 0 0-.5-.5H8V0h2Z\" \/>\n\t\t\t<\/svg>\n\t\t<\/button><\/figure>\n<\/div>\n\n\n<ul class=\"wp-block-list\">\n<li>p.1 \u25ba \u00c9ditorial<\/li>\n\n\n\n<li>p.4 \u25ba Le canari jaspe : une aventure humaine de longue haleine<\/li>\n\n\n\n<li>p.8 \u25ba Pr\u00e9sentation des juges CNJF r\u00e9cents<\/li>\n\n\n\n<li>p.9 \u25ba Premiers pas avec les Diamants de Gould<\/li>\n\n\n\n<li>p.14 \u25ba Le genre <em>Mandigoa<\/em><\/li>\n\n\n\n<li>p.15 \u25ba Reproduction en voli\u00e8re du S\u00e9n\u00e9gali vert de Schlegel (partie 1)<\/li>\n\n\n\n<li>p.18 \u25ba Standard du S\u00e9n\u00e9gali vert<\/li>\n\n\n\n<li>p.19 \u25ba La Perruche ondul\u00e9e \u00ab blackface \u00bb<\/li>\n\n\n\n<li>p.21 \u25ba \u00c9levage des Euph\u00e8mes (partie 2)<\/li>\n\n\n\n<li>p.26 \u25ba \u00c9levage du Faisan noble et de ses sous-esp\u00e8ces<\/li>\n\n\n\n<li>p.29 \u25ba Plumages, mues et migrations<\/li>\n\n\n\n<li>p.32 \u25ba La page du d\u00e9butant<\/li>\n<\/ul>\n\n\n\n<h5 class=\"wp-block-heading\">Retrouvez gratuitement les petites annonces et toute la vie associative directement dans votre bo\u00eete e-mail au travers des Nouvelles de l\u2019UOF.<\/h5>\n\n\n\n<div class=\"wp-block-buttons is-content-justification-center is-layout-flex wp-container-core-buttons-is-layout-16018d1d wp-block-buttons-is-layout-flex\">\n<div class=\"wp-block-button\"><a class=\"wp-block-button__link wp-element-button\" href=\"https:\/\/www.ornithologies.fr\/boutique\/revue\/281-odm-n415.html\" target=\"_blank\" rel=\"noreferrer noopener\">Acheter un exemplaire<\/a><\/div>\n\n\n\n<div class=\"wp-block-button\"><a class=\"wp-block-button__link wp-element-button\" href=\"https:\/\/www.ornithologies.fr\/blog\/lesoiseauxdumonde\/abonnez-vous\/\" target=\"_blank\" rel=\"noreferrer noopener\">Abonnement<\/a><\/div>\n<\/div>\n\n\n\n<div style=\"height:50px\" aria-hidden=\"true\" class=\"wp-block-spacer\"><\/div>\n","protected":false},"excerpt":{"rendered":"<h1 class=\"wp-block-heading\">Canari jaspe<\/h1>\n<h2 class=\"wp-block-heading\">Au sommaire du n\u00b0 415<\/h2>\n<ul class=\"wp-block-list\">\n<li>p.1 \u25ba \u00c9ditorial<\/li>\n<li>p.4 \u25ba Le canari jaspe : une aventure humaine de longue haleine<\/li>\n<li>p.8 \u25ba Pr\u00e9sentation des juges CNJF r\u00e9cents<\/li>\n<li>p.9 \u25ba Premiers pas avec les Diamants de Gould<\/li>\n<li>p.14 \u25ba Le genre Mandigoa<\/li>\n<li>p.15 \u25ba Reproduction en voli\u00e8re du S\u00e9n\u00e9gali vert &hellip;\n<p><a class=\"more-link btn\" href=\"https:\/\/www.ornithologies.fr\/blog\/lesoiseauxdumonde\/sommaire-du-mois-de-mars-2024\/\">Lire la suite<\/a><\/p>\n<\/li>\n<\/ul>\n","protected":false},"author":1,"featured_media":3344,"comment_status":"open","ping_status":"open","sticky":false,"template":"","format":"standard","meta":{"footnotes":""},"categories":[2],"tags":[1480,1506,1509,1507,24,284,1055,1510,377,1508,35,54,53,1024,392,249,412,91],"class_list":["post-3343","post","type-post","status-publish","format-standard","has-post-thumbnail","hentry","category-sommaire","tag-1480","tag-1506","tag-blackface","tag-canari-jaspe","tag-cnjf","tag-diamant-de-gould","tag-eupheme","tag-faisan-noble","tag-juge","tag-mandigoa","tag-mars","tag-migration","tag-mue","tag-perruche-ondulee","tag-plumage","tag-senegali-vert","tag-sommaire","tag-standard","nodate","item-wrap"],"_links":{"self":[{"href":"https:\/\/www.ornithologies.fr\/blog\/lesoiseauxdumonde\/wp-json\/wp\/v2\/posts\/3343","targetHints":{"allow":["GET"]}}],"collection":[{"href":"https:\/\/www.ornithologies.fr\/blog\/lesoiseauxdumonde\/wp-json\/wp\/v2\/posts"}],"about":[{"href":"https:\/\/www.ornithologies.fr\/blog\/lesoiseauxdumonde\/wp-json\/wp\/v2\/types\/post"}],"author":[{"embeddable":true,"href":"https:\/\/www.ornithologies.fr\/blog\/lesoiseauxdumonde\/wp-json\/wp\/v2\/users\/1"}],"replies":[{"embeddable":true,"href":"https:\/\/www.ornithologies.fr\/blog\/lesoiseauxdumonde\/wp-json\/wp\/v2\/comments?post=3343"}],"version-history":[{"count":2,"href":"https:\/\/www.ornithologies.fr\/blog\/lesoiseauxdumonde\/wp-json\/wp\/v2\/posts\/3343\/revisions"}],"predecessor-version":[{"id":3348,"href":"https:\/\/www.ornithologies.fr\/blog\/lesoiseauxdumonde\/wp-json\/wp\/v2\/posts\/3343\/revisions\/3348"}],"wp:featuredmedia":[{"embeddable":true,"href":"https:\/\/www.ornithologies.fr\/blog\/lesoiseauxdumonde\/wp-json\/wp\/v2\/media\/3344"}],"wp:attachment":[{"href":"https:\/\/www.ornithologies.fr\/blog\/lesoiseauxdumonde\/wp-json\/wp\/v2\/media?parent=3343"}],"wp:term":[{"taxonomy":"category","embeddable":true,"href":"https:\/\/www.ornithologies.fr\/blog\/lesoiseauxdumonde\/wp-json\/wp\/v2\/categories?post=3343"},{"taxonomy":"post_tag","embeddable":true,"href":"https:\/\/www.ornithologies.fr\/blog\/lesoiseauxdumonde\/wp-json\/wp\/v2\/tags?post=3343"}],"curies":[{"name":"wp","href":"https:\/\/api.w.org\/{rel}","templated":true}]}}