{"id":3141,"date":"2024-01-10T09:49:34","date_gmt":"2024-01-10T08:49:34","guid":{"rendered":"https:\/\/www.ornithologies.fr\/blog\/lesoiseauxdumonde\/?p=3141"},"modified":"2024-11-19T21:56:08","modified_gmt":"2024-11-19T20:56:08","slug":"fete-du-canari-et-de-la-nature","status":"publish","type":"post","link":"https:\/\/www.ornithologies.fr\/blog\/lesoiseauxdumonde\/fete-du-canari-et-de-la-nature\/","title":{"rendered":"F\u00eate du Canari et de la Nature"},"content":{"rendered":"<div class=\"wp-block-image\">\n<figure data-wp-context=\"{&quot;imageId&quot;:&quot;69f29914bea82&quot;}\" data-wp-interactive=\"core\/image\" data-wp-key=\"69f29914bea82\" class=\"alignleft size-full is-resized wp-lightbox-container\"><img loading=\"lazy\" decoding=\"async\" width=\"509\" height=\"720\" data-wp-class--hide=\"state.isContentHidden\" data-wp-class--show=\"state.isContentVisible\" data-wp-init=\"callbacks.setButtonStyles\" data-wp-on--click=\"actions.showLightbox\" data-wp-on--load=\"callbacks.setButtonStyles\" data-wp-on-window--resize=\"callbacks.setButtonStyles\" src=\"https:\/\/www.ornithologies.fr\/blog\/lesoiseauxdumonde\/wp-content\/uploads\/sites\/4\/Fete-du-canari-et-de-la-nature-2024.jpg\" alt=\"\" class=\"wp-image-3142\" style=\"width:226px;height:320px\" srcset=\"https:\/\/www.ornithologies.fr\/blog\/lesoiseauxdumonde\/wp-content\/uploads\/sites\/4\/Fete-du-canari-et-de-la-nature-2024.jpg 509w, https:\/\/www.ornithologies.fr\/blog\/lesoiseauxdumonde\/wp-content\/uploads\/sites\/4\/Fete-du-canari-et-de-la-nature-2024-212x300.jpg 212w, https:\/\/www.ornithologies.fr\/blog\/lesoiseauxdumonde\/wp-content\/uploads\/sites\/4\/Fete-du-canari-et-de-la-nature-2024-457x647.jpg 457w\" sizes=\"auto, (max-width: 509px) 100vw, 509px\" \/><button\n\t\t\tclass=\"lightbox-trigger\"\n\t\t\ttype=\"button\"\n\t\t\taria-haspopup=\"dialog\"\n\t\t\taria-label=\"Agrandir\"\n\t\t\tdata-wp-init=\"callbacks.initTriggerButton\"\n\t\t\tdata-wp-on--click=\"actions.showLightbox\"\n\t\t\tdata-wp-style--right=\"state.imageButtonRight\"\n\t\t\tdata-wp-style--top=\"state.imageButtonTop\"\n\t\t>\n\t\t\t<svg xmlns=\"http:\/\/www.w3.org\/2000\/svg\" width=\"12\" height=\"12\" fill=\"none\" viewBox=\"0 0 12 12\">\n\t\t\t\t<path fill=\"#fff\" d=\"M2 0a2 2 0 0 0-2 2v2h1.5V2a.5.5 0 0 1 .5-.5h2V0H2Zm2 10.5H2a.5.5 0 0 1-.5-.5V8H0v2a2 2 0 0 0 2 2h2v-1.5ZM8 12v-1.5h2a.5.5 0 0 0 .5-.5V8H12v2a2 2 0 0 1-2 2H8Zm2-12a2 2 0 0 1 2 2v2h-1.5V2a.5.5 0 0 0-.5-.5H8V0h2Z\" \/>\n\t\t\t<\/svg>\n\t\t<\/button><\/figure>\n<\/div>\n\n\n<h2 class=\"wp-block-heading\">Une exposition naturaliste est programm\u00e9e \u00e0 Meaux du 22 au 24 janvier 2024<\/h2>\n\n\n\n<p>Elle comporte des panneaux sur les canaris : D\u00e9finitions, Histoire, Mutations et Fringillid\u00e9s. Des vid\u00e9os sont \u00e9galement pr\u00e9sent\u00e9es : Comment \u00e9lever les canaris\u2026 Les canaris de chant\u2026 et enfin des jeux autour des oiseaux domestiques.&nbsp;<br>D&rsquo;autres panneaux sont aussi pr\u00e9sent\u00e9s : L&rsquo;\u00e9levage des oiseaux en g\u00e9n\u00e9ral&nbsp;et Comment aider les oiseaux du jardin.<\/p>\n\n\n\n<p>Quelques oiseaux domestiques seront pr\u00e9sents, canaris, mandarins.<\/p>\n\n\n\n<p>Enfin d&rsquo;autres associations y ont \u00e9t\u00e9 invit\u00e9es sur le th\u00e8me de la nature, p\u00e9cheurs, apiculteur\u2026<\/p>\n\n\n\n<p>Cela fait la deuxi\u00e8me ann\u00e9e que nous organisons cette manifestation qui normalement devrait avoir lieu chaque ann\u00e9e \u00e0 la m\u00eame \u00e9poque. <em>(janvier, f\u00e9vrier)<\/em>&nbsp;<\/p>\n\n\n\n<ul class=\"wp-block-list\">\n<li><strong>Ouverture au public :<\/strong> du lundi 22 au mercredi 24 janvier 2024 de 9h \u00e0 12h et de 14h \u00e0 17h<\/li>\n\n\n\n<li><strong>Lieu :<\/strong> Centre Culturel Louise Michel &#8211; place Saint Exup\u00e9ry &#8211; 77100 MEAUX<\/li>\n\n\n\n<li><strong>Contact :<\/strong> Didier MERCIER<\/li>\n\n\n\n<li><strong>Mail : <\/strong>mercierd27@gmail.com<\/li>\n\n\n\n<li><strong>T\u00e9l. :<\/strong> 07 80 42 26 21<\/li>\n<\/ul>\n\n\n\n<hr class=\"wp-block-separator has-css-opacity\"\/>\n\n\n\n<h2 class=\"wp-block-heading\">Annoncez et partagez vos \u00e9v\u00e9nements !<\/h2>\n\n\n\n<p>Que ce soient vos concours, expositions, bourses, journ\u00e9es techniques, sorties coh\u00e9sion, r\u00e9unions ou tous autres \u00e9v\u00e9nements en rapport avec votre activit\u00e9 associative, pass\u00e9s ou \u00e0 venir, vous pouvez les communiquer gr\u00e2ce au formulaire des <a href=\"https:\/\/www.ornithologies.fr\/blog\/lesoiseauxdumonde\/les-petites-annonces\/rediger-une-petite-annonce\/\" data-type=\"page\" data-id=\"1660\">petites annonces<\/a>. Votre \u00e9v\u00e9nement sera publi\u00e9 dans la rubrique \u00ab\u00a0<a href=\"https:\/\/www.ornithologies.fr\/blog\/lesoiseauxdumonde\/category\/vie-des-clubs\/\" data-type=\"URL\" data-id=\"https:\/\/www.ornithologies.fr\/blog\/lesoiseauxdumonde\/category\/vie-des-clubs\/\">La Vie des Clubs<\/a>\u00ab\u00a0.<\/p>\n\n\n\n<div class=\"wp-block-buttons is-content-justification-center is-layout-flex wp-container-core-buttons-is-layout-16018d1d wp-block-buttons-is-layout-flex\">\n<div class=\"wp-block-button\"><a class=\"wp-block-button__link wp-element-button\" href=\"https:\/\/www.ornithologies.fr\/blog\/lesoiseauxdumonde\/les-petites-annonces\/rediger-une-petite-annonce\/\">Passer votre annonce<\/a><\/div>\n\n\n\n<div class=\"wp-block-button\"><a class=\"wp-block-button__link wp-element-button\" href=\"https:\/\/www.ornithologies.fr\/blog\/lesoiseauxdumonde\/category\/vie-des-clubs\/\">Toute la vie des Clubs<\/a><\/div>\n<\/div>\n\n\n\n<div style=\"height:10px\" aria-hidden=\"true\" class=\"wp-block-spacer\"><\/div>\n","protected":false},"excerpt":{"rendered":"<h2 class=\"wp-block-heading\">Une exposition naturaliste est programm\u00e9e \u00e0 Meaux du 22 au 24 janvier 2024<\/h2>\n<p>Elle comporte des panneaux sur les canaris : D\u00e9finitions, Histoire, Mutations et Fringillid\u00e9s. Des vid\u00e9os sont \u00e9galement pr\u00e9sent\u00e9es : Comment \u00e9lever les canaris\u2026 Les canaris de chant\u2026 et enfin des jeux autour des oiseaux domestiques.&nbsp;<br \/>D&rsquo;autres panneaux sont aussi pr\u00e9sent\u00e9s : L&rsquo;\u00e9levage &hellip; <\/p>\n<p><a class=\"more-link btn\" href=\"https:\/\/www.ornithologies.fr\/blog\/lesoiseauxdumonde\/fete-du-canari-et-de-la-nature\/\">Lire la suite<\/a><\/p>\n","protected":false},"author":1,"featured_media":3142,"comment_status":"open","ping_status":"open","sticky":false,"template":"","format":"standard","meta":{"footnotes":""},"categories":[1076],"tags":[1166,1479],"class_list":["post-3141","post","type-post","status-publish","format-standard","has-post-thumbnail","hentry","category-vie-des-clubs","tag-exposition","tag-meaux","nodate","item-wrap"],"_links":{"self":[{"href":"https:\/\/www.ornithologies.fr\/blog\/lesoiseauxdumonde\/wp-json\/wp\/v2\/posts\/3141","targetHints":{"allow":["GET"]}}],"collection":[{"href":"https:\/\/www.ornithologies.fr\/blog\/lesoiseauxdumonde\/wp-json\/wp\/v2\/posts"}],"about":[{"href":"https:\/\/www.ornithologies.fr\/blog\/lesoiseauxdumonde\/wp-json\/wp\/v2\/types\/post"}],"author":[{"embeddable":true,"href":"https:\/\/www.ornithologies.fr\/blog\/lesoiseauxdumonde\/wp-json\/wp\/v2\/users\/1"}],"replies":[{"embeddable":true,"href":"https:\/\/www.ornithologies.fr\/blog\/lesoiseauxdumonde\/wp-json\/wp\/v2\/comments?post=3141"}],"version-history":[{"count":2,"href":"https:\/\/www.ornithologies.fr\/blog\/lesoiseauxdumonde\/wp-json\/wp\/v2\/posts\/3141\/revisions"}],"predecessor-version":[{"id":3144,"href":"https:\/\/www.ornithologies.fr\/blog\/lesoiseauxdumonde\/wp-json\/wp\/v2\/posts\/3141\/revisions\/3144"}],"wp:featuredmedia":[{"embeddable":true,"href":"https:\/\/www.ornithologies.fr\/blog\/lesoiseauxdumonde\/wp-json\/wp\/v2\/media\/3142"}],"wp:attachment":[{"href":"https:\/\/www.ornithologies.fr\/blog\/lesoiseauxdumonde\/wp-json\/wp\/v2\/media?parent=3141"}],"wp:term":[{"taxonomy":"category","embeddable":true,"href":"https:\/\/www.ornithologies.fr\/blog\/lesoiseauxdumonde\/wp-json\/wp\/v2\/categories?post=3141"},{"taxonomy":"post_tag","embeddable":true,"href":"https:\/\/www.ornithologies.fr\/blog\/lesoiseauxdumonde\/wp-json\/wp\/v2\/tags?post=3141"}],"curies":[{"name":"wp","href":"https:\/\/api.w.org\/{rel}","templated":true}]}}