{"id":3041,"date":"2025-01-15T14:20:50","date_gmt":"2025-01-15T13:20:50","guid":{"rendered":"https:\/\/www.ornithologies.fr\/blog\/lesoiseauxdumonde\/?p=3041"},"modified":"2025-01-15T14:20:52","modified_gmt":"2025-01-15T13:20:52","slug":"exposition-bourse-oiseaux-et-volailles","status":"publish","type":"post","link":"https:\/\/www.ornithologies.fr\/blog\/lesoiseauxdumonde\/exposition-bourse-oiseaux-et-volailles\/","title":{"rendered":"Exposition \u2013 Bourse oiseaux et volailles"},"content":{"rendered":"<div class=\"wp-block-image\">\n<figure class=\"alignleft size-full is-resized\"><a href=\"https:\/\/www.ornithologies.fr\/blog\/lesoiseauxdumonde\/wp-content\/uploads\/sites\/4\/affiche-ACEAO-2025.jpg\" rel=\"lightbox[3041]\"><img loading=\"lazy\" decoding=\"async\" width=\"480\" height=\"640\" src=\"https:\/\/www.ornithologies.fr\/blog\/lesoiseauxdumonde\/wp-content\/uploads\/sites\/4\/affiche-ACEAO-2025.jpg\" alt=\"\" class=\"wp-image-3699\" style=\"width:226px;height:320px\" srcset=\"https:\/\/www.ornithologies.fr\/blog\/lesoiseauxdumonde\/wp-content\/uploads\/sites\/4\/affiche-ACEAO-2025.jpg 480w, https:\/\/www.ornithologies.fr\/blog\/lesoiseauxdumonde\/wp-content\/uploads\/sites\/4\/affiche-ACEAO-2025-225x300.jpg 225w\" sizes=\"auto, (max-width: 480px) 100vw, 480px\" \/><\/a><\/figure>\n<\/div>\n\n\n<h2 class=\"wp-block-heading\">L&rsquo;ACEAO organise une exposition-bourse d&rsquo;oiseaux de cages et voli\u00e8res, volailles et lapins le dimanche 2 f\u00e9vrier 2025.<\/h2>\n\n\n\n<p>Petite restauration sur place,<br>Stands protection, artisanat.<\/p>\n\n\n\n<ul class=\"wp-block-list\">\n<li><strong>Ouverture au public :<\/strong> le dimanche 2 f\u00e9vrier 2025 de 9h \u00e0 17h<\/li>\n\n\n\n<li><strong>Lieu :<\/strong> Halle Raphalen PLONEOUR-LANVERN (29)<\/li>\n\n\n\n<li><strong>Entr\u00e9e gratuite pour le public<\/strong><\/li>\n\n\n\n<li><strong>Contact :<\/strong> Christian L&rsquo;AMINOT &#8211; <strong>Mail : <\/strong>aceao@orange.fr<br><strong>T\u00e9l. :<\/strong> 06 74 46 79 56<\/li>\n<\/ul>\n\n\n\n<hr class=\"wp-block-separator has-css-opacity\"\/>\n\n\n\n<h2 class=\"wp-block-heading\">Annoncez et partagez vos \u00e9v\u00e9nements !<\/h2>\n\n\n\n<p>Que ce soient vos concours, expositions, bourses, journ\u00e9es techniques, sorties coh\u00e9sion, r\u00e9unions ou tous autres \u00e9v\u00e9nements en rapport avec votre activit\u00e9 associative, pass\u00e9s ou \u00e0 venir, vous pouvez les communiquer gr\u00e2ce au formulaire des <a href=\"https:\/\/www.ornithologies.fr\/blog\/lesoiseauxdumonde\/les-petites-annonces\/rediger-une-petite-annonce\/\" data-type=\"page\" data-id=\"1660\">petites annonces<\/a>. Votre \u00e9v\u00e9nement sera publi\u00e9 dans la rubrique \u00ab\u00a0<a href=\"https:\/\/www.ornithologies.fr\/blog\/lesoiseauxdumonde\/category\/vie-des-clubs\/\" data-type=\"URL\" data-id=\"https:\/\/www.ornithologies.fr\/blog\/lesoiseauxdumonde\/category\/vie-des-clubs\/\">La Vie des Clubs<\/a>\u00ab\u00a0.<\/p>\n\n\n\n<div class=\"wp-block-buttons is-content-justification-center is-layout-flex wp-container-core-buttons-is-layout-16018d1d wp-block-buttons-is-layout-flex\">\n<div class=\"wp-block-button\"><a class=\"wp-block-button__link wp-element-button\" href=\"https:\/\/www.ornithologies.fr\/blog\/lesoiseauxdumonde\/les-petites-annonces\/rediger-une-petite-annonce\/\">Passer votre annonce<\/a><\/div>\n\n\n\n<div class=\"wp-block-button\"><a class=\"wp-block-button__link wp-element-button\" href=\"https:\/\/www.ornithologies.fr\/blog\/lesoiseauxdumonde\/category\/vie-des-clubs\/\">Toute la vie des Clubs<\/a><\/div>\n<\/div>\n\n\n\n<div style=\"height:10px\" aria-hidden=\"true\" class=\"wp-block-spacer\"><\/div>\n","protected":false},"excerpt":{"rendered":"<h2 class=\"wp-block-heading\">L&rsquo;ACEAO organise une exposition-bourse d&rsquo;oiseaux de cages et voli\u00e8res, volailles et lapins le dimanche 2 f\u00e9vrier 2025.<\/h2>\n<p>Petite restauration sur place,<br \/>Stands protection, artisanat.<\/p>\n<ul class=\"wp-block-list\">\n<li>Ouverture au public : le dimanche 2 f\u00e9vrier 2025 de 9h \u00e0 17h<\/li>\n<li>Lieu : Halle Raphalen PLONEOUR-LANVERN (29)<\/li>\n<li>Entr\u00e9e gratuite pour le public<\/li>\n<li>Contact : Christian L&rsquo;AMINOT &#8211; &hellip;\n<p><a class=\"more-link btn\" href=\"https:\/\/www.ornithologies.fr\/blog\/lesoiseauxdumonde\/exposition-bourse-oiseaux-et-volailles\/\">Lire la suite<\/a><\/p>\n<\/li>\n<\/ul>\n","protected":false},"author":1,"featured_media":3699,"comment_status":"open","ping_status":"open","sticky":false,"template":"","format":"standard","meta":{"footnotes":""},"categories":[1076],"tags":[1447,1167,1166,1477],"class_list":["post-3041","post","type-post","status-publish","format-standard","has-post-thumbnail","hentry","category-vie-des-clubs","tag-aceao","tag-bourse","tag-exposition","tag-ploneour-lanvern","nodate","item-wrap"],"_links":{"self":[{"href":"https:\/\/www.ornithologies.fr\/blog\/lesoiseauxdumonde\/wp-json\/wp\/v2\/posts\/3041","targetHints":{"allow":["GET"]}}],"collection":[{"href":"https:\/\/www.ornithologies.fr\/blog\/lesoiseauxdumonde\/wp-json\/wp\/v2\/posts"}],"about":[{"href":"https:\/\/www.ornithologies.fr\/blog\/lesoiseauxdumonde\/wp-json\/wp\/v2\/types\/post"}],"author":[{"embeddable":true,"href":"https:\/\/www.ornithologies.fr\/blog\/lesoiseauxdumonde\/wp-json\/wp\/v2\/users\/1"}],"replies":[{"embeddable":true,"href":"https:\/\/www.ornithologies.fr\/blog\/lesoiseauxdumonde\/wp-json\/wp\/v2\/comments?post=3041"}],"version-history":[{"count":6,"href":"https:\/\/www.ornithologies.fr\/blog\/lesoiseauxdumonde\/wp-json\/wp\/v2\/posts\/3041\/revisions"}],"predecessor-version":[{"id":3703,"href":"https:\/\/www.ornithologies.fr\/blog\/lesoiseauxdumonde\/wp-json\/wp\/v2\/posts\/3041\/revisions\/3703"}],"wp:featuredmedia":[{"embeddable":true,"href":"https:\/\/www.ornithologies.fr\/blog\/lesoiseauxdumonde\/wp-json\/wp\/v2\/media\/3699"}],"wp:attachment":[{"href":"https:\/\/www.ornithologies.fr\/blog\/lesoiseauxdumonde\/wp-json\/wp\/v2\/media?parent=3041"}],"wp:term":[{"taxonomy":"category","embeddable":true,"href":"https:\/\/www.ornithologies.fr\/blog\/lesoiseauxdumonde\/wp-json\/wp\/v2\/categories?post=3041"},{"taxonomy":"post_tag","embeddable":true,"href":"https:\/\/www.ornithologies.fr\/blog\/lesoiseauxdumonde\/wp-json\/wp\/v2\/tags?post=3041"}],"curies":[{"name":"wp","href":"https:\/\/api.w.org\/{rel}","templated":true}]}}