{"id":2986,"date":"2023-08-08T10:05:57","date_gmt":"2023-08-08T08:05:57","guid":{"rendered":"https:\/\/www.ornithologies.fr\/blog\/lesoiseauxdumonde\/?p=2986"},"modified":"2023-08-08T10:05:58","modified_gmt":"2023-08-08T08:05:58","slug":"bourse-aux-oiseaux-du-soa","status":"publish","type":"post","link":"https:\/\/www.ornithologies.fr\/blog\/lesoiseauxdumonde\/bourse-aux-oiseaux-du-soa\/","title":{"rendered":"Bourse aux Oiseaux du SOA"},"content":{"rendered":"<div class=\"wp-block-image\">\n<figure class=\"alignleft size-full is-resized\"><a href=\"https:\/\/www.ornithologies.fr\/blog\/lesoiseauxdumonde\/wp-content\/uploads\/sites\/4\/Bourse-SOA-2023.jpg\" rel=\"lightbox[2986]\"><img loading=\"lazy\" decoding=\"async\" src=\"https:\/\/www.ornithologies.fr\/blog\/lesoiseauxdumonde\/wp-content\/uploads\/sites\/4\/Bourse-SOA-2023.jpg\" alt=\"\" class=\"wp-image-2987\" width=\"270\" height=\"270\" srcset=\"https:\/\/www.ornithologies.fr\/blog\/lesoiseauxdumonde\/wp-content\/uploads\/sites\/4\/Bourse-SOA-2023.jpg 1080w, https:\/\/www.ornithologies.fr\/blog\/lesoiseauxdumonde\/wp-content\/uploads\/sites\/4\/Bourse-SOA-2023-300x300.jpg 300w, https:\/\/www.ornithologies.fr\/blog\/lesoiseauxdumonde\/wp-content\/uploads\/sites\/4\/Bourse-SOA-2023-500x500.jpg 500w, https:\/\/www.ornithologies.fr\/blog\/lesoiseauxdumonde\/wp-content\/uploads\/sites\/4\/Bourse-SOA-2023-768x767.jpg 768w, https:\/\/www.ornithologies.fr\/blog\/lesoiseauxdumonde\/wp-content\/uploads\/sites\/4\/Bourse-SOA-2023-750x749.jpg 750w, https:\/\/www.ornithologies.fr\/blog\/lesoiseauxdumonde\/wp-content\/uploads\/sites\/4\/Bourse-SOA-2023-960x960.jpg 960w\" sizes=\"auto, (max-width: 270px) 100vw, 270px\" \/><\/a><\/figure>\n<\/div>\n\n\n<h2 class=\"wp-block-heading\">Dimanche 10 septembre la Soci\u00e9t\u00e9 Ornithologique de l&rsquo;Angoumois organise une bourse \u00e0 Blanzac-Porcheresse.<\/h2>\n\n\n\n<p>Pr\u00e9sence de la graineterie Animal&rsquo;s passion<\/p>\n\n\n\n<p>Repas 18\u20ac sur r\u00e9servation avant le 4 septembre. <\/p>\n\n\n\n<ul class=\"wp-block-list\">\n<li><strong>Ouverture au public :<\/strong> Dimanche 10 septembre de 9h \u00e0 17h<\/li>\n\n\n\n<li><strong>Entr\u00e9e gratuite<\/strong><\/li>\n\n\n\n<li><strong>Lieu :<\/strong> Salle des vieux chais, 1 route de Ch\u00e2teauneuf &#8211; 16250 BLANZAC<\/li>\n\n\n\n<li><strong>Contact :<\/strong> Fabrice BOISSINOT &#8211; <strong>T\u00e9l. :<\/strong> 06 59 42 29 69 ou 06 73 46 22 77 &#8211; <strong>Mail :<\/strong> <a href=\"mailto:fboissinot16@gmail.com\">fboissinot16@gmail.com<\/a><\/li>\n<\/ul>\n\n\n\n<hr class=\"wp-block-separator has-css-opacity\"\/>\n\n\n\n<h2 class=\"wp-block-heading\">Annoncez et partagez vos \u00e9v\u00e9nements !<\/h2>\n\n\n\n<p>Que ce soient vos concours, expositions, bourses, journ\u00e9es techniques, sorties coh\u00e9sion, r\u00e9unions ou tous autres \u00e9v\u00e9nements en rapport avec votre activit\u00e9 associative, pass\u00e9s ou \u00e0 venir, vous pouvez les communiquer gr\u00e2ce au formulaire des <a href=\"https:\/\/www.ornithologies.fr\/blog\/lesoiseauxdumonde\/les-petites-annonces\/rediger-une-petite-annonce\/\" data-type=\"page\" data-id=\"1660\">petites annonces<\/a>. Votre \u00e9v\u00e9nement sera publi\u00e9 dans la rubrique \u00ab\u00a0<a href=\"https:\/\/www.ornithologies.fr\/blog\/lesoiseauxdumonde\/category\/vie-des-clubs\/\" data-type=\"URL\" data-id=\"https:\/\/www.ornithologies.fr\/blog\/lesoiseauxdumonde\/category\/vie-des-clubs\/\">La Vie des Clubs<\/a>\u00ab\u00a0.<\/p>\n\n\n\n<div class=\"wp-block-buttons is-content-justification-center is-layout-flex wp-container-core-buttons-is-layout-16018d1d wp-block-buttons-is-layout-flex\">\n<div class=\"wp-block-button\"><a class=\"wp-block-button__link wp-element-button\" href=\"https:\/\/www.ornithologies.fr\/blog\/lesoiseauxdumonde\/les-petites-annonces\/rediger-une-petite-annonce\/\">Passer votre annonce<\/a><\/div>\n\n\n\n<div class=\"wp-block-button\"><a class=\"wp-block-button__link wp-element-button\" href=\"https:\/\/www.ornithologies.fr\/blog\/lesoiseauxdumonde\/category\/vie-des-clubs\/\">Toute la vie des Clubs<\/a><\/div>\n<\/div>\n","protected":false},"excerpt":{"rendered":"<h2 class=\"wp-block-heading\">Dimanche 10 septembre la Soci\u00e9t\u00e9 Ornithologique de l&rsquo;Angoumois organise une bourse \u00e0 Blanzac-Porcheresse.<\/h2>\n<p>Pr\u00e9sence de la graineterie Animal&rsquo;s passion<\/p>\n<p>Repas 18\u20ac sur r\u00e9servation avant le 4 septembre. <\/p>\n<ul class=\"wp-block-list\">\n<li>Ouverture au public : Dimanche 10 septembre de 9h \u00e0 17h<\/li>\n<li>Entr\u00e9e gratuite<\/li>\n<li>Lieu : Salle des vieux chais, 1 route de Ch\u00e2teauneuf &#8211; &hellip;\n<p><a class=\"more-link btn\" href=\"https:\/\/www.ornithologies.fr\/blog\/lesoiseauxdumonde\/bourse-aux-oiseaux-du-soa\/\">Lire la suite<\/a><\/p>\n<\/li>\n<\/ul>\n","protected":false},"author":1,"featured_media":2987,"comment_status":"open","ping_status":"open","sticky":false,"template":"","format":"standard","meta":{"footnotes":""},"categories":[1076],"tags":[1428,1167,1231],"class_list":["post-2986","post","type-post","status-publish","format-standard","has-post-thumbnail","hentry","category-vie-des-clubs","tag-blanzac-porcheresse","tag-bourse","tag-soa","nodate","item-wrap"],"_links":{"self":[{"href":"https:\/\/www.ornithologies.fr\/blog\/lesoiseauxdumonde\/wp-json\/wp\/v2\/posts\/2986","targetHints":{"allow":["GET"]}}],"collection":[{"href":"https:\/\/www.ornithologies.fr\/blog\/lesoiseauxdumonde\/wp-json\/wp\/v2\/posts"}],"about":[{"href":"https:\/\/www.ornithologies.fr\/blog\/lesoiseauxdumonde\/wp-json\/wp\/v2\/types\/post"}],"author":[{"embeddable":true,"href":"https:\/\/www.ornithologies.fr\/blog\/lesoiseauxdumonde\/wp-json\/wp\/v2\/users\/1"}],"replies":[{"embeddable":true,"href":"https:\/\/www.ornithologies.fr\/blog\/lesoiseauxdumonde\/wp-json\/wp\/v2\/comments?post=2986"}],"version-history":[{"count":1,"href":"https:\/\/www.ornithologies.fr\/blog\/lesoiseauxdumonde\/wp-json\/wp\/v2\/posts\/2986\/revisions"}],"predecessor-version":[{"id":2988,"href":"https:\/\/www.ornithologies.fr\/blog\/lesoiseauxdumonde\/wp-json\/wp\/v2\/posts\/2986\/revisions\/2988"}],"wp:featuredmedia":[{"embeddable":true,"href":"https:\/\/www.ornithologies.fr\/blog\/lesoiseauxdumonde\/wp-json\/wp\/v2\/media\/2987"}],"wp:attachment":[{"href":"https:\/\/www.ornithologies.fr\/blog\/lesoiseauxdumonde\/wp-json\/wp\/v2\/media?parent=2986"}],"wp:term":[{"taxonomy":"category","embeddable":true,"href":"https:\/\/www.ornithologies.fr\/blog\/lesoiseauxdumonde\/wp-json\/wp\/v2\/categories?post=2986"},{"taxonomy":"post_tag","embeddable":true,"href":"https:\/\/www.ornithologies.fr\/blog\/lesoiseauxdumonde\/wp-json\/wp\/v2\/tags?post=2986"}],"curies":[{"name":"wp","href":"https:\/\/api.w.org\/{rel}","templated":true}]}}