{"id":2979,"date":"2026-07-28T09:39:54","date_gmt":"2026-07-28T07:39:54","guid":{"rendered":"https:\/\/www.ornithologies.fr\/blog\/lesoiseauxdumonde\/?p=2979"},"modified":"2026-07-28T09:39:55","modified_gmt":"2026-07-28T07:39:55","slug":"animal-expo-nature","status":"publish","type":"post","link":"https:\/\/www.ornithologies.fr\/blog\/lesoiseauxdumonde\/animal-expo-nature\/","title":{"rendered":"Animal Expo"},"content":{"rendered":"<div class=\"wp-block-image\">\n<figure class=\"alignleft size-full is-resized\"><a href=\"https:\/\/www.ornithologies.fr\/blog\/lesoiseauxdumonde\/wp-content\/uploads\/sites\/4\/Expo-ASOR-2026.jpg\" rel=\"lightbox[2979]\"><img loading=\"lazy\" decoding=\"async\" width=\"853\" height=\"1280\" src=\"https:\/\/www.ornithologies.fr\/blog\/lesoiseauxdumonde\/wp-content\/uploads\/sites\/4\/Expo-ASOR-2026.jpg\" alt=\"\" class=\"wp-image-4173\" style=\"width:226px\" srcset=\"https:\/\/www.ornithologies.fr\/blog\/lesoiseauxdumonde\/wp-content\/uploads\/sites\/4\/Expo-ASOR-2026.jpg 853w, https:\/\/www.ornithologies.fr\/blog\/lesoiseauxdumonde\/wp-content\/uploads\/sites\/4\/Expo-ASOR-2026-200x300.jpg 200w, https:\/\/www.ornithologies.fr\/blog\/lesoiseauxdumonde\/wp-content\/uploads\/sites\/4\/Expo-ASOR-2026-431x647.jpg 431w, https:\/\/www.ornithologies.fr\/blog\/lesoiseauxdumonde\/wp-content\/uploads\/sites\/4\/Expo-ASOR-2026-768x1152.jpg 768w, https:\/\/www.ornithologies.fr\/blog\/lesoiseauxdumonde\/wp-content\/uploads\/sites\/4\/Expo-ASOR-2026-750x1125.jpg 750w, https:\/\/www.ornithologies.fr\/blog\/lesoiseauxdumonde\/wp-content\/uploads\/sites\/4\/Expo-ASOR-2026-640x960.jpg 640w\" sizes=\"auto, (max-width: 853px) 100vw, 853px\" \/><\/a><\/figure>\n<\/div>\n\n\n<h2 class=\"wp-block-heading\">L&rsquo;ASOR <em>(Association ornithologique de Roche La Moli\u00e8re)<\/em> organise son 10<sup>\u00e8me<\/sup> salon ANIMAL EXPO \u00e0 <strong>Roche La Moli\u00e8re<\/strong> le 25 octobre 2026.<\/h2>\n\n\n\n<p class=\"wp-block-paragraph\">Encagement gratuit, pas de participation retenue sur les ventes. Pour participer, dossier avec r\u00e8glement \u00e0 demander au 0613430940 avant le 5\/10\/2026. Les attestations de provenance seront demand\u00e9es par nos soins. Sur place, pour visiteurs et exposants, repas 16\u20ac possible avec r\u00e9servation.<\/p>\n\n\n\n<ul class=\"wp-block-list\">\n<li><strong>Ouverture au public :<\/strong> dimanche 25 octobre 2026 de 9h \u00e0 17h,<\/li>\n\n\n\n<li><strong>Entr\u00e9e :<\/strong> 4\u20ac, gratuit pour les &#8211; de 12 ans,<\/li>\n\n\n\n<li><strong>Lieu :<\/strong> Salle Grangeneuve, rue Lap\u00e9rouse, 42230 ROCHE-LA-MOLIERE<\/li>\n\n\n\n<li><strong>Contact :<\/strong> Roland LIMOUSIN &#8211; <strong>T\u00e9l. :<\/strong> 06 13 43 09 40 &#8211; <strong>Mail :<\/strong> <a href=\"mailto:roland.limousin@orange.fr\">roland.limousin@orange.fr<\/a><\/li>\n\n\n\n<li><a href=\"http:\/\/asornithorlm.e-monsite.com\" target=\"_blank\" rel=\"noreferrer noopener\">En savoir plus<\/a><\/li>\n<\/ul>\n\n\n\n<hr class=\"wp-block-separator has-css-opacity\"\/>\n\n\n\n<h2 class=\"wp-block-heading\">Annoncez et partagez vos \u00e9v\u00e9nements !<\/h2>\n\n\n\n<p class=\"wp-block-paragraph\">Que ce soient vos concours, expositions, bourses, journ\u00e9es techniques, sorties coh\u00e9sion, r\u00e9unions ou tous autres \u00e9v\u00e9nements en rapport avec votre activit\u00e9 associative, pass\u00e9s ou \u00e0 venir, vous pouvez les communiquer gr\u00e2ce au formulaire des <a href=\"https:\/\/www.ornithologies.fr\/blog\/lesoiseauxdumonde\/les-petites-annonces\/rediger-une-petite-annonce\/\" data-type=\"page\" data-id=\"1660\">petites annonces<\/a>. Votre \u00e9v\u00e9nement sera publi\u00e9 dans la rubrique \u00ab\u00a0<a href=\"https:\/\/www.ornithologies.fr\/blog\/lesoiseauxdumonde\/category\/vie-des-clubs\/\" data-type=\"URL\" data-id=\"https:\/\/www.ornithologies.fr\/blog\/lesoiseauxdumonde\/category\/vie-des-clubs\/\">La Vie des Clubs<\/a>\u00ab\u00a0.<\/p>\n\n\n\n<div class=\"wp-block-buttons is-content-justification-center is-layout-flex wp-container-core-buttons-is-layout-fe48e5de wp-block-buttons-is-layout-flex\">\n<div class=\"wp-block-button\"><a class=\"wp-block-button__link wp-element-button\" href=\"https:\/\/www.ornithologies.fr\/blog\/lesoiseauxdumonde\/les-petites-annonces\/rediger-une-petite-annonce\/\">Passer votre annonce<\/a><\/div>\n\n\n\n<div class=\"wp-block-button\"><a class=\"wp-block-button__link wp-element-button\" href=\"https:\/\/www.ornithologies.fr\/blog\/lesoiseauxdumonde\/category\/vie-des-clubs\/\">Toute la vie des Clubs<\/a><\/div>\n<\/div>\n\n\n\n<div style=\"height:20px\" aria-hidden=\"true\" class=\"wp-block-spacer\"><\/div>\n","protected":false},"excerpt":{"rendered":"<h2 class=\"wp-block-heading\">L&rsquo;ASOR (Association ornithologique de Roche La Moli\u00e8re) organise son 10\u00e8me salon ANIMAL EXPO \u00e0 Roche La Moli\u00e8re le 25 octobre 2026.<\/h2>\n<p class=\"wp-block-paragraph\">Encagement gratuit, pas de participation retenue sur les ventes. Pour participer, dossier avec r\u00e8glement \u00e0 demander au 0613430940 avant le 5\/10\/2026. Les attestations de provenance seront demand\u00e9es par nos soins. Sur place, &hellip; <\/p>\n<p><a class=\"more-link btn\" href=\"https:\/\/www.ornithologies.fr\/blog\/lesoiseauxdumonde\/animal-expo-nature\/\">Lire la suite<\/a><\/p>\n","protected":false},"author":1,"featured_media":4173,"comment_status":"open","ping_status":"open","sticky":false,"template":"","format":"standard","meta":{"footnotes":""},"categories":[1076],"tags":[1426,1167,1166,731,1689],"class_list":["post-2979","post","type-post","status-publish","format-standard","has-post-thumbnail","hentry","category-vie-des-clubs","tag-asor","tag-bourse","tag-exposition","tag-salon","tag-usson-en-forez","nodate","item-wrap"],"_links":{"self":[{"href":"https:\/\/www.ornithologies.fr\/blog\/lesoiseauxdumonde\/wp-json\/wp\/v2\/posts\/2979","targetHints":{"allow":["GET"]}}],"collection":[{"href":"https:\/\/www.ornithologies.fr\/blog\/lesoiseauxdumonde\/wp-json\/wp\/v2\/posts"}],"about":[{"href":"https:\/\/www.ornithologies.fr\/blog\/lesoiseauxdumonde\/wp-json\/wp\/v2\/types\/post"}],"author":[{"embeddable":true,"href":"https:\/\/www.ornithologies.fr\/blog\/lesoiseauxdumonde\/wp-json\/wp\/v2\/users\/1"}],"replies":[{"embeddable":true,"href":"https:\/\/www.ornithologies.fr\/blog\/lesoiseauxdumonde\/wp-json\/wp\/v2\/comments?post=2979"}],"version-history":[{"count":7,"href":"https:\/\/www.ornithologies.fr\/blog\/lesoiseauxdumonde\/wp-json\/wp\/v2\/posts\/2979\/revisions"}],"predecessor-version":[{"id":4174,"href":"https:\/\/www.ornithologies.fr\/blog\/lesoiseauxdumonde\/wp-json\/wp\/v2\/posts\/2979\/revisions\/4174"}],"wp:featuredmedia":[{"embeddable":true,"href":"https:\/\/www.ornithologies.fr\/blog\/lesoiseauxdumonde\/wp-json\/wp\/v2\/media\/4173"}],"wp:attachment":[{"href":"https:\/\/www.ornithologies.fr\/blog\/lesoiseauxdumonde\/wp-json\/wp\/v2\/media?parent=2979"}],"wp:term":[{"taxonomy":"category","embeddable":true,"href":"https:\/\/www.ornithologies.fr\/blog\/lesoiseauxdumonde\/wp-json\/wp\/v2\/categories?post=2979"},{"taxonomy":"post_tag","embeddable":true,"href":"https:\/\/www.ornithologies.fr\/blog\/lesoiseauxdumonde\/wp-json\/wp\/v2\/tags?post=2979"}],"curies":[{"name":"wp","href":"https:\/\/api.w.org\/{rel}","templated":true}]}}