{"id":2809,"date":"2023-03-13T15:45:19","date_gmt":"2023-03-13T14:45:19","guid":{"rendered":"https:\/\/www.ornithologies.fr\/blog\/lesoiseauxdumonde\/?p=2809"},"modified":"2023-03-14T11:10:52","modified_gmt":"2023-03-14T10:10:52","slug":"sommaire-du-mois-de-mars-2023","status":"publish","type":"post","link":"https:\/\/www.ornithologies.fr\/blog\/lesoiseauxdumonde\/sommaire-du-mois-de-mars-2023\/","title":{"rendered":"Sommaire du mois de mars 2023"},"content":{"rendered":"\n<h1 class=\"wp-block-heading\">Cacato\u00e8s rosalbin<\/h1>\n\n\n\n<h2 class=\"wp-block-heading\">Au sommaire du n\u00b0 405<\/h2>\n\n\n<div class=\"wp-block-image\">\n<figure class=\"alignleft size-full is-resized\"><a href=\"https:\/\/www.ornithologies.fr\/blog\/lesoiseauxdumonde\/wp-content\/uploads\/sites\/4\/ODM0323.png\" target=\"_blank\"  rel=\"lightbox[2809] noopener noreferrer\"><img loading=\"lazy\" decoding=\"async\" src=\"https:\/\/www.ornithologies.fr\/blog\/lesoiseauxdumonde\/wp-content\/uploads\/sites\/4\/ODM0323.png\" alt=\"\" class=\"wp-image-2810\" width=\"250\" height=\"324\" srcset=\"https:\/\/www.ornithologies.fr\/blog\/lesoiseauxdumonde\/wp-content\/uploads\/sites\/4\/ODM0323.png 500w, https:\/\/www.ornithologies.fr\/blog\/lesoiseauxdumonde\/wp-content\/uploads\/sites\/4\/ODM0323-232x300.png 232w\" sizes=\"auto, (max-width: 250px) 100vw, 250px\" \/><\/a><\/figure>\n<\/div>\n\n\n<p>p.1 \u25ba <a href=\"https:\/\/www.ornithologies.fr\/blog\/lesoiseauxdumonde\/edito-par-antonio-javier-sanz\/\">\u00c9ditorial<\/a><br>p.4 \u25ba Les bases g\u00e9n\u00e9tiques de la coloration rouge chez les oiseaux<br>p.7 \u25ba Un bel \u00e9levage italien de Fringillid\u00e9s am\u00e9ricains<br>p.10 \u25ba <em>Urocolius macrourus<\/em>, une \u00ab souris \u00bb dans une voli\u00e8re<br>p.12 \u25ba Couleurs<br>p.15 \u25ba Les premiers pas de la Perruche \u00e0 ventre orange vers la gu\u00e9rison<br>p.17 \u25ba Les mutations du Cacato\u00e8s rosalbin<br>p.20 \u25ba Comportementaliste<br>p.23 \u25ba La mutation \u00ab saddleback \u00bb de la Perruche ondul\u00e9e<br>p.24 \u25ba Estrildid\u00e9s du monde : leur origine et leur \u00e9volution<br>p.26 \u25ba Soins et \u00e9levage du Colin des montagnes <em>(Oreortyx pictus)<\/em><br>p.29 \u25ba L\u2019oiseau de compagnie : d\u2019o\u00f9 vient-il, qu\u2019est-il aujourd\u2019hui ?<br>p.32 \u25ba La page du d\u00e9butant<\/p>\n\n\n\n<h5 class=\"wp-block-heading\">Retrouvez gratuitement les petites annonces et toute la vie associative directement dans votre bo\u00eete e-mail au travers des Nouvelles de l\u2019UOF.<\/h5>\n\n\n\n<div class=\"wp-block-buttons is-content-justification-center is-layout-flex wp-container-core-buttons-is-layout-16018d1d wp-block-buttons-is-layout-flex\">\n<div class=\"wp-block-button\"><a class=\"wp-block-button__link wp-element-button\" href=\"https:\/\/www.ornithologies.fr\/boutique\/revue\/268-odm-n405.html\" target=\"_blank\" rel=\"noreferrer noopener\">Acheter un exemplaire<\/a><\/div>\n\n\n\n<div class=\"wp-block-button\"><a class=\"wp-block-button__link wp-element-button\" href=\"https:\/\/www.ornithologies.fr\/blog\/lesoiseauxdumonde\/abonnez-vous\/\" target=\"_blank\" rel=\"noreferrer noopener\">Abonnement<\/a><\/div>\n<\/div>\n\n\n\n<div style=\"height:50px\" aria-hidden=\"true\" class=\"wp-block-spacer\"><\/div>\n","protected":false},"excerpt":{"rendered":"<h1 class=\"wp-block-heading\">Cacato\u00e8s rosalbin<\/h1>\n<h2 class=\"wp-block-heading\">Au sommaire du n\u00b0 405<\/h2>\n<p>p.1 \u25ba \u00c9ditorial<br \/>p.4 \u25ba Les bases g\u00e9n\u00e9tiques de la coloration rouge chez les oiseaux<br \/>p.7 \u25ba Un bel \u00e9levage italien de Fringillid\u00e9s am\u00e9ricains<br \/>p.10 \u25ba Urocolius macrourus, une \u00ab souris \u00bb dans une voli\u00e8re<br \/>p.12 \u25ba Couleurs<br \/>p.15 \u25ba Les premiers pas de la Perruche \u00e0 ventre orange vers la &hellip; <\/p>\n<p><a class=\"more-link btn\" href=\"https:\/\/www.ornithologies.fr\/blog\/lesoiseauxdumonde\/sommaire-du-mois-de-mars-2023\/\">Lire la suite<\/a><\/p>\n","protected":false},"author":1,"featured_media":2810,"comment_status":"open","ping_status":"open","sticky":false,"template":"","format":"standard","meta":{"footnotes":""},"categories":[2],"tags":[1357,1373,1377,1379,1375,1378,66,956,1376,35,1364,1370,1024,199,412],"class_list":["post-2809","post","type-post","status-publish","format-standard","has-post-thumbnail","hentry","category-sommaire","tag-1357","tag-1373","tag-cacatoes-rosalbin","tag-colin-des-montagnes","tag-coliou-huppe","tag-comportementaliste","tag-couleurs","tag-estrildides","tag-fringillides","tag-mars","tag-oiseau-de-compagnie","tag-perruche-a-ventre-orange","tag-perruche-ondulee","tag-saddleback","tag-sommaire","nodate","item-wrap"],"_links":{"self":[{"href":"https:\/\/www.ornithologies.fr\/blog\/lesoiseauxdumonde\/wp-json\/wp\/v2\/posts\/2809","targetHints":{"allow":["GET"]}}],"collection":[{"href":"https:\/\/www.ornithologies.fr\/blog\/lesoiseauxdumonde\/wp-json\/wp\/v2\/posts"}],"about":[{"href":"https:\/\/www.ornithologies.fr\/blog\/lesoiseauxdumonde\/wp-json\/wp\/v2\/types\/post"}],"author":[{"embeddable":true,"href":"https:\/\/www.ornithologies.fr\/blog\/lesoiseauxdumonde\/wp-json\/wp\/v2\/users\/1"}],"replies":[{"embeddable":true,"href":"https:\/\/www.ornithologies.fr\/blog\/lesoiseauxdumonde\/wp-json\/wp\/v2\/comments?post=2809"}],"version-history":[{"count":3,"href":"https:\/\/www.ornithologies.fr\/blog\/lesoiseauxdumonde\/wp-json\/wp\/v2\/posts\/2809\/revisions"}],"predecessor-version":[{"id":2834,"href":"https:\/\/www.ornithologies.fr\/blog\/lesoiseauxdumonde\/wp-json\/wp\/v2\/posts\/2809\/revisions\/2834"}],"wp:featuredmedia":[{"embeddable":true,"href":"https:\/\/www.ornithologies.fr\/blog\/lesoiseauxdumonde\/wp-json\/wp\/v2\/media\/2810"}],"wp:attachment":[{"href":"https:\/\/www.ornithologies.fr\/blog\/lesoiseauxdumonde\/wp-json\/wp\/v2\/media?parent=2809"}],"wp:term":[{"taxonomy":"category","embeddable":true,"href":"https:\/\/www.ornithologies.fr\/blog\/lesoiseauxdumonde\/wp-json\/wp\/v2\/categories?post=2809"},{"taxonomy":"post_tag","embeddable":true,"href":"https:\/\/www.ornithologies.fr\/blog\/lesoiseauxdumonde\/wp-json\/wp\/v2\/tags?post=2809"}],"curies":[{"name":"wp","href":"https:\/\/api.w.org\/{rel}","templated":true}]}}