{"id":2037,"date":"2021-02-23T07:58:42","date_gmt":"2021-02-23T06:58:42","guid":{"rendered":"http:\/\/www.ornithologies.fr\/blog\/lesoiseauxdumonde\/?p=2037"},"modified":"2024-01-22T14:58:40","modified_gmt":"2024-01-22T13:58:40","slug":"sommaire-du-mois-de-mars-2021","status":"publish","type":"post","link":"https:\/\/www.ornithologies.fr\/blog\/lesoiseauxdumonde\/sommaire-du-mois-de-mars-2021\/","title":{"rendered":"Sommaire du mois de mars 2021"},"content":{"rendered":"\n<h1 class=\"wp-block-heading\">Canari rouge intensif<\/h1>\n\n\n\n<h2 class=\"wp-block-heading\">Au sommaire du n\u00b0 385<\/h2>\n\n\n<div class=\"wp-block-image\">\n<figure class=\"alignleft size-large is-resized\"><img decoding=\"async\" src=\"https:\/\/www.ornithologies.fr\/blog\/lesoiseauxdumonde\/wp-content\/uploads\/sites\/4\/ODM0321.png\" alt=\"\" class=\"wp-image-2039\" style=\"width:250px;height:324px\"\/><\/figure>\n<\/div>\n\n\n<p id=\"block-7158b6bf-788c-421a-88b8-39e0a1b61371\">p.1 \u25ba \u00c9ditorial par Cyrille Jardinier<br>p.4 \u25ba Entretien avec Patrick Lo\u00ef<br>p.6 \u25ba Portrait d\u2019\u00e9leveurs : Fran\u00e7ois G\u00e9rardin<br>p.10 \u25ba Diamants mandarins : les \u00abface noire\u00bb<br>p.13 \u25ba Mon exp\u00e9rience d\u2019\u00e9levage avec le Capucin de Madagascar<br>p.16 \u25ba Standard du Capucin de Madagascar<br>p.17 \u25ba A propos des \u00e9leveurs autrichiens de Bec-crois\u00e9<br>p.19 \u25ba Les oiseaux du genre <em>Loxia<\/em><br>p.20 \u25ba <em>Loxia curvirostra<\/em> bibliographie de L. c.<em> \u00abrubrifasciata\u00bb<\/em><br>p.21 \u25ba L\u2019alimentation des Loris<br>p.23 \u25ba Les Conures de Weddell, de parfaits parents de substitution<br>p.29 \u25ba Le parc ornithologique de Pont de Gau<br>p.32 \u25ba D\u00e9butant : l\u2019aronie<\/p>\n\n\n\n<h5 class=\"wp-block-heading\">Retrouvez gratuitement les petites annonces et toute la vie associative directement dans votre bo\u00eete e-mail au travers des Nouvelles de l\u2019UOF.<\/h5>\n\n\n\n<div class=\"wp-block-buttons is-layout-flex wp-block-buttons-is-layout-flex\">\n<div class=\"wp-block-button\"><a class=\"wp-block-button__link wp-element-button\" href=\"http:\/\/www.ornithologies.fr\/boutique\/revue\/239-odm-n385.html\" target=\"_blank\" rel=\"noreferrer noopener\">Acheter un exemplaire<\/a><\/div>\n\n\n\n<div class=\"wp-block-button\"><a class=\"wp-block-button__link wp-element-button\" href=\"https:\/\/www.ornithologies.fr\/blog\/lesoiseauxdumonde\/abonnez-vous\/\" target=\"_blank\" rel=\"noreferrer noopener\">Abonnement<\/a><\/div>\n<\/div>\n\n\n\n<p><\/p>\n","protected":false},"excerpt":{"rendered":"<h1 class=\"wp-block-heading\">Canari rouge intensif<\/h1>\n<h2 class=\"wp-block-heading\">Au sommaire du n\u00b0 385<\/h2>\n<p id=\"block-7158b6bf-788c-421a-88b8-39e0a1b61371\">p.1 \u25ba \u00c9ditorial par Cyrille Jardinier<br \/>p.4 \u25ba Entretien avec Patrick Lo\u00ef<br \/>p.6 \u25ba Portrait d\u2019\u00e9leveurs : Fran\u00e7ois G\u00e9rardin<br \/>p.10 \u25ba Diamants mandarins : les \u00abface noire\u00bb<br \/>p.13 \u25ba Mon exp\u00e9rience d\u2019\u00e9levage avec le Capucin de Madagascar<br \/>p.16 \u25ba Standard du Capucin de Madagascar<br \/>p.17 \u25ba A propos des \u00e9leveurs &hellip; <\/p>\n<p><a class=\"more-link btn\" href=\"https:\/\/www.ornithologies.fr\/blog\/lesoiseauxdumonde\/sommaire-du-mois-de-mars-2021\/\">Lire la suite<\/a><\/p>\n","protected":false},"author":1,"featured_media":2239,"comment_status":"open","ping_status":"open","sticky":false,"template":"","format":"standard","meta":{"footnotes":""},"categories":[2],"tags":[1079,1104,1113,1109,1108,1111,755,1107,1106,1110,497,35,1105,1112,412],"class_list":["post-2037","post","type-post","status-publish","format-standard","has-post-thumbnail","hentry","category-sommaire","tag-1079","tag-1104","tag-aronie","tag-bec-croise-2","tag-capucin-de-madagascar","tag-conure-de-weddell","tag-cyrille-jardinier","tag-diamant-mandarin-face-noire","tag-francois-gerardin","tag-lori","tag-loxia","tag-mars","tag-patrick-loi","tag-pont-de-gau","tag-sommaire","nodate","item-wrap"],"_links":{"self":[{"href":"https:\/\/www.ornithologies.fr\/blog\/lesoiseauxdumonde\/wp-json\/wp\/v2\/posts\/2037","targetHints":{"allow":["GET"]}}],"collection":[{"href":"https:\/\/www.ornithologies.fr\/blog\/lesoiseauxdumonde\/wp-json\/wp\/v2\/posts"}],"about":[{"href":"https:\/\/www.ornithologies.fr\/blog\/lesoiseauxdumonde\/wp-json\/wp\/v2\/types\/post"}],"author":[{"embeddable":true,"href":"https:\/\/www.ornithologies.fr\/blog\/lesoiseauxdumonde\/wp-json\/wp\/v2\/users\/1"}],"replies":[{"embeddable":true,"href":"https:\/\/www.ornithologies.fr\/blog\/lesoiseauxdumonde\/wp-json\/wp\/v2\/comments?post=2037"}],"version-history":[{"count":5,"href":"https:\/\/www.ornithologies.fr\/blog\/lesoiseauxdumonde\/wp-json\/wp\/v2\/posts\/2037\/revisions"}],"predecessor-version":[{"id":3175,"href":"https:\/\/www.ornithologies.fr\/blog\/lesoiseauxdumonde\/wp-json\/wp\/v2\/posts\/2037\/revisions\/3175"}],"wp:featuredmedia":[{"embeddable":true,"href":"https:\/\/www.ornithologies.fr\/blog\/lesoiseauxdumonde\/wp-json\/wp\/v2\/media\/2239"}],"wp:attachment":[{"href":"https:\/\/www.ornithologies.fr\/blog\/lesoiseauxdumonde\/wp-json\/wp\/v2\/media?parent=2037"}],"wp:term":[{"taxonomy":"category","embeddable":true,"href":"https:\/\/www.ornithologies.fr\/blog\/lesoiseauxdumonde\/wp-json\/wp\/v2\/categories?post=2037"},{"taxonomy":"post_tag","embeddable":true,"href":"https:\/\/www.ornithologies.fr\/blog\/lesoiseauxdumonde\/wp-json\/wp\/v2\/tags?post=2037"}],"curies":[{"name":"wp","href":"https:\/\/api.w.org\/{rel}","templated":true}]}}