{"id":1688,"date":"2020-07-28T08:59:02","date_gmt":"2020-07-28T06:59:02","guid":{"rendered":"http:\/\/www.ornithologies.fr\/blog\/lesoiseauxdumonde\/?p=1688"},"modified":"2020-07-28T09:03:09","modified_gmt":"2020-07-28T07:03:09","slug":"sel-oz-et-ses-mutations","status":"publish","type":"post","link":"https:\/\/www.ornithologies.fr\/blog\/lesoiseauxdumonde\/sel-oz-et-ses-mutations\/","title":{"rendered":"Sel Oz et ses mutations"},"content":{"rendered":"<p style=\"text-align: right;\">par Lionel Durochat<br \/>\n<em>Photos Sel Oz<\/em><\/p>\n<h6>Oiseaux du Monde n\u00b0<a href=\"https:\/\/www.ornithologies.fr\/blog\/lesoiseauxdumonde\/sommaire-du-mois-de-mai-2020\/\">377<\/a> &#8211; Mai 2020<\/h6>\n<div id=\"attachment_1695\" style=\"width: 759px\" class=\"wp-caption alignleft\"><img loading=\"lazy\" decoding=\"async\" aria-describedby=\"caption-attachment-1695\" class=\"wp-image-1695 size-full\" src=\"https:\/\/www.ornithologies.fr\/blog\/lesoiseauxdumonde\/wp-content\/uploads\/sites\/4\/fischeri-turquoise-violet-opaline.jpg\" alt=\"\" width=\"759\" height=\"1024\" srcset=\"https:\/\/www.ornithologies.fr\/blog\/lesoiseauxdumonde\/wp-content\/uploads\/sites\/4\/fischeri-turquoise-violet-opaline.jpg 759w, https:\/\/www.ornithologies.fr\/blog\/lesoiseauxdumonde\/wp-content\/uploads\/sites\/4\/fischeri-turquoise-violet-opaline-480x647.jpg 480w, https:\/\/www.ornithologies.fr\/blog\/lesoiseauxdumonde\/wp-content\/uploads\/sites\/4\/fischeri-turquoise-violet-opaline-222x300.jpg 222w, https:\/\/www.ornithologies.fr\/blog\/lesoiseauxdumonde\/wp-content\/uploads\/sites\/4\/fischeri-turquoise-violet-opaline-600x809.jpg 600w, https:\/\/www.ornithologies.fr\/blog\/lesoiseauxdumonde\/wp-content\/uploads\/sites\/4\/fischeri-turquoise-violet-opaline-712x960.jpg 712w\" sizes=\"auto, (max-width: 759px) 100vw, 759px\" \/><p id=\"caption-attachment-1695\" class=\"wp-caption-text\">Agapornis fischeri turquoise opaline violet<\/p><\/div>\n<h5>ODM : bonjour Monsieur Oz, pouvez-vous vous pr\u00e9senter \u00e0 nos lecteurs\u00a0?<\/h5>\n<p>Je m&rsquo;appelle Sel, je vis avec mon partenaire Elfriede dans un petit village appel\u00e9 Menaam. J&rsquo;ai un grand amour pour les animaux depuis mon plus jeune \u00e2ge. Enfant, je vivais en face d&rsquo;une animalerie. De ma chambre, je regardais par la fen\u00eatre de l&rsquo;animalerie deux ins\u00e9parables dans une cage. L&rsquo;amour pour les oiseaux et surtout les agapornid\u00e9s \u00e9tait d\u00e9j\u00e0 l\u00e0.<\/p>\n<h5>ODM : depuis quand d\u00e9tenez-vous des ins\u00e9parables ? Pourquoi avoir choisi ces oiseaux\u00a0?<\/h5>\n<p>Il y a cinq ans, j&rsquo;ai achet\u00e9 un couple d\u2019Ins\u00e9parable \u00e0 t\u00eate noire bleus avec lesquels j&rsquo;ai rapidement eu des jeunes. J&rsquo;ai ensuite achet\u00e9 quelques jeunes albinos chez un bon \u00e9leveur et des porteurs chez autre \u00e9leveur. Parce que c&rsquo;\u00e9taient de jeunes oiseaux, j&rsquo;ai commenc\u00e9 \u00e0 chercher des oiseaux plus \u00e2g\u00e9s. J&rsquo;ai eu la chance de pouvoir acheter un certain nombre d&rsquo;oiseaux panach\u00e9s SF et DF chez un \u00e9leveur qui stoppait son \u00e9levage. C&rsquo;\u00e9tait en d\u00e9cembre 2014. Au cours de la premi\u00e8re ann\u00e9e, je me suis principalement concentr\u00e9 principalement sur la conservation d&rsquo;oiseaux blancs et panach\u00e9s blancs (s\u00e9ries albinos et bleues en SF et DF).<\/p>\n\n\t\t<style type=\"text\/css\">\n\t\t\t#gallery-1 {\n\t\t\t\tmargin: auto;\n\t\t\t}\n\t\t\t#gallery-1 .gallery-item {\n\t\t\t\tfloat: left;\n\t\t\t\tmargin-top: 10px;\n\t\t\t\ttext-align: center;\n\t\t\t\twidth: 33%;\n\t\t\t}\n\t\t\t#gallery-1 img {\n\t\t\t\tborder: 2px solid #cfcfcf;\n\t\t\t}\n\t\t\t#gallery-1 .gallery-caption {\n\t\t\t\tmargin-left: 0;\n\t\t\t}\n\t\t\t\/* see gallery_shortcode() in wp-includes\/media.php *\/\n\t\t<\/style>\n\t\t<div id='gallery-1' class='gallery galleryid-1688 gallery-columns-3 gallery-size-large'><dl class='gallery-item'>\n\t\t\t<dt class='gallery-icon portrait'>\n\t\t\t\t<a href='https:\/\/www.ornithologies.fr\/blog\/lesoiseauxdumonde\/wp-content\/uploads\/sites\/4\/fischeri-turquoise.jpg' rel=\"lightbox[1688]\"><img loading=\"lazy\" decoding=\"async\" width=\"555\" height=\"650\" src=\"https:\/\/www.ornithologies.fr\/blog\/lesoiseauxdumonde\/wp-content\/uploads\/sites\/4\/fischeri-turquoise.jpg\" class=\"attachment-large size-large\" alt=\"\" aria-describedby=\"gallery-1-1697\" srcset=\"https:\/\/www.ornithologies.fr\/blog\/lesoiseauxdumonde\/wp-content\/uploads\/sites\/4\/fischeri-turquoise.jpg 555w, https:\/\/www.ornithologies.fr\/blog\/lesoiseauxdumonde\/wp-content\/uploads\/sites\/4\/fischeri-turquoise-500x586.jpg 500w, https:\/\/www.ornithologies.fr\/blog\/lesoiseauxdumonde\/wp-content\/uploads\/sites\/4\/fischeri-turquoise-256x300.jpg 256w, https:\/\/www.ornithologies.fr\/blog\/lesoiseauxdumonde\/wp-content\/uploads\/sites\/4\/fischeri-turquoise-271x317.jpg 271w\" sizes=\"auto, (max-width: 555px) 100vw, 555px\" \/><\/a>\n\t\t\t<\/dt>\n\t\t\t\t<dd class='wp-caption-text gallery-caption' id='gallery-1-1697'>\n\t\t\t\tAgapornis fischeri turquoise\n\t\t\t\t<\/dd><\/dl><dl class='gallery-item'>\n\t\t\t<dt class='gallery-icon portrait'>\n\t\t\t\t<a href='https:\/\/www.ornithologies.fr\/blog\/lesoiseauxdumonde\/wp-content\/uploads\/sites\/4\/fischeri-turquoise-dd-et-turquoise-slaty.jpg' rel=\"lightbox[1688]\"><img loading=\"lazy\" decoding=\"async\" width=\"555\" height=\"650\" src=\"https:\/\/www.ornithologies.fr\/blog\/lesoiseauxdumonde\/wp-content\/uploads\/sites\/4\/fischeri-turquoise-dd-et-turquoise-slaty.jpg\" class=\"attachment-large size-large\" alt=\"\" aria-describedby=\"gallery-1-1698\" srcset=\"https:\/\/www.ornithologies.fr\/blog\/lesoiseauxdumonde\/wp-content\/uploads\/sites\/4\/fischeri-turquoise-dd-et-turquoise-slaty.jpg 555w, https:\/\/www.ornithologies.fr\/blog\/lesoiseauxdumonde\/wp-content\/uploads\/sites\/4\/fischeri-turquoise-dd-et-turquoise-slaty-500x586.jpg 500w, https:\/\/www.ornithologies.fr\/blog\/lesoiseauxdumonde\/wp-content\/uploads\/sites\/4\/fischeri-turquoise-dd-et-turquoise-slaty-256x300.jpg 256w, https:\/\/www.ornithologies.fr\/blog\/lesoiseauxdumonde\/wp-content\/uploads\/sites\/4\/fischeri-turquoise-dd-et-turquoise-slaty-271x317.jpg 271w\" sizes=\"auto, (max-width: 555px) 100vw, 555px\" \/><\/a>\n\t\t\t<\/dt>\n\t\t\t\t<dd class='wp-caption-text gallery-caption' id='gallery-1-1698'>\n\t\t\t\tAgapornis fischeri turquoise DD et turquoise slaty\n\t\t\t\t<\/dd><\/dl><dl class='gallery-item'>\n\t\t\t<dt class='gallery-icon portrait'>\n\t\t\t\t<a href='https:\/\/www.ornithologies.fr\/blog\/lesoiseauxdumonde\/wp-content\/uploads\/sites\/4\/fischeri-turquoise-opaline-2.jpg' rel=\"lightbox[1688]\"><img loading=\"lazy\" decoding=\"async\" width=\"555\" height=\"650\" src=\"https:\/\/www.ornithologies.fr\/blog\/lesoiseauxdumonde\/wp-content\/uploads\/sites\/4\/fischeri-turquoise-opaline-2.jpg\" class=\"attachment-large size-large\" alt=\"\" aria-describedby=\"gallery-1-1700\" srcset=\"https:\/\/www.ornithologies.fr\/blog\/lesoiseauxdumonde\/wp-content\/uploads\/sites\/4\/fischeri-turquoise-opaline-2.jpg 555w, https:\/\/www.ornithologies.fr\/blog\/lesoiseauxdumonde\/wp-content\/uploads\/sites\/4\/fischeri-turquoise-opaline-2-500x586.jpg 500w, https:\/\/www.ornithologies.fr\/blog\/lesoiseauxdumonde\/wp-content\/uploads\/sites\/4\/fischeri-turquoise-opaline-2-256x300.jpg 256w, https:\/\/www.ornithologies.fr\/blog\/lesoiseauxdumonde\/wp-content\/uploads\/sites\/4\/fischeri-turquoise-opaline-2-271x317.jpg 271w\" sizes=\"auto, (max-width: 555px) 100vw, 555px\" \/><\/a>\n\t\t\t<\/dt>\n\t\t\t\t<dd class='wp-caption-text gallery-caption' id='gallery-1-1700'>\n\t\t\t\tAgapornis fischeri turquoise opaline\n\t\t\t\t<\/dd><\/dl><br style=\"clear: both\" \/><dl class='gallery-item'>\n\t\t\t<dt class='gallery-icon portrait'>\n\t\t\t\t<a href='https:\/\/www.ornithologies.fr\/blog\/lesoiseauxdumonde\/wp-content\/uploads\/sites\/4\/fischeri-turquoise-opaline.jpg' rel=\"lightbox[1688]\"><img loading=\"lazy\" decoding=\"async\" width=\"555\" height=\"650\" src=\"https:\/\/www.ornithologies.fr\/blog\/lesoiseauxdumonde\/wp-content\/uploads\/sites\/4\/fischeri-turquoise-opaline.jpg\" class=\"attachment-large size-large\" alt=\"\" aria-describedby=\"gallery-1-1701\" srcset=\"https:\/\/www.ornithologies.fr\/blog\/lesoiseauxdumonde\/wp-content\/uploads\/sites\/4\/fischeri-turquoise-opaline.jpg 555w, https:\/\/www.ornithologies.fr\/blog\/lesoiseauxdumonde\/wp-content\/uploads\/sites\/4\/fischeri-turquoise-opaline-500x586.jpg 500w, https:\/\/www.ornithologies.fr\/blog\/lesoiseauxdumonde\/wp-content\/uploads\/sites\/4\/fischeri-turquoise-opaline-256x300.jpg 256w, https:\/\/www.ornithologies.fr\/blog\/lesoiseauxdumonde\/wp-content\/uploads\/sites\/4\/fischeri-turquoise-opaline-271x317.jpg 271w\" sizes=\"auto, (max-width: 555px) 100vw, 555px\" \/><\/a>\n\t\t\t<\/dt>\n\t\t\t\t<dd class='wp-caption-text gallery-caption' id='gallery-1-1701'>\n\t\t\t\tAgapornis fischeri turquoise opaline\n\t\t\t\t<\/dd><\/dl><dl class='gallery-item'>\n\t\t\t<dt class='gallery-icon portrait'>\n\t\t\t\t<a href='https:\/\/www.ornithologies.fr\/blog\/lesoiseauxdumonde\/wp-content\/uploads\/sites\/4\/fischeri-double-facteur-violet-et-turquoise-double-facteur-violet.jpg' rel=\"lightbox[1688]\"><img loading=\"lazy\" decoding=\"async\" width=\"555\" height=\"650\" src=\"https:\/\/www.ornithologies.fr\/blog\/lesoiseauxdumonde\/wp-content\/uploads\/sites\/4\/fischeri-double-facteur-violet-et-turquoise-double-facteur-violet.jpg\" class=\"attachment-large size-large\" alt=\"\" aria-describedby=\"gallery-1-1702\" srcset=\"https:\/\/www.ornithologies.fr\/blog\/lesoiseauxdumonde\/wp-content\/uploads\/sites\/4\/fischeri-double-facteur-violet-et-turquoise-double-facteur-violet.jpg 555w, https:\/\/www.ornithologies.fr\/blog\/lesoiseauxdumonde\/wp-content\/uploads\/sites\/4\/fischeri-double-facteur-violet-et-turquoise-double-facteur-violet-500x586.jpg 500w, https:\/\/www.ornithologies.fr\/blog\/lesoiseauxdumonde\/wp-content\/uploads\/sites\/4\/fischeri-double-facteur-violet-et-turquoise-double-facteur-violet-256x300.jpg 256w, https:\/\/www.ornithologies.fr\/blog\/lesoiseauxdumonde\/wp-content\/uploads\/sites\/4\/fischeri-double-facteur-violet-et-turquoise-double-facteur-violet-271x317.jpg 271w\" sizes=\"auto, (max-width: 555px) 100vw, 555px\" \/><\/a>\n\t\t\t<\/dt>\n\t\t\t\t<dd class='wp-caption-text gallery-caption' id='gallery-1-1702'>\n\t\t\t\tAgapornis fischeri double facteur violet et turquoise double facteur violet\n\t\t\t\t<\/dd><\/dl><dl class='gallery-item'>\n\t\t\t<dt class='gallery-icon portrait'>\n\t\t\t\t<a href='https:\/\/www.ornithologies.fr\/blog\/lesoiseauxdumonde\/wp-content\/uploads\/sites\/4\/fischeri-inos-turquoise.jpg' rel=\"lightbox[1688]\"><img loading=\"lazy\" decoding=\"async\" width=\"555\" height=\"650\" src=\"https:\/\/www.ornithologies.fr\/blog\/lesoiseauxdumonde\/wp-content\/uploads\/sites\/4\/fischeri-inos-turquoise.jpg\" class=\"attachment-large size-large\" alt=\"\" aria-describedby=\"gallery-1-1703\" srcset=\"https:\/\/www.ornithologies.fr\/blog\/lesoiseauxdumonde\/wp-content\/uploads\/sites\/4\/fischeri-inos-turquoise.jpg 555w, https:\/\/www.ornithologies.fr\/blog\/lesoiseauxdumonde\/wp-content\/uploads\/sites\/4\/fischeri-inos-turquoise-500x586.jpg 500w, https:\/\/www.ornithologies.fr\/blog\/lesoiseauxdumonde\/wp-content\/uploads\/sites\/4\/fischeri-inos-turquoise-256x300.jpg 256w, https:\/\/www.ornithologies.fr\/blog\/lesoiseauxdumonde\/wp-content\/uploads\/sites\/4\/fischeri-inos-turquoise-271x317.jpg 271w\" sizes=\"auto, (max-width: 555px) 100vw, 555px\" \/><\/a>\n\t\t\t<\/dt>\n\t\t\t\t<dd class='wp-caption-text gallery-caption' id='gallery-1-1703'>\n\t\t\t\tAgapornis fischeri inos turquoise\n\t\t\t\t<\/dd><\/dl><br style=\"clear: both\" \/><dl class='gallery-item'>\n\t\t\t<dt class='gallery-icon portrait'>\n\t\t\t\t<a href='https:\/\/www.ornithologies.fr\/blog\/lesoiseauxdumonde\/wp-content\/uploads\/sites\/4\/fischeri-dilue-bleu-et-turquoise-bleu-euwing.jpg' rel=\"lightbox[1688]\"><img loading=\"lazy\" decoding=\"async\" width=\"555\" height=\"650\" src=\"https:\/\/www.ornithologies.fr\/blog\/lesoiseauxdumonde\/wp-content\/uploads\/sites\/4\/fischeri-dilue-bleu-et-turquoise-bleu-euwing.jpg\" class=\"attachment-large size-large\" alt=\"\" aria-describedby=\"gallery-1-1704\" srcset=\"https:\/\/www.ornithologies.fr\/blog\/lesoiseauxdumonde\/wp-content\/uploads\/sites\/4\/fischeri-dilue-bleu-et-turquoise-bleu-euwing.jpg 555w, https:\/\/www.ornithologies.fr\/blog\/lesoiseauxdumonde\/wp-content\/uploads\/sites\/4\/fischeri-dilue-bleu-et-turquoise-bleu-euwing-500x586.jpg 500w, https:\/\/www.ornithologies.fr\/blog\/lesoiseauxdumonde\/wp-content\/uploads\/sites\/4\/fischeri-dilue-bleu-et-turquoise-bleu-euwing-256x300.jpg 256w, https:\/\/www.ornithologies.fr\/blog\/lesoiseauxdumonde\/wp-content\/uploads\/sites\/4\/fischeri-dilue-bleu-et-turquoise-bleu-euwing-271x317.jpg 271w\" sizes=\"auto, (max-width: 555px) 100vw, 555px\" \/><\/a>\n\t\t\t<\/dt>\n\t\t\t\t<dd class='wp-caption-text gallery-caption' id='gallery-1-1704'>\n\t\t\t\tAgapornis fischeri dilu\u00e9 bleu et turquoise euwing\n\t\t\t\t<\/dd><\/dl><dl class='gallery-item'>\n\t\t\t<dt class='gallery-icon portrait'>\n\t\t\t\t<a href='https:\/\/www.ornithologies.fr\/blog\/lesoiseauxdumonde\/wp-content\/uploads\/sites\/4\/fischeri-opaline-serie-bleue.jpg' rel=\"lightbox[1688]\"><img loading=\"lazy\" decoding=\"async\" width=\"555\" height=\"650\" src=\"https:\/\/www.ornithologies.fr\/blog\/lesoiseauxdumonde\/wp-content\/uploads\/sites\/4\/fischeri-opaline-serie-bleue.jpg\" class=\"attachment-large size-large\" alt=\"\" aria-describedby=\"gallery-1-1705\" srcset=\"https:\/\/www.ornithologies.fr\/blog\/lesoiseauxdumonde\/wp-content\/uploads\/sites\/4\/fischeri-opaline-serie-bleue.jpg 555w, https:\/\/www.ornithologies.fr\/blog\/lesoiseauxdumonde\/wp-content\/uploads\/sites\/4\/fischeri-opaline-serie-bleue-500x586.jpg 500w, https:\/\/www.ornithologies.fr\/blog\/lesoiseauxdumonde\/wp-content\/uploads\/sites\/4\/fischeri-opaline-serie-bleue-256x300.jpg 256w, https:\/\/www.ornithologies.fr\/blog\/lesoiseauxdumonde\/wp-content\/uploads\/sites\/4\/fischeri-opaline-serie-bleue-271x317.jpg 271w\" sizes=\"auto, (max-width: 555px) 100vw, 555px\" \/><\/a>\n\t\t\t<\/dt>\n\t\t\t\t<dd class='wp-caption-text gallery-caption' id='gallery-1-1705'>\n\t\t\t\tAgapornis fischeri opaline s\u00e9rie bleue\n\t\t\t\t<\/dd><\/dl><dl class='gallery-item'>\n\t\t\t<dt class='gallery-icon portrait'>\n\t\t\t\t<a href='https:\/\/www.ornithologies.fr\/blog\/lesoiseauxdumonde\/wp-content\/uploads\/sites\/4\/fischeri-euwing-opaline-vert-fonce-1.jpg' rel=\"lightbox[1688]\"><img loading=\"lazy\" decoding=\"async\" width=\"555\" height=\"650\" src=\"https:\/\/www.ornithologies.fr\/blog\/lesoiseauxdumonde\/wp-content\/uploads\/sites\/4\/fischeri-euwing-opaline-vert-fonce-1.jpg\" class=\"attachment-large size-large\" alt=\"\" aria-describedby=\"gallery-1-1717\" srcset=\"https:\/\/www.ornithologies.fr\/blog\/lesoiseauxdumonde\/wp-content\/uploads\/sites\/4\/fischeri-euwing-opaline-vert-fonce-1.jpg 555w, https:\/\/www.ornithologies.fr\/blog\/lesoiseauxdumonde\/wp-content\/uploads\/sites\/4\/fischeri-euwing-opaline-vert-fonce-1-500x586.jpg 500w, https:\/\/www.ornithologies.fr\/blog\/lesoiseauxdumonde\/wp-content\/uploads\/sites\/4\/fischeri-euwing-opaline-vert-fonce-1-256x300.jpg 256w, https:\/\/www.ornithologies.fr\/blog\/lesoiseauxdumonde\/wp-content\/uploads\/sites\/4\/fischeri-euwing-opaline-vert-fonce-1-271x317.jpg 271w\" sizes=\"auto, (max-width: 555px) 100vw, 555px\" \/><\/a>\n\t\t\t<\/dt>\n\t\t\t\t<dd class='wp-caption-text gallery-caption' id='gallery-1-1717'>\n\t\t\t\tAgapornis fischeri euwing opaline vert fonc\u00e9\n\t\t\t\t<\/dd><\/dl><br style=\"clear: both\" \/>\n\t\t<\/div>\n\n<h5>ODM : quelles mutations d\u00e9tenez-vous ?<\/h5>\n<p>\u00c0 un moment donn\u00e9, j&rsquo;ai vu des photos d&rsquo;oiseaux bleu \u00ab\u00a0turquoise\u00a0\u00bb d&rsquo;Am\u00e9rique et des \u00ab\u00a0opaline\u00a0\u00bb d&rsquo;Indon\u00e9sie. Je suis tomb\u00e9 amoureux d\u2019eux sur le champ\u00a0! Apr\u00e8s une longue recherche, j&rsquo;ai eu la chance d&rsquo;acheter des oiseaux bleu turquoise. Quelques mois plus tard, le m\u00eame \u00e9leveur m\u2019a permis de reprendre quelques opalines. Je me vois plus comme un collectionneur que comme un \u00e9leveur, mais la combinaison de mutations et leur \u00e9levage est de quelque chose qui m&rsquo;a \u00e9norm\u00e9ment s\u00e9duit. J&rsquo;ai maintenant plus de 250 agapornid\u00e9s dans diverses mutations et combinaisons de mutations.<\/p>\n<p>L&rsquo;ann\u00e9e derni\u00e8re, j&rsquo;ai commenc\u00e9 \u00e0 agrandir mon \u00e9levage de mani\u00e8re plus cibl\u00e9e et j&rsquo;ai progressivement cess\u00e9 d\u2019\u00e9lever le pastel, le panach\u00e9 et le gezoomd. Depuis un an et demi, je me concentre sur l\u2019Ins\u00e9parable de Fischer dans les mutations opaline, bleu turquoise, bleu misty, euwing et p\u00e2le fallow. Combiner les mutations est la chose que j&rsquo;aime le plus. Actuellement, le d\u00e9fi que je me suis lanc\u00e9 est d&rsquo;obtenir un oiseau bleu violet p\u00e2le fallow opaline. J&rsquo;ai maintenant quelques m\u00e2les porteurs tr\u00e8s appropri\u00e9s pour l&rsquo;ann\u00e9e prochaine.<\/p>\n<p>Au d\u00e9but, je n\u2019\u00e9tais pas assez organis\u00e9 et j&rsquo;avais certaines combinaisons qui ne donnaient pas le r\u00e9sultat que je voulais.<\/p>\n\n\t\t<style type=\"text\/css\">\n\t\t\t#gallery-2 {\n\t\t\t\tmargin: auto;\n\t\t\t}\n\t\t\t#gallery-2 .gallery-item {\n\t\t\t\tfloat: left;\n\t\t\t\tmargin-top: 10px;\n\t\t\t\ttext-align: center;\n\t\t\t\twidth: 33%;\n\t\t\t}\n\t\t\t#gallery-2 img {\n\t\t\t\tborder: 2px solid #cfcfcf;\n\t\t\t}\n\t\t\t#gallery-2 .gallery-caption {\n\t\t\t\tmargin-left: 0;\n\t\t\t}\n\t\t\t\/* see gallery_shortcode() in wp-includes\/media.php *\/\n\t\t<\/style>\n\t\t<div id='gallery-2' class='gallery galleryid-1688 gallery-columns-3 gallery-size-large'><dl class='gallery-item'>\n\t\t\t<dt class='gallery-icon portrait'>\n\t\t\t\t<a href='https:\/\/www.ornithologies.fr\/blog\/lesoiseauxdumonde\/wp-content\/uploads\/sites\/4\/fischeri-opaline-lutino.jpg' rel=\"lightbox[1688]\"><img loading=\"lazy\" decoding=\"async\" width=\"555\" height=\"650\" src=\"https:\/\/www.ornithologies.fr\/blog\/lesoiseauxdumonde\/wp-content\/uploads\/sites\/4\/fischeri-opaline-lutino.jpg\" class=\"attachment-large size-large\" alt=\"\" aria-describedby=\"gallery-2-1707\" srcset=\"https:\/\/www.ornithologies.fr\/blog\/lesoiseauxdumonde\/wp-content\/uploads\/sites\/4\/fischeri-opaline-lutino.jpg 555w, https:\/\/www.ornithologies.fr\/blog\/lesoiseauxdumonde\/wp-content\/uploads\/sites\/4\/fischeri-opaline-lutino-500x586.jpg 500w, https:\/\/www.ornithologies.fr\/blog\/lesoiseauxdumonde\/wp-content\/uploads\/sites\/4\/fischeri-opaline-lutino-256x300.jpg 256w, https:\/\/www.ornithologies.fr\/blog\/lesoiseauxdumonde\/wp-content\/uploads\/sites\/4\/fischeri-opaline-lutino-271x317.jpg 271w\" sizes=\"auto, (max-width: 555px) 100vw, 555px\" \/><\/a>\n\t\t\t<\/dt>\n\t\t\t\t<dd class='wp-caption-text gallery-caption' id='gallery-2-1707'>\n\t\t\t\tAgapornis fischeri opaline lutinos\n\t\t\t\t<\/dd><\/dl><dl class='gallery-item'>\n\t\t\t<dt class='gallery-icon portrait'>\n\t\t\t\t<a href='https:\/\/www.ornithologies.fr\/blog\/lesoiseauxdumonde\/wp-content\/uploads\/sites\/4\/fischeri-euwing-opaline-violet-simple-facteur.jpg' rel=\"lightbox[1688]\"><img loading=\"lazy\" decoding=\"async\" width=\"555\" height=\"650\" src=\"https:\/\/www.ornithologies.fr\/blog\/lesoiseauxdumonde\/wp-content\/uploads\/sites\/4\/fischeri-euwing-opaline-violet-simple-facteur.jpg\" class=\"attachment-large size-large\" alt=\"\" aria-describedby=\"gallery-2-1709\" srcset=\"https:\/\/www.ornithologies.fr\/blog\/lesoiseauxdumonde\/wp-content\/uploads\/sites\/4\/fischeri-euwing-opaline-violet-simple-facteur.jpg 555w, https:\/\/www.ornithologies.fr\/blog\/lesoiseauxdumonde\/wp-content\/uploads\/sites\/4\/fischeri-euwing-opaline-violet-simple-facteur-500x586.jpg 500w, https:\/\/www.ornithologies.fr\/blog\/lesoiseauxdumonde\/wp-content\/uploads\/sites\/4\/fischeri-euwing-opaline-violet-simple-facteur-256x300.jpg 256w, https:\/\/www.ornithologies.fr\/blog\/lesoiseauxdumonde\/wp-content\/uploads\/sites\/4\/fischeri-euwing-opaline-violet-simple-facteur-271x317.jpg 271w\" sizes=\"auto, (max-width: 555px) 100vw, 555px\" \/><\/a>\n\t\t\t<\/dt>\n\t\t\t\t<dd class='wp-caption-text gallery-caption' id='gallery-2-1709'>\n\t\t\t\tAgapornis fischeri euwing opaline violet simple facteur\n\t\t\t\t<\/dd><\/dl><dl class='gallery-item'>\n\t\t\t<dt class='gallery-icon portrait'>\n\t\t\t\t<a href='https:\/\/www.ornithologies.fr\/blog\/lesoiseauxdumonde\/wp-content\/uploads\/sites\/4\/fischeri-double-facteur-misty-serie-bleue.jpg' rel=\"lightbox[1688]\"><img loading=\"lazy\" decoding=\"async\" width=\"555\" height=\"650\" src=\"https:\/\/www.ornithologies.fr\/blog\/lesoiseauxdumonde\/wp-content\/uploads\/sites\/4\/fischeri-double-facteur-misty-serie-bleue.jpg\" class=\"attachment-large size-large\" alt=\"\" aria-describedby=\"gallery-2-1710\" srcset=\"https:\/\/www.ornithologies.fr\/blog\/lesoiseauxdumonde\/wp-content\/uploads\/sites\/4\/fischeri-double-facteur-misty-serie-bleue.jpg 555w, https:\/\/www.ornithologies.fr\/blog\/lesoiseauxdumonde\/wp-content\/uploads\/sites\/4\/fischeri-double-facteur-misty-serie-bleue-500x586.jpg 500w, https:\/\/www.ornithologies.fr\/blog\/lesoiseauxdumonde\/wp-content\/uploads\/sites\/4\/fischeri-double-facteur-misty-serie-bleue-256x300.jpg 256w, https:\/\/www.ornithologies.fr\/blog\/lesoiseauxdumonde\/wp-content\/uploads\/sites\/4\/fischeri-double-facteur-misty-serie-bleue-271x317.jpg 271w\" sizes=\"auto, (max-width: 555px) 100vw, 555px\" \/><\/a>\n\t\t\t<\/dt>\n\t\t\t\t<dd class='wp-caption-text gallery-caption' id='gallery-2-1710'>\n\t\t\t\tAgapornis fischeri double facteur misty s\u00e9rie bleue\n\t\t\t\t<\/dd><\/dl><br style=\"clear: both\" \/><dl class='gallery-item'>\n\t\t\t<dt class='gallery-icon portrait'>\n\t\t\t\t<a href='https:\/\/www.ornithologies.fr\/blog\/lesoiseauxdumonde\/wp-content\/uploads\/sites\/4\/fischeri-fallow-bleu-et-turquoise-porteur-de-fallow.jpg' rel=\"lightbox[1688]\"><img loading=\"lazy\" decoding=\"async\" width=\"555\" height=\"650\" src=\"https:\/\/www.ornithologies.fr\/blog\/lesoiseauxdumonde\/wp-content\/uploads\/sites\/4\/fischeri-fallow-bleu-et-turquoise-porteur-de-fallow.jpg\" class=\"attachment-large size-large\" alt=\"\" aria-describedby=\"gallery-2-1711\" srcset=\"https:\/\/www.ornithologies.fr\/blog\/lesoiseauxdumonde\/wp-content\/uploads\/sites\/4\/fischeri-fallow-bleu-et-turquoise-porteur-de-fallow.jpg 555w, https:\/\/www.ornithologies.fr\/blog\/lesoiseauxdumonde\/wp-content\/uploads\/sites\/4\/fischeri-fallow-bleu-et-turquoise-porteur-de-fallow-500x586.jpg 500w, https:\/\/www.ornithologies.fr\/blog\/lesoiseauxdumonde\/wp-content\/uploads\/sites\/4\/fischeri-fallow-bleu-et-turquoise-porteur-de-fallow-256x300.jpg 256w, https:\/\/www.ornithologies.fr\/blog\/lesoiseauxdumonde\/wp-content\/uploads\/sites\/4\/fischeri-fallow-bleu-et-turquoise-porteur-de-fallow-271x317.jpg 271w\" sizes=\"auto, (max-width: 555px) 100vw, 555px\" \/><\/a>\n\t\t\t<\/dt>\n\t\t\t\t<dd class='wp-caption-text gallery-caption' id='gallery-2-1711'>\n\t\t\t\tAgapornis fischeri fallow bleu et turquoise porteur de fallow\n\t\t\t\t<\/dd><\/dl><dl class='gallery-item'>\n\t\t\t<dt class='gallery-icon portrait'>\n\t\t\t\t<a href='https:\/\/www.ornithologies.fr\/blog\/lesoiseauxdumonde\/wp-content\/uploads\/sites\/4\/fischeri-fallow-serie-bleue.jpg' rel=\"lightbox[1688]\"><img loading=\"lazy\" decoding=\"async\" width=\"556\" height=\"650\" src=\"https:\/\/www.ornithologies.fr\/blog\/lesoiseauxdumonde\/wp-content\/uploads\/sites\/4\/fischeri-fallow-serie-bleue.jpg\" class=\"attachment-large size-large\" alt=\"\" aria-describedby=\"gallery-2-1712\" srcset=\"https:\/\/www.ornithologies.fr\/blog\/lesoiseauxdumonde\/wp-content\/uploads\/sites\/4\/fischeri-fallow-serie-bleue.jpg 556w, https:\/\/www.ornithologies.fr\/blog\/lesoiseauxdumonde\/wp-content\/uploads\/sites\/4\/fischeri-fallow-serie-bleue-500x585.jpg 500w, https:\/\/www.ornithologies.fr\/blog\/lesoiseauxdumonde\/wp-content\/uploads\/sites\/4\/fischeri-fallow-serie-bleue-257x300.jpg 257w, https:\/\/www.ornithologies.fr\/blog\/lesoiseauxdumonde\/wp-content\/uploads\/sites\/4\/fischeri-fallow-serie-bleue-271x317.jpg 271w\" sizes=\"auto, (max-width: 556px) 100vw, 556px\" \/><\/a>\n\t\t\t<\/dt>\n\t\t\t\t<dd class='wp-caption-text gallery-caption' id='gallery-2-1712'>\n\t\t\t\tAgapornis fischeri fallow s\u00e9rie bleue\n\t\t\t\t<\/dd><\/dl><dl class='gallery-item'>\n\t\t\t<dt class='gallery-icon portrait'>\n\t\t\t\t<a href='https:\/\/www.ornithologies.fr\/blog\/lesoiseauxdumonde\/wp-content\/uploads\/sites\/4\/fischeri-euwing-opaline-vert-fonce.jpg' rel=\"lightbox[1688]\"><img loading=\"lazy\" decoding=\"async\" width=\"555\" height=\"650\" src=\"https:\/\/www.ornithologies.fr\/blog\/lesoiseauxdumonde\/wp-content\/uploads\/sites\/4\/fischeri-euwing-opaline-vert-fonce.jpg\" class=\"attachment-large size-large\" alt=\"\" aria-describedby=\"gallery-2-1713\" srcset=\"https:\/\/www.ornithologies.fr\/blog\/lesoiseauxdumonde\/wp-content\/uploads\/sites\/4\/fischeri-euwing-opaline-vert-fonce.jpg 555w, https:\/\/www.ornithologies.fr\/blog\/lesoiseauxdumonde\/wp-content\/uploads\/sites\/4\/fischeri-euwing-opaline-vert-fonce-500x586.jpg 500w, https:\/\/www.ornithologies.fr\/blog\/lesoiseauxdumonde\/wp-content\/uploads\/sites\/4\/fischeri-euwing-opaline-vert-fonce-256x300.jpg 256w, https:\/\/www.ornithologies.fr\/blog\/lesoiseauxdumonde\/wp-content\/uploads\/sites\/4\/fischeri-euwing-opaline-vert-fonce-271x317.jpg 271w\" sizes=\"auto, (max-width: 555px) 100vw, 555px\" \/><\/a>\n\t\t\t<\/dt>\n\t\t\t\t<dd class='wp-caption-text gallery-caption' id='gallery-2-1713'>\n\t\t\t\tAgapornis fischeri euwing opaline vert fonc\u00e9\n\t\t\t\t<\/dd><\/dl><br style=\"clear: both\" \/><dl class='gallery-item'>\n\t\t\t<dt class='gallery-icon portrait'>\n\t\t\t\t<a href='https:\/\/www.ornithologies.fr\/blog\/lesoiseauxdumonde\/wp-content\/uploads\/sites\/4\/fischeri-euwing-opaline-bleu-violet-sf.jpg' rel=\"lightbox[1688]\"><img loading=\"lazy\" decoding=\"async\" width=\"555\" height=\"650\" src=\"https:\/\/www.ornithologies.fr\/blog\/lesoiseauxdumonde\/wp-content\/uploads\/sites\/4\/fischeri-euwing-opaline-bleu-violet-sf.jpg\" class=\"attachment-large size-large\" alt=\"\" aria-describedby=\"gallery-2-1714\" srcset=\"https:\/\/www.ornithologies.fr\/blog\/lesoiseauxdumonde\/wp-content\/uploads\/sites\/4\/fischeri-euwing-opaline-bleu-violet-sf.jpg 555w, https:\/\/www.ornithologies.fr\/blog\/lesoiseauxdumonde\/wp-content\/uploads\/sites\/4\/fischeri-euwing-opaline-bleu-violet-sf-500x586.jpg 500w, https:\/\/www.ornithologies.fr\/blog\/lesoiseauxdumonde\/wp-content\/uploads\/sites\/4\/fischeri-euwing-opaline-bleu-violet-sf-256x300.jpg 256w, https:\/\/www.ornithologies.fr\/blog\/lesoiseauxdumonde\/wp-content\/uploads\/sites\/4\/fischeri-euwing-opaline-bleu-violet-sf-271x317.jpg 271w\" sizes=\"auto, (max-width: 555px) 100vw, 555px\" \/><\/a>\n\t\t\t<\/dt>\n\t\t\t\t<dd class='wp-caption-text gallery-caption' id='gallery-2-1714'>\n\t\t\t\tAgapornis fischeri euwing opaline bleu violet simple facteur\n\t\t\t\t<\/dd><\/dl><dl class='gallery-item'>\n\t\t\t<dt class='gallery-icon portrait'>\n\t\t\t\t<a href='https:\/\/www.ornithologies.fr\/blog\/lesoiseauxdumonde\/wp-content\/uploads\/sites\/4\/fischeri-euwing-bleu.jpg' rel=\"lightbox[1688]\"><img loading=\"lazy\" decoding=\"async\" width=\"555\" height=\"650\" src=\"https:\/\/www.ornithologies.fr\/blog\/lesoiseauxdumonde\/wp-content\/uploads\/sites\/4\/fischeri-euwing-bleu.jpg\" class=\"attachment-large size-large\" alt=\"\" aria-describedby=\"gallery-2-1715\" srcset=\"https:\/\/www.ornithologies.fr\/blog\/lesoiseauxdumonde\/wp-content\/uploads\/sites\/4\/fischeri-euwing-bleu.jpg 555w, https:\/\/www.ornithologies.fr\/blog\/lesoiseauxdumonde\/wp-content\/uploads\/sites\/4\/fischeri-euwing-bleu-500x586.jpg 500w, https:\/\/www.ornithologies.fr\/blog\/lesoiseauxdumonde\/wp-content\/uploads\/sites\/4\/fischeri-euwing-bleu-256x300.jpg 256w, https:\/\/www.ornithologies.fr\/blog\/lesoiseauxdumonde\/wp-content\/uploads\/sites\/4\/fischeri-euwing-bleu-271x317.jpg 271w\" sizes=\"auto, (max-width: 555px) 100vw, 555px\" \/><\/a>\n\t\t\t<\/dt>\n\t\t\t\t<dd class='wp-caption-text gallery-caption' id='gallery-2-1715'>\n\t\t\t\tAgapornis fischeri euwing bleu\n\t\t\t\t<\/dd><\/dl><dl class='gallery-item'>\n\t\t\t<dt class='gallery-icon portrait'>\n\t\t\t\t<a href='https:\/\/www.ornithologies.fr\/blog\/lesoiseauxdumonde\/wp-content\/uploads\/sites\/4\/fischeri-euwing-opaline-edged-simple-facteur-serie-verte.jpg' rel=\"lightbox[1688]\"><img loading=\"lazy\" decoding=\"async\" width=\"555\" height=\"650\" src=\"https:\/\/www.ornithologies.fr\/blog\/lesoiseauxdumonde\/wp-content\/uploads\/sites\/4\/fischeri-euwing-opaline-edged-simple-facteur-serie-verte.jpg\" class=\"attachment-large size-large\" alt=\"\" aria-describedby=\"gallery-2-1716\" srcset=\"https:\/\/www.ornithologies.fr\/blog\/lesoiseauxdumonde\/wp-content\/uploads\/sites\/4\/fischeri-euwing-opaline-edged-simple-facteur-serie-verte.jpg 555w, https:\/\/www.ornithologies.fr\/blog\/lesoiseauxdumonde\/wp-content\/uploads\/sites\/4\/fischeri-euwing-opaline-edged-simple-facteur-serie-verte-500x586.jpg 500w, https:\/\/www.ornithologies.fr\/blog\/lesoiseauxdumonde\/wp-content\/uploads\/sites\/4\/fischeri-euwing-opaline-edged-simple-facteur-serie-verte-256x300.jpg 256w, https:\/\/www.ornithologies.fr\/blog\/lesoiseauxdumonde\/wp-content\/uploads\/sites\/4\/fischeri-euwing-opaline-edged-simple-facteur-serie-verte-271x317.jpg 271w\" sizes=\"auto, (max-width: 555px) 100vw, 555px\" \/><\/a>\n\t\t\t<\/dt>\n\t\t\t\t<dd class='wp-caption-text gallery-caption' id='gallery-2-1716'>\n\t\t\t\tAgapornis fischeri euwing opaline edged simple facteur s\u00e9rie verte\n\t\t\t\t<\/dd><\/dl><br style=\"clear: both\" \/>\n\t\t<\/div>\n\n<p>En lisant la litt\u00e9rature \u00e0 propos des mutations et de leur transmission, et en posant de nombreuses questions aux \u00e9leveurs confirm\u00e9s ayant beaucoup plus d&rsquo;exp\u00e9rience que moi, j&rsquo;ai beaucoup appris \u00e0 ce sujet. Je ne fais plus les erreurs que j&rsquo;ai commises, par exemple, gezoomd x euwing ou opaline x panach\u00e9 ou violet x misty. Lors de l&rsquo;achat d&rsquo;oiseaux, je suis devenu beaucoup plus critique. Je porte une attention particuli\u00e8re \u00e0 la taille et \u00e0 la couleur.<\/p>\n<p>Parce que j&rsquo;aime aussi beaucoup les personata, j&rsquo;ai dix couples de cette esp\u00e8ce en bleu turquoise, hupp\u00e9s et euwing.<\/p>\n<p>&nbsp;<\/p>\n<table>\n<tbody>\n<tr>\n<td>\n<h3><a href=\"https:\/\/www.ornithologies.fr\/blog\/lesoiseauxdumonde\/sommaire-du-mois-de-mai-2020\/\"><img loading=\"lazy\" decoding=\"async\" class=\"alignleft wp-image-1639 size-thumbnail\" src=\"https:\/\/www.ornithologies.fr\/blog\/lesoiseauxdumonde\/wp-content\/uploads\/sites\/4\/ODM0520-116x150.png\" alt=\"\" width=\"116\" height=\"150\" \/><\/a>Retrouvez cet article et bien d&rsquo;autres<\/h3>\n<h6>dans la revue Les Oiseaux du Monde n\u00b0<a href=\"https:\/\/www.ornithologies.fr\/blog\/lesoiseauxdumonde\/sommaire-du-mois-de-mai-2020\/\">377<\/a> &#8211; Mai 2020<\/h6>\n<h5>chaque mois les Oiseaux du Monde viennent nicher dans votre boite \u00e0 lettres.<\/h5>\n<h6>POUR NE PAS EN PERDRE UNE MIETTE, <a href=\"https:\/\/www.ornithologies.fr\/blog\/lesoiseauxdumonde\/abonnez-vous\/\">ABONNEZ-VOUS<\/a> !<\/h6>\n<\/td>\n<\/tr>\n<\/tbody>\n<\/table>\n<p>&nbsp;<\/p>\n<div id=\"attachment_1691\" style=\"width: 335px\" class=\"wp-caption alignleft\"><a href=\"https:\/\/www.ornithologies.fr\/blog\/lesoiseauxdumonde\/wp-content\/uploads\/sites\/4\/batterie-delevage-piece-chauffee-avec-cages.jpg\" rel=\"lightbox[1688]\"><img loading=\"lazy\" decoding=\"async\" aria-describedby=\"caption-attachment-1691\" class=\"wp-image-1691\" src=\"https:\/\/www.ornithologies.fr\/blog\/lesoiseauxdumonde\/wp-content\/uploads\/sites\/4\/batterie-delevage-piece-chauffee-avec-cages-300x225.jpg\" alt=\"\" width=\"335\" height=\"251\" srcset=\"https:\/\/www.ornithologies.fr\/blog\/lesoiseauxdumonde\/wp-content\/uploads\/sites\/4\/batterie-delevage-piece-chauffee-avec-cages-300x225.jpg 300w, https:\/\/www.ornithologies.fr\/blog\/lesoiseauxdumonde\/wp-content\/uploads\/sites\/4\/batterie-delevage-piece-chauffee-avec-cages-500x375.jpg 500w, https:\/\/www.ornithologies.fr\/blog\/lesoiseauxdumonde\/wp-content\/uploads\/sites\/4\/batterie-delevage-piece-chauffee-avec-cages-768x576.jpg 768w, https:\/\/www.ornithologies.fr\/blog\/lesoiseauxdumonde\/wp-content\/uploads\/sites\/4\/batterie-delevage-piece-chauffee-avec-cages-600x450.jpg 600w, https:\/\/www.ornithologies.fr\/blog\/lesoiseauxdumonde\/wp-content\/uploads\/sites\/4\/batterie-delevage-piece-chauffee-avec-cages-423x317.jpg 423w, https:\/\/www.ornithologies.fr\/blog\/lesoiseauxdumonde\/wp-content\/uploads\/sites\/4\/batterie-delevage-piece-chauffee-avec-cages.jpg 960w\" sizes=\"auto, (max-width: 335px) 100vw, 335px\" \/><\/a><p id=\"caption-attachment-1691\" class=\"wp-caption-text\">Batteries \u00e0 \u00e9clairage LED<\/p><\/div>\n<div id=\"attachment_1692\" style=\"width: 225px\" class=\"wp-caption alignright\"><a href=\"https:\/\/www.ornithologies.fr\/blog\/lesoiseauxdumonde\/wp-content\/uploads\/sites\/4\/piece-delevage.jpg\" rel=\"lightbox[1688]\"><img loading=\"lazy\" decoding=\"async\" aria-describedby=\"caption-attachment-1692\" class=\"wp-image-1692 size-medium\" src=\"https:\/\/www.ornithologies.fr\/blog\/lesoiseauxdumonde\/wp-content\/uploads\/sites\/4\/piece-delevage-225x300.jpg\" alt=\"\" width=\"225\" height=\"300\" srcset=\"https:\/\/www.ornithologies.fr\/blog\/lesoiseauxdumonde\/wp-content\/uploads\/sites\/4\/piece-delevage-225x300.jpg 225w, https:\/\/www.ornithologies.fr\/blog\/lesoiseauxdumonde\/wp-content\/uploads\/sites\/4\/piece-delevage-485x647.jpg 485w, https:\/\/www.ornithologies.fr\/blog\/lesoiseauxdumonde\/wp-content\/uploads\/sites\/4\/piece-delevage-600x800.jpg 600w, https:\/\/www.ornithologies.fr\/blog\/lesoiseauxdumonde\/wp-content\/uploads\/sites\/4\/piece-delevage-238x317.jpg 238w, https:\/\/www.ornithologies.fr\/blog\/lesoiseauxdumonde\/wp-content\/uploads\/sites\/4\/piece-delevage.jpg 720w\" sizes=\"auto, (max-width: 225px) 100vw, 225px\" \/><\/a><p id=\"caption-attachment-1692\" class=\"wp-caption-text\">Salle d&rsquo;\u00e9levage<\/p><\/div>\n<h5>ODM : pouvez-vous nous d\u00e9crire vos installations ?<\/h5>\n<p>J&rsquo;\u00e9l\u00e8ve en moyenne 45 couples par tour dans les cages d&rsquo;\u00e9levage et dans les voli\u00e8res.<\/p>\n<p>Je dispose de 50 cages d&rsquo;\u00e9levage et 20 voli\u00e8res. Les cages d&rsquo;\u00e9levage mesurent 125 x 50 x 50 cm, les voli\u00e8res 300 x 100 x 200 cm et 200 x 100 x 200 cm. Toutes mes cages d&rsquo;\u00e9levage sont \u00e9quip\u00e9es de lumi\u00e8re LED. D&rsquo;apr\u00e8s mon exp\u00e9rience, certains oiseaux r\u00e9ussissent mieux en colonie et certains pr\u00e9f\u00e8rent se reproduire dans des cages d&rsquo;\u00e9levage. Il y a une hi\u00e9rarchie dans une colonie. Certains oiseaux ne s\u2019accouplent pas et cr\u00e9ent beaucoup d&rsquo;agitation. Cette agitation m\u00e8ne souvent \u00e0 une bagarre, qui se traduit par des oiseaux bless\u00e9s.<\/p>\n<div id=\"attachment_1718\" style=\"width: 256px\" class=\"wp-caption alignleft\"><a href=\"https:\/\/www.ornithologies.fr\/blog\/lesoiseauxdumonde\/wp-content\/uploads\/sites\/4\/personata-euwing-turquoise.jpg\" rel=\"lightbox[1688]\"><img loading=\"lazy\" decoding=\"async\" aria-describedby=\"caption-attachment-1718\" class=\"wp-image-1718 size-medium\" src=\"https:\/\/www.ornithologies.fr\/blog\/lesoiseauxdumonde\/wp-content\/uploads\/sites\/4\/personata-euwing-turquoise-256x300.jpg\" alt=\"\" width=\"256\" height=\"300\" srcset=\"https:\/\/www.ornithologies.fr\/blog\/lesoiseauxdumonde\/wp-content\/uploads\/sites\/4\/personata-euwing-turquoise-256x300.jpg 256w, https:\/\/www.ornithologies.fr\/blog\/lesoiseauxdumonde\/wp-content\/uploads\/sites\/4\/personata-euwing-turquoise-500x586.jpg 500w, https:\/\/www.ornithologies.fr\/blog\/lesoiseauxdumonde\/wp-content\/uploads\/sites\/4\/personata-euwing-turquoise-271x317.jpg 271w, https:\/\/www.ornithologies.fr\/blog\/lesoiseauxdumonde\/wp-content\/uploads\/sites\/4\/personata-euwing-turquoise.jpg 555w\" sizes=\"auto, (max-width: 256px) 100vw, 256px\" \/><\/a><p id=\"caption-attachment-1718\" class=\"wp-caption-text\">Ins\u00e9parable masqu\u00e9 euwing turquoise<\/p><\/div>\n<h5>ODM : comment organisez-vous votre \u00e9levage en p\u00e9riode de reproduction ?<\/h5>\n<p>Avant de commencer l&rsquo;\u00e9levage dans une voli\u00e8re, j&rsquo;ai r\u00e9uni quatre couples dans une grande voli\u00e8re de 125 cm de large, 2 m de haut et 3 m de long. L\u00e0, je suspends dix nids. Il est important que les quatre couples s&rsquo;acceptent et je m&rsquo;assure \u00e9galement que les couples ne se disputent pas constamment en se poursuivant. Cela n\u00e9cessite une bonne observation. Parce que la voli\u00e8re d&rsquo;observation est visible de chez moi, je peux garder un \u0153il sur les oiseaux toute la journ\u00e9e.<\/p>\n<p>Ce qui est \u00e9galement important, c&rsquo;est que j\u2019organise de mani\u00e8re cibl\u00e9e chaque voli\u00e8re. Par exemple, je m&rsquo;assure de mettre ensemble quatre m\u00e2les opaline vert et quatre femelles bleu euwing ensemble. De cette fa\u00e7on, je sais avec certitude que les femelles bleu euwing sont oblig\u00e9es de s&rsquo;associer avec les m\u00e2les opaline et j\u2019\u00e9vite des couples bleu euwing x bleu euwing. Autre exemple\u00a0: je constitue une colonie de quatre couples albinos x porteur en m\u2019assurant que les albinos sont tous des m\u00e2les et les porteurs tous des femelles &#8230; De cette fa\u00e7on je suis s\u00fbr de ne pas avoir des couples albinos x albinos.<\/p>\n<div id=\"attachment_1719\" style=\"width: 257px\" class=\"wp-caption alignright\"><a href=\"https:\/\/www.ornithologies.fr\/blog\/lesoiseauxdumonde\/wp-content\/uploads\/sites\/4\/personata-huppe-panache-violet.jpg\" rel=\"lightbox[1688]\"><img loading=\"lazy\" decoding=\"async\" aria-describedby=\"caption-attachment-1719\" class=\"wp-image-1719 size-medium\" src=\"https:\/\/www.ornithologies.fr\/blog\/lesoiseauxdumonde\/wp-content\/uploads\/sites\/4\/personata-huppe-panache-violet-257x300.jpg\" alt=\"\" width=\"257\" height=\"300\" srcset=\"https:\/\/www.ornithologies.fr\/blog\/lesoiseauxdumonde\/wp-content\/uploads\/sites\/4\/personata-huppe-panache-violet-257x300.jpg 257w, https:\/\/www.ornithologies.fr\/blog\/lesoiseauxdumonde\/wp-content\/uploads\/sites\/4\/personata-huppe-panache-violet-500x585.jpg 500w, https:\/\/www.ornithologies.fr\/blog\/lesoiseauxdumonde\/wp-content\/uploads\/sites\/4\/personata-huppe-panache-violet-271x317.jpg 271w, https:\/\/www.ornithologies.fr\/blog\/lesoiseauxdumonde\/wp-content\/uploads\/sites\/4\/personata-huppe-panache-violet.jpg 556w\" sizes=\"auto, (max-width: 257px) 100vw, 257px\" \/><\/a><p id=\"caption-attachment-1719\" class=\"wp-caption-text\">Ins\u00e9parable masqu\u00e9 hupp\u00e9 panach\u00e9 violet<\/p><\/div>\n<p>Si \u00e0 un moment donn\u00e9, les quatre couples d\u2019une voli\u00e8re se retrouvent dans un nichoir de nuit et \u00e9voluent en paix au cours de la journ\u00e9e, je les d\u00e9place vers une autre voli\u00e8re un peu plus petite de 1 m\u00e8tre de large, 3 m\u00e8tres de long et 2 m\u00e8tres de haut. Je rajoute ensuite une couche de sciure et une poign\u00e9e de paille dans les nids. Dans la voli\u00e8re, j&rsquo;accroche aussi des branches fra\u00eeches de saule. Pendant la p\u00e9riode de reproduction dans la voli\u00e8re, je m&rsquo;assure qu&rsquo;il y a plusieurs mangeoires et abreuvoirs pour \u00e9viter une bagarre et m\u2019assurer que les oiseaux moins dominants peuvent aussi bien manger et bien boire. Il est \u00e9galement important qu&rsquo;il y ait de nombreux perchoirs pour que chaque couple ait sa propre place. J\u2019autorise chaque couple \u00e0 se reproduire au maximum 2 fois. En 2018, pour mettre tous mes oiseaux en parfait \u00e9tat, j&rsquo;ai m\u00eame supprim\u00e9 le 2\u00e8me tour. En 2019, cela s&rsquo;est traduit par un tr\u00e8s bon 1er cycle de reproduction dans lequel presque tous les oiseaux avaient des nids de 5 \u00e0 7 jeunes. Je pense qu&rsquo;il est tr\u00e8s important qu&rsquo;apr\u00e8s 2 tours mes oiseaux se reposent pendant plus de 5 mois.<\/p>\n<div id=\"attachment_1694\" style=\"width: 223px\" class=\"wp-caption alignleft\"><a href=\"https:\/\/www.ornithologies.fr\/blog\/lesoiseauxdumonde\/wp-content\/uploads\/sites\/4\/nourriture.jpg\" rel=\"lightbox[1688]\"><img loading=\"lazy\" decoding=\"async\" aria-describedby=\"caption-attachment-1694\" class=\"wp-image-1694 size-medium\" src=\"https:\/\/www.ornithologies.fr\/blog\/lesoiseauxdumonde\/wp-content\/uploads\/sites\/4\/nourriture-223x300.jpg\" alt=\"\" width=\"223\" height=\"300\" srcset=\"https:\/\/www.ornithologies.fr\/blog\/lesoiseauxdumonde\/wp-content\/uploads\/sites\/4\/nourriture-223x300.jpg 223w, https:\/\/www.ornithologies.fr\/blog\/lesoiseauxdumonde\/wp-content\/uploads\/sites\/4\/nourriture-481x647.jpg 481w, https:\/\/www.ornithologies.fr\/blog\/lesoiseauxdumonde\/wp-content\/uploads\/sites\/4\/nourriture-600x807.jpg 600w, https:\/\/www.ornithologies.fr\/blog\/lesoiseauxdumonde\/wp-content\/uploads\/sites\/4\/nourriture-236x317.jpg 236w, https:\/\/www.ornithologies.fr\/blog\/lesoiseauxdumonde\/wp-content\/uploads\/sites\/4\/nourriture.jpg 714w\" sizes=\"auto, (max-width: 223px) 100vw, 223px\" \/><\/a><p id=\"caption-attachment-1694\" class=\"wp-caption-text\">La p\u00e2t\u00e9e \u00e9labor\u00e9e par Sel Oz pour ses ins\u00e9parables<\/p><\/div>\n<h5>ODM : quelle nourriture distribuez-vous \u00e0 vous oiseaux ?<\/h5>\n<p>En termes de nutrition, j&rsquo;ai essay\u00e9 diff\u00e9rentes marques. Mes oiseaux semblent appr\u00e9cier davantage les marques Teurling, Jos van Himbergen ou Danieel Broking. Ils re\u00e7oivent quotidiennement un bol de teurling229. De plus, je donne un m\u00e9lange de perle imbib\u00e9e de p\u00e2t\u00e9e aux \u0153ufs Quicko, de graines germ\u00e9es, de p\u00e2t\u00e9e pour insectivores\u00a0; j&rsquo;ajoute de la spiruline calcique et des multivitamines tous les jours. Dans chaque cage, j&rsquo;accroche un os de seiche. L&rsquo;eau potable quotidienne propre est une \u00e9vidence.<\/p>\n<p>Pour ce qui est des traitements, je vermifuge mes oiseaux une fois par an et j&rsquo;essaie de m&rsquo;en \u00e9loigner davantage car je ne suis pas pour en donner aux oiseaux \u00e0 titre pr\u00e9ventif.<\/p>\n","protected":false},"excerpt":{"rendered":"<p style=\"text-align: right;\">par Lionel Durochat<br \/> Photos Sel Oz<\/p>\n<h6>Oiseaux du Monde n\u00b0377 &#8211; Mai 2020<\/h6>\n<h5>ODM : bonjour Monsieur Oz, pouvez-vous vous pr\u00e9senter \u00e0 nos lecteurs\u00a0?<\/h5>\n<p>Je m&rsquo;appelle Sel, je vis avec mon partenaire Elfriede dans un petit village appel\u00e9 Menaam. J&rsquo;ai un grand amour pour les animaux depuis mon plus jeune \u00e2ge. Enfant, &hellip; <\/p>\n<p><a class=\"more-link btn\" href=\"https:\/\/www.ornithologies.fr\/blog\/lesoiseauxdumonde\/sel-oz-et-ses-mutations\/\">Lire la suite<\/a><\/p>\n","protected":false},"author":1,"featured_media":1695,"comment_status":"open","ping_status":"open","sticky":false,"template":"","format":"standard","meta":{"footnotes":""},"categories":[48,79],"tags":[972,1007,110,1031,698,154,345,1032,3,131,56,183],"class_list":["post-1688","post","type-post","status-publish","format-standard","has-post-thumbnail","hentry","category-article","category-psittacom","tag-972","tag-1007","tag-agapornis","tag-batterie","tag-inseparable-de-fischer","tag-inseparable-masque","tag-installation","tag-led","tag-mai","tag-mutations","tag-nourriture","tag-voliere","nodate","item-wrap"],"_links":{"self":[{"href":"https:\/\/www.ornithologies.fr\/blog\/lesoiseauxdumonde\/wp-json\/wp\/v2\/posts\/1688","targetHints":{"allow":["GET"]}}],"collection":[{"href":"https:\/\/www.ornithologies.fr\/blog\/lesoiseauxdumonde\/wp-json\/wp\/v2\/posts"}],"about":[{"href":"https:\/\/www.ornithologies.fr\/blog\/lesoiseauxdumonde\/wp-json\/wp\/v2\/types\/post"}],"author":[{"embeddable":true,"href":"https:\/\/www.ornithologies.fr\/blog\/lesoiseauxdumonde\/wp-json\/wp\/v2\/users\/1"}],"replies":[{"embeddable":true,"href":"https:\/\/www.ornithologies.fr\/blog\/lesoiseauxdumonde\/wp-json\/wp\/v2\/comments?post=1688"}],"version-history":[{"count":0,"href":"https:\/\/www.ornithologies.fr\/blog\/lesoiseauxdumonde\/wp-json\/wp\/v2\/posts\/1688\/revisions"}],"wp:featuredmedia":[{"embeddable":true,"href":"https:\/\/www.ornithologies.fr\/blog\/lesoiseauxdumonde\/wp-json\/wp\/v2\/media\/1695"}],"wp:attachment":[{"href":"https:\/\/www.ornithologies.fr\/blog\/lesoiseauxdumonde\/wp-json\/wp\/v2\/media?parent=1688"}],"wp:term":[{"taxonomy":"category","embeddable":true,"href":"https:\/\/www.ornithologies.fr\/blog\/lesoiseauxdumonde\/wp-json\/wp\/v2\/categories?post=1688"},{"taxonomy":"post_tag","embeddable":true,"href":"https:\/\/www.ornithologies.fr\/blog\/lesoiseauxdumonde\/wp-json\/wp\/v2\/tags?post=1688"}],"curies":[{"name":"wp","href":"https:\/\/api.w.org\/{rel}","templated":true}]}}