{"id":1349,"date":"2018-10-19T13:20:28","date_gmt":"2018-10-19T11:20:28","guid":{"rendered":"http:\/\/www.ornithologies.fr\/blog\/lesoiseauxdumonde\/?p=1349"},"modified":"2024-05-18T11:41:32","modified_gmt":"2024-05-18T09:41:32","slug":"lelevage-de-la-grive-musicienne","status":"publish","type":"post","link":"https:\/\/www.ornithologies.fr\/blog\/lesoiseauxdumonde\/lelevage-de-la-grive-musicienne\/","title":{"rendered":"L\u2019\u00e9levage de la Grive musicienne"},"content":{"rendered":"<div id=\"attachment_1359\" style=\"width: 300px\" class=\"wp-caption alignleft\"><img loading=\"lazy\" decoding=\"async\" aria-describedby=\"caption-attachment-1359\" class=\"wp-image-1359 size-medium\" src=\"https:\/\/www.ornithologies.fr\/blog\/lesoiseauxdumonde\/wp-content\/uploads\/sites\/4\/grive-musicienne-brune-nid-avec-jeunes-Photo-et-elevage-Jean-Luc-Berbudeau-300x226.jpg\" alt=\"\" width=\"300\" height=\"226\" srcset=\"https:\/\/www.ornithologies.fr\/blog\/lesoiseauxdumonde\/wp-content\/uploads\/sites\/4\/grive-musicienne-brune-nid-avec-jeunes-Photo-et-elevage-Jean-Luc-Berbudeau-300x226.jpg 300w, https:\/\/www.ornithologies.fr\/blog\/lesoiseauxdumonde\/wp-content\/uploads\/sites\/4\/grive-musicienne-brune-nid-avec-jeunes-Photo-et-elevage-Jean-Luc-Berbudeau-500x376.jpg 500w, https:\/\/www.ornithologies.fr\/blog\/lesoiseauxdumonde\/wp-content\/uploads\/sites\/4\/grive-musicienne-brune-nid-avec-jeunes-Photo-et-elevage-Jean-Luc-Berbudeau-768x578.jpg 768w, https:\/\/www.ornithologies.fr\/blog\/lesoiseauxdumonde\/wp-content\/uploads\/sites\/4\/grive-musicienne-brune-nid-avec-jeunes-Photo-et-elevage-Jean-Luc-Berbudeau.jpg 1024w, https:\/\/www.ornithologies.fr\/blog\/lesoiseauxdumonde\/wp-content\/uploads\/sites\/4\/grive-musicienne-brune-nid-avec-jeunes-Photo-et-elevage-Jean-Luc-Berbudeau-600x452.jpg 600w, https:\/\/www.ornithologies.fr\/blog\/lesoiseauxdumonde\/wp-content\/uploads\/sites\/4\/grive-musicienne-brune-nid-avec-jeunes-Photo-et-elevage-Jean-Luc-Berbudeau-960x723.jpg 960w\" sizes=\"auto, (max-width: 300px) 100vw, 300px\" \/><p id=\"caption-attachment-1359\" class=\"wp-caption-text\">Femelle Grive musicienne brune couvant ses \u0153ufs dans le box de reproduction [\u00a9 Jean-Luc Berbudeau]<\/p><\/div>\n<h4 style=\"text-align: left;\">(<em>Turdus philomelos<\/em>)<\/h4>\n<h2 style=\"text-align: right;\">Bruno AMICO<br \/>\n<em>Eleveur capacitaire et membre de l\u2019Oiseau Club d\u2019ISTRES et du Club Technique ICC France<\/em><\/h2>\n<h6>Oiseaux du Monde n\u00b0358 &#8211; Juin-Juillet 2018<\/h6>\n<h5>Pour ce qui me concerne, l\u2019\u00e9levage des oiseaux est la continuit\u00e9 d\u2019une passion, une passion g\u00e9n\u00e9r\u00e9e par une observation assidue des sp\u00e9cimens dans la nature et par la transmission des informations inter g\u00e9n\u00e9rations. Ainsi j\u2019ai la joie de vous transmettre \u00e0 mon tour les bases et techniques d\u2019\u00e9levage pour celles et ceux qui se lanceraient dans une tentative d\u2019\u00e9levage de la grive musicienne.<\/h5>\n<h3>Descriptif et caract\u00e9ristiques\u00a0:<\/h3>\n<p>Chez l\u2019adulte, le plumage des m\u00e2les et des femelles est identique\u00a0: dos brun olive, poitrine et ventre blanc, mouchet\u00e9 de t\u00e2ches brunes, couvertures alaires grandes et m\u00e9dianes subitement rouss\u00e2tres \u00e0 la pointe, flanc blanc rouss\u00e2tre, rectrices brun olive, dessous de la queue blanc-cr\u00e8me.\u00a0 Le bec est noir, et la base inf\u00e9rieure est jaun\u00e2tre. Les pattes sont brun jaun\u00e2tre. Le m\u00e2le se distingue de la femelle par son registre vocal, harmonieux et vari\u00e9.<\/p>\n<p>Au niveau morphologique, la grive mesure de 21 \u00e0 23 cm, son envergure est de 35 cm environ et son poids varie en fonction du sexe, de l\u2019\u00e2ge et des saisons entre une fourchette cons\u00e9quente comprise entre 30 \u00e0 80 grs.<\/p>\n<p>Les juv\u00e9niles \u00e0 peine sortis du nid se distinguent des adultes par la pr\u00e9sence d\u2019un \u00e9vident mouchetage chamois\u00e9 sur la t\u00eate et le dos, ainsi que par la petitesse des taches brunes sur la poitrine et les flancs. Ce n\u2019est qu\u2019au mois d\u2019ao\u00fbt, lors de la premi\u00e8re mue, que le plumage des juv\u00e9niles ressemble davantage \u00e0 celui de l\u2019adulte. La distinction r\u00e9side dans la bordure rouss\u00e2tre plus prononc\u00e9e, des grandes couvertures alaires qui ne seront pas remplac\u00e9es la premi\u00e8re ann\u00e9e.<\/p>\n<blockquote>\n<h3><img loading=\"lazy\" decoding=\"async\" class=\"alignleft size-full\" src=\"http:\/\/www.ornithologies.fr\/blog\/wp-content\/uploads\/icc.jpg\" width=\"100\" height=\"104\" \/>Club technique ICC France<\/h3>\n<p><em>Pr\u00e9sident :<\/em> M. Alain-Pierre MARTIN<br \/>\n4 avenue du 8 mai 1945 &#8211; 83250 LA LONDE LES MAURES<br \/>\n<em>T\u00e9l. :<\/em> 06 81 27 00 01<br \/>\n<em>Email : <\/em>alainpierremartin@hotmail.fr<a href=\"mailto:janylecomte@orange.fr\"><br \/>\n<\/a><a href=\"https:\/\/www.facebook.com\/icc.france.39\" target=\"_blank\" rel=\"noopener noreferrer\">Facebook<\/a><\/p><\/blockquote>\n<div id=\"attachment_1360\" style=\"width: 1000px\" class=\"wp-caption aligncenter\"><img loading=\"lazy\" decoding=\"async\" aria-describedby=\"caption-attachment-1360\" class=\"size-full wp-image-1360\" src=\"https:\/\/www.ornithologies.fr\/blog\/lesoiseauxdumonde\/wp-content\/uploads\/sites\/4\/grive-musicienne-1-Rocher-Tours-2001.jpg\" alt=\"\" width=\"1000\" height=\"1500\" srcset=\"https:\/\/www.ornithologies.fr\/blog\/lesoiseauxdumonde\/wp-content\/uploads\/sites\/4\/grive-musicienne-1-Rocher-Tours-2001.jpg 1000w, https:\/\/www.ornithologies.fr\/blog\/lesoiseauxdumonde\/wp-content\/uploads\/sites\/4\/grive-musicienne-1-Rocher-Tours-2001-431x647.jpg 431w, https:\/\/www.ornithologies.fr\/blog\/lesoiseauxdumonde\/wp-content\/uploads\/sites\/4\/grive-musicienne-1-Rocher-Tours-2001-200x300.jpg 200w, https:\/\/www.ornithologies.fr\/blog\/lesoiseauxdumonde\/wp-content\/uploads\/sites\/4\/grive-musicienne-1-Rocher-Tours-2001-768x1152.jpg 768w, https:\/\/www.ornithologies.fr\/blog\/lesoiseauxdumonde\/wp-content\/uploads\/sites\/4\/grive-musicienne-1-Rocher-Tours-2001-683x1024.jpg 683w, https:\/\/www.ornithologies.fr\/blog\/lesoiseauxdumonde\/wp-content\/uploads\/sites\/4\/grive-musicienne-1-Rocher-Tours-2001-600x900.jpg 600w, https:\/\/www.ornithologies.fr\/blog\/lesoiseauxdumonde\/wp-content\/uploads\/sites\/4\/grive-musicienne-1-Rocher-Tours-2001-640x960.jpg 640w\" sizes=\"auto, (max-width: 1000px) 100vw, 1000px\" \/><p id=\"caption-attachment-1360\" class=\"wp-caption-text\">Bien connue par les chasseurs et les fins gourmets, la Grive musicienne est aussi un oiseau qu&rsquo;on a plaisir \u00e0 \u00e9lever [\u00a9 Philippe Rocher &#8211; El. Bernard Howlett &#8211; Tours 2011]<\/p><\/div>\n<h3>Principe d\u2019\u00e9levage\u00a0:<\/h3>\n<p>Pour que les grives puissent \u00e9voluer dans des conditions optimales et avoir de bons r\u00e9sultats de reproduction, les box ext\u00e9rieurs doivent r\u00e9pondre \u00e0 certaines normes. Les voli\u00e8res ext\u00e9rieures doivent \u00eatre expos\u00e9es au soleil, \u00e0 l\u2019abri des intemp\u00e9ries et des vents dominants, notamment du mistral dans le sud-est. Les dimensions minimales d\u2019un box sont de 2 m de long par 1 m de large et 2 m de haut.<\/p>\n<p>Les box sont \u00e9quip\u00e9s de perchoirs amovibles, fabriqu\u00e9s par mes soins. L\u2019utilisation de diff\u00e9rents diam\u00e8tre &lt; 10 et 20 mm permet de faire travailler les pattes <em>(muscles, tendons et articulations)<\/em> ce qui est favorable pour la femelle qui pourra mieux se cramponner lors de la copulation et pr\u00e9viendra les arthroses.<\/p>\n<p>Un distributeur d\u2019eau \u00e0 basse pression est mis \u00e0 disposition des oiseaux, permettant ainsi de s\u2019abreuver dans une eau toujours pure. Les baignoires sont chang\u00e9es quotidiennement l\u2019hiver et deux fois par jour l\u2019\u00e9t\u00e9. Elles sont rapidement retir\u00e9es apr\u00e8s l\u2019\u00e9tape du bain, afin d\u2019\u00e9viter le contact des oiseux avec l\u2019eau souill\u00e9e.<\/p>\n<p>Dans chaque box sont dispos\u00e9s trois nids diff\u00e9remment expos\u00e9s et camoufl\u00e9s avec un branchage de pins. J\u2019utilise des nids de tourterelles en osier, dispos\u00e9s sur un support de pots de fleurs m\u00e9tallique du commerce, mesurant de 14 \u00e0 16 cm de diam\u00e8tre. La femelle choisira elle-m\u00eame le nid qui lui conviendra le mieux et en b\u00e2tira l\u2019int\u00e9rieur.<\/p>\n<p>Pendant les p\u00e9riodes de reproduction, les couples sont form\u00e9s par affinit\u00e9s et plac\u00e9s dans chaque box. En fin de reproduction et de mue, les oiseaux se retrouvent tous dans une voli\u00e8re commune pour passer l\u2019hiver. La promiscuit\u00e9 a l\u2019avantage de calmer la fougue et l\u2019agressivit\u00e9 qu\u2019aurait manifest\u00e9 le m\u00e2le \u00e0 l\u2019\u00e9gard de la femelle, s\u2019ils \u00e9taient rest\u00e9s en couple dans le box. La vie de communaut\u00e9 permet en outre aux juv\u00e9niles de se familiariser avec leurs cong\u00e9n\u00e8res de ph\u00e9notype sauvage ou ceux en plumage plus dilu\u00e9, issus de mutations.<\/p>\n<div id=\"attachment_1362\" style=\"width: 969px\" class=\"wp-caption aligncenter\"><img loading=\"lazy\" decoding=\"async\" aria-describedby=\"caption-attachment-1362\" class=\"wp-image-1362 size-large\" src=\"https:\/\/www.ornithologies.fr\/blog\/lesoiseauxdumonde\/wp-content\/uploads\/sites\/4\/DSC6116-PHOTO-Grive-musicienne-in-situ-S.CHARTIER-969x1024.jpg\" alt=\"\" width=\"969\" height=\"1024\" srcset=\"https:\/\/www.ornithologies.fr\/blog\/lesoiseauxdumonde\/wp-content\/uploads\/sites\/4\/DSC6116-PHOTO-Grive-musicienne-in-situ-S.CHARTIER.jpg 969w, https:\/\/www.ornithologies.fr\/blog\/lesoiseauxdumonde\/wp-content\/uploads\/sites\/4\/DSC6116-PHOTO-Grive-musicienne-in-situ-S.CHARTIER-500x528.jpg 500w, https:\/\/www.ornithologies.fr\/blog\/lesoiseauxdumonde\/wp-content\/uploads\/sites\/4\/DSC6116-PHOTO-Grive-musicienne-in-situ-S.CHARTIER-284x300.jpg 284w, https:\/\/www.ornithologies.fr\/blog\/lesoiseauxdumonde\/wp-content\/uploads\/sites\/4\/DSC6116-PHOTO-Grive-musicienne-in-situ-S.CHARTIER-768x812.jpg 768w, https:\/\/www.ornithologies.fr\/blog\/lesoiseauxdumonde\/wp-content\/uploads\/sites\/4\/DSC6116-PHOTO-Grive-musicienne-in-situ-S.CHARTIER-600x634.jpg 600w, https:\/\/www.ornithologies.fr\/blog\/lesoiseauxdumonde\/wp-content\/uploads\/sites\/4\/DSC6116-PHOTO-Grive-musicienne-in-situ-S.CHARTIER-908x960.jpg 908w\" sizes=\"auto, (max-width: 969px) 100vw, 969px\" \/><p id=\"caption-attachment-1362\" class=\"wp-caption-text\">Grive musicienne au nourrissage in situ [\u00a9 Sylvain Chartier]<\/p><\/div>\n<h3>Pr\u00e9paration \u00e0 la reproduction\u00a0:<\/h3>\n<p>Un ou deux mois avant la p\u00e9riode de reproduction, j\u2019utilise la technique de la photop\u00e9riode qui conditionne de nombreuses activit\u00e9s physiologiques. Lorsque je place les reproducteurs dans leur box distinctif, les oiseaux ont \u00e0 leur disposition les mat\u00e9riaux n\u00e9cessaires \u00e0 la construction du nid. Pour ma part, je leur distribue des fibres de coco et de l\u2019herbe s\u00e8che. Pour \u00e9viter tout probl\u00e8me pour les oiseaux et notamment pour les plus jeunes, la longueur des mat\u00e9riaux doit \u00eatre inf\u00e9rieure \u00e0 10 cm. Je leur fournis \u00e9galement un bac contenant de l\u2019argile m\u00e9lang\u00e9e \u00e0 de petits fragments d\u2019herbe s\u00e8che, constamment humidifi\u00e9. La femelle r\u00e9cup\u00e8re ce torchis pour enduire l\u2019int\u00e9rieur du nid. Pour le fixer, elle tassera avec ses pattes dans un mouvement de rotation, le torchis r\u00e9gurgit\u00e9. Lors de la construction du nid, il faudra maintenir un bac d\u2019eau \u00e0 disposition de la femelle. Ainsi, tel un pl\u00e2trier, elle se servira en quantit\u00e9 d\u2019eau n\u00e9cessaire pour lisser l\u2019int\u00e9rieur du nid avec sa poitrine pr\u00e9alablement humidifi\u00e9.<\/p>\n<p>Les reproducteurs sont s\u00e9lectionn\u00e9s parmi les sujets sains et dociles, tous n\u00e9s en captivit\u00e9 et \u00e2g\u00e9s d\u2019un an minimum. Durant les deux premi\u00e8res semaines, le couple isol\u00e9 dans son box individuel sera quotidiennement surveill\u00e9 pour s\u2019assurer de l\u2019affinit\u00e9 des oiseaux. En cas d\u2019agitation de\u00a0 l\u2019un d\u2019entre eux, il conviendra de remplacer rapidement le perturbateur.<\/p>\n<table>\n<tbody>\n<tr>\n<td><a href=\"https:\/\/www.ornithologies.fr\/blog\/lesoiseauxdumonde\/sommaire-des-mois-de-juin-juillet-2018\/\"><img loading=\"lazy\" decoding=\"async\" class=\"alignleft wp-image-1305 size-thumbnail\" src=\"https:\/\/www.ornithologies.fr\/blog\/lesoiseauxdumonde\/wp-content\/uploads\/sites\/4\/ODM0718-116x150.png\" alt=\"\" width=\"116\" height=\"150\" \/><\/a><\/p>\n<h3>Retrouvez cet article et bien d&rsquo;autres<\/h3>\n<h6>dans la revue Les Oiseaux du Monde n\u00b0358 &#8211; Juin-Juillet 2018<\/h6>\n<h5>chaque mois les Oiseaux du Monde viennent nicher dans votre boite \u00e0 lettres.<\/h5>\n<h6>POUR NE PAS EN PERDRE UNE MIETTE, <a href=\"https:\/\/www.ornithologies.fr\/blog\/lesoiseauxdumonde\/abonnez-vous\/\">ABONNEZ-VOUS<\/a> !<\/h6>\n<\/td>\n<\/tr>\n<\/tbody>\n<\/table>\n<h3>L\u2019accouplement<\/h3>\n<p>D\u00e8s la finalisation du nid, la femelle est pr\u00eate \u00e0 copuler. Elle \u00e9met un petit sifflement aigu et continu en secouant ses ailes et balan\u00e7ant sa queue pour appeler la m\u00e2le. C\u2019est sa mani\u00e8re de faire sa parade amoureuse. Une seule copulation est suffisante pour la f\u00e9conder, ce qui n\u2019emp\u00eachera pas de renouveler \u00e9ventuellement plusieurs fois l\u2019acte.<\/p>\n<div id=\"attachment_1363\" style=\"width: 300px\" class=\"wp-caption alignleft\"><img loading=\"lazy\" decoding=\"async\" aria-describedby=\"caption-attachment-1363\" class=\"wp-image-1363 size-medium\" src=\"https:\/\/www.ornithologies.fr\/blog\/lesoiseauxdumonde\/wp-content\/uploads\/sites\/4\/ponte-grive-1-PHOTO-S.CHARTIER-300x200.jpg\" alt=\"\" width=\"300\" height=\"200\" srcset=\"https:\/\/www.ornithologies.fr\/blog\/lesoiseauxdumonde\/wp-content\/uploads\/sites\/4\/ponte-grive-1-PHOTO-S.CHARTIER-300x200.jpg 300w, https:\/\/www.ornithologies.fr\/blog\/lesoiseauxdumonde\/wp-content\/uploads\/sites\/4\/ponte-grive-1-PHOTO-S.CHARTIER-500x333.jpg 500w, https:\/\/www.ornithologies.fr\/blog\/lesoiseauxdumonde\/wp-content\/uploads\/sites\/4\/ponte-grive-1-PHOTO-S.CHARTIER-768x511.jpg 768w, https:\/\/www.ornithologies.fr\/blog\/lesoiseauxdumonde\/wp-content\/uploads\/sites\/4\/ponte-grive-1-PHOTO-S.CHARTIER.jpg 1024w, https:\/\/www.ornithologies.fr\/blog\/lesoiseauxdumonde\/wp-content\/uploads\/sites\/4\/ponte-grive-1-PHOTO-S.CHARTIER-600x399.jpg 600w, https:\/\/www.ornithologies.fr\/blog\/lesoiseauxdumonde\/wp-content\/uploads\/sites\/4\/ponte-grive-1-PHOTO-S.CHARTIER-960x638.jpg 960w\" sizes=\"auto, (max-width: 300px) 100vw, 300px\" \/><p id=\"caption-attachment-1363\" class=\"wp-caption-text\">Des oeufs d&rsquo;un bleu franc dans un nid en coupe [\u00a9 Sylvain Chartier]<\/p><\/div>\n<h3>La couvaison<\/h3>\n<p>Pendant le cycle de ponte et de couvaison, il faut \u00e9viter que des personnes \u00e9trang\u00e8res ou des animaux s\u2019approchent du box. Cela aurait pour effet de perturber la femelle, avec pour cons\u00e9quence l\u2019abandon du nid. La ponte s\u2019\u00e9tale sur plusieurs jours. La couvaison d\u00e9bute apr\u00e8s la ponte du second et troisi\u00e8me \u0153uf et s\u2019\u00e9tend sur 13 \u00e0 14 jours. Il convient alors de trouver un subterfuge pour garantir \u00e0 chaque \u0153uf une incubation de m\u00eame dur\u00e9e et par voie de cons\u00e9quence, les m\u00eames chances aux oisillons d\u2019arriver \u00e0 terme. D\u00e8s que la femelle a pondu, l\u2019\u0153uf est retir\u00e9 et remplac\u00e9 par un \u0153uf factice de m\u00eame couleur et de taille identique. L\u2019\u0153uf original est plac\u00e9 dans un bac dont le fond est recouvert d\u2019alpiste, conserv\u00e9 \u00e0 temp\u00e9rature allant de 18 \u00e0 20 degr\u00e9s. Les bacs sont num\u00e9rot\u00e9s en fonction du num\u00e9ro de box, car d\u00e9s que la femelle aura termin\u00e9 sa ponte, les \u0153ufs factices de son nid seront retir\u00e9s et ses propres \u0153ufs seront red\u00e9pos\u00e9s avec d\u00e9licatesse dans leur nid initial.<\/p>\n<div class=\"bc_random_banner\" data-id=\"80\" data-url=\"https:\/\/www.ornithologies.fr\/blog\/lesoiseauxdumonde\/wp-admin\/admin-ajax.php?action=bc_rb_ads_click&#038;nonce=73439e9d32\"><a target=\"_blank\" href=\"https:\/\/www.ornithologies.fr\/blog\/ornitho-elevage\/\" title=\"Bandeau-Pub-Ornitho-Eleveurs\"><img decoding=\"async\" style=width:1280px; height:1811px src=\"https:\/\/www.ornithologies.fr\/blog\/wp-content\/uploads\/Bandeau-Pub-Ornitho-Eleveurs.jpg?v=189214\"  title=\"Bandeau-Pub-Ornitho-Eleveurs\"\/><\/a><\/div>\n<h3>Comportements n\u00e9gatifs<\/h3>\n<p>Durant la p\u00e9riode de couvaison jusqu\u2019\u00e0 la naissance des oisillons, les m\u00e2les peuvent pr\u00e9senter des comportements agressifs en voulant de nouveau s\u2019accoupler. Ainsi, ils peuvent occasionner un d\u00e9tournement de la femelle et l\u2019emp\u00eacher de couver, ils peuvent jeter les \u0153ufs hors du nid, voire expulser les jeunes oisillons. En pareil cas, il faut d\u00e9placer le m\u00e2le dans une cage d\u2019exposition, \u00e0 la vue de la femelle. Il sera r\u00e9int\u00e9gr\u00e9 dans son box, lorsque les oisillons auront 5 \u00e0 6 jours de vie <em>(selon leur taille)<\/em>. Je proc\u00e8de au baguage, lorsque les oisillons ont quatre ou cinq jours de vie. Les bagues sont r\u00e9f\u00e9renc\u00e9es UOF, leur diam\u00e8tre est de 4 mm.<\/p>\n<h3>Alimentation<\/h3>\n<p>Au quotidien, je nourris mes oiseaux avec un aliment extrud\u00e9 de qualit\u00e9 sup\u00e9rieure de marque \u00ab\u00a0italienne\u00a0\u00bb contenant notamment une grande quantit\u00e9 de prot\u00e9ines animales <em>(farine de criquets)<\/em>, des lipides, des cendres, des fibres, des vitamines, essentiellement <strong>A, D, E, B, K, PP, <\/strong>ainsi que de la choline, des acides foliques, des sels min\u00e9raux et des acides amin\u00e9s . L\u2019extrud\u00e9 pour turdid\u00e9s doit \u00eatre pauvre en fer. L\u2019avantage de l\u2019extrud\u00e9 est qu\u2019il garde longtemps ses propri\u00e9t\u00e9s actives. Je leur donne \u00e9galement une p\u00e2t\u00e9e insectivore prot\u00e9in\u00e9e \u00e0 24% et contenant 9% de gras, de la m\u00eame marque. Ce dernier propose une gamme de produits sp\u00e9cialis\u00e9s pour grands et petits turdid\u00e9s.<\/p>\n<div id=\"attachment_1365\" style=\"width: 1024px\" class=\"wp-caption alignleft\"><img loading=\"lazy\" decoding=\"async\" aria-describedby=\"caption-attachment-1365\" class=\"size-full wp-image-1365\" src=\"https:\/\/www.ornithologies.fr\/blog\/lesoiseauxdumonde\/wp-content\/uploads\/sites\/4\/grive-musicienne-in-situ-Lionel-Durochat.jpg\" alt=\"\" width=\"1024\" height=\"683\" srcset=\"https:\/\/www.ornithologies.fr\/blog\/lesoiseauxdumonde\/wp-content\/uploads\/sites\/4\/grive-musicienne-in-situ-Lionel-Durochat.jpg 1024w, https:\/\/www.ornithologies.fr\/blog\/lesoiseauxdumonde\/wp-content\/uploads\/sites\/4\/grive-musicienne-in-situ-Lionel-Durochat-500x333.jpg 500w, https:\/\/www.ornithologies.fr\/blog\/lesoiseauxdumonde\/wp-content\/uploads\/sites\/4\/grive-musicienne-in-situ-Lionel-Durochat-300x200.jpg 300w, https:\/\/www.ornithologies.fr\/blog\/lesoiseauxdumonde\/wp-content\/uploads\/sites\/4\/grive-musicienne-in-situ-Lionel-Durochat-768x512.jpg 768w, https:\/\/www.ornithologies.fr\/blog\/lesoiseauxdumonde\/wp-content\/uploads\/sites\/4\/grive-musicienne-in-situ-Lionel-Durochat-600x400.jpg 600w, https:\/\/www.ornithologies.fr\/blog\/lesoiseauxdumonde\/wp-content\/uploads\/sites\/4\/grive-musicienne-in-situ-Lionel-Durochat-960x640.jpg 960w\" sizes=\"auto, (max-width: 1024px) 100vw, 1024px\" \/><p id=\"caption-attachment-1365\" class=\"wp-caption-text\">Une Grive musicienne en hiver [\u00a9 Lionel Durochat]<\/p><\/div>Les fruits ne doivent pas faire d\u00e9faut dans les voli\u00e8res du fait de leurs diverses propri\u00e9t\u00e9s, telle que la r\u00e9gulation intestinale, l\u2019\u00e9quilibre gastrique, l\u2019augmentation des r\u00e9serves alcalines dans le sang et la d\u00e9sintoxication de l\u2019organisme. Une fois par semaine, pendant la saison de repos, je leur distribue des vers <em>(pinkies)<\/em> apr\u00e8s les avoir d\u00e9congel\u00e9.<\/p>\n<p>En p\u00e9riode de reproduction, les insectes sont indispensables pour l\u2019\u00e9levage des turdid\u00e9s, faute de quoi ils ne pourraient se reproduire ni \u00e9lever leurs jeunes. Quatre jours avant l\u2019\u00e9closion, je mets \u00e0 leur disposition des insectes vivants de petites tailles ainsi que des lombrics, mini vers de farine, teignes de ruches, vers buffalos. Lorsque les oisillons ont atteint une dur\u00e9e de vie de 4 \u00e0 5 jours, je compl\u00e8te leur alimentation de proie plus grosses comme les grillons et les sauterelles.<\/p>\n<blockquote>\n<h5>Commentaires du CT ICC France :<\/h5>\n<p>En entretien quotidien une nourriture de base pour pintadeaux et dindonneaux 2<sup>\u00e8me<\/sup> \u00e2ge convient. En compl\u00e9ment des fruits<em> (pomme, poire, fruits rouges\u2026)<\/em> des baies <em>(sorbier, pyracantha\u2026)<\/em>, de la p\u00e2t\u00e9e pour insectivore<em> (turdid\u00e9 ou rossignol)<\/em> et un apport en alimentation animale, surtout lors de l\u2019\u00e9levage des jeunes sera obligatoire. La r\u00e9colte\u00a0 des vers de terre et limaces est assez ais\u00e9e, et leur conservation facilement r\u00e9alisable. Il suffit de garder les vers et gast\u00e9ropodes dans un endroit frais et humide et ainsi avoir une r\u00e9serve suffisante lorsqu\u2019il sera plus difficile de s\u2019en procurer durant les p\u00e9riodes de chaleur. Les grives consomment \u00e9galement des escargots, il faudra alors placer quelques cailloux afin qu\u2019elles puissent briser la coquille en les frappant dessus.<\/p><\/blockquote>\n<div id=\"attachment_1361\" style=\"width: 212px\" class=\"wp-caption alignright\"><img loading=\"lazy\" decoding=\"async\" aria-describedby=\"caption-attachment-1361\" class=\"wp-image-1361 size-medium\" src=\"https:\/\/www.ornithologies.fr\/blog\/lesoiseauxdumonde\/wp-content\/uploads\/sites\/4\/grive-musicienne-brune-Istres-2015-Photo-Guy-Doumergue-elevage-Francis-Gonzalez-212x300.jpg\" alt=\"\" width=\"212\" height=\"300\" srcset=\"https:\/\/www.ornithologies.fr\/blog\/lesoiseauxdumonde\/wp-content\/uploads\/sites\/4\/grive-musicienne-brune-Istres-2015-Photo-Guy-Doumergue-elevage-Francis-Gonzalez-212x300.jpg 212w, https:\/\/www.ornithologies.fr\/blog\/lesoiseauxdumonde\/wp-content\/uploads\/sites\/4\/grive-musicienne-brune-Istres-2015-Photo-Guy-Doumergue-elevage-Francis-Gonzalez-456x647.jpg 456w, https:\/\/www.ornithologies.fr\/blog\/lesoiseauxdumonde\/wp-content\/uploads\/sites\/4\/grive-musicienne-brune-Istres-2015-Photo-Guy-Doumergue-elevage-Francis-Gonzalez.jpg 722w, https:\/\/www.ornithologies.fr\/blog\/lesoiseauxdumonde\/wp-content\/uploads\/sites\/4\/grive-musicienne-brune-Istres-2015-Photo-Guy-Doumergue-elevage-Francis-Gonzalez-600x851.jpg 600w, https:\/\/www.ornithologies.fr\/blog\/lesoiseauxdumonde\/wp-content\/uploads\/sites\/4\/grive-musicienne-brune-Istres-2015-Photo-Guy-Doumergue-elevage-Francis-Gonzalez-677x960.jpg 677w\" sizes=\"auto, (max-width: 212px) 100vw, 212px\" \/><p id=\"caption-attachment-1361\" class=\"wp-caption-text\">Grive musicienne brune [\u00a9 Guy Doumergue &#8211; El. Francis Gonzales &#8211; Istres 2015]<\/p><\/div>\n<h3>Les mutations<\/h3>\n<p>Les mutations permettent de modifier le patrimoine g\u00e9n\u00e9tique. En ce qui me concerne, je me consacre \u00e0 la couleur du plumage, en respectant les standards de l\u2019oiseau. La mutation r\u00e9duit les pigments. Contrairement \u00e0 la modification de couleur g\u00e9n\u00e9r\u00e9e par un d\u00e9s\u00e9quilibre alimentaire qui sera r\u00e9tablie lors de la mue, la mutation g\u00e9n\u00e9tique est ancr\u00e9e dans les g\u00e8nes de l\u2019individu et sera transmissible aux g\u00e9n\u00e9rations suivantes.<\/p>\n<p>L\u2019\u00e9leveur joue un r\u00f4le primordial dans les mutations de couleur, de par ses propres s\u00e9lections et par son investissement et sa patience. En effet, il faut parfois des ann\u00e9es pour parvenir \u00e0 une mutation. A ce jour, les principales mutations de couleurs observ\u00e9es chez les turdid\u00e9s sont les mutations brunes, satin\u00e9e et l\u2019albinos.<\/p>\n<blockquote>\n<h5>Commentaires du CT ICC France\u00a0:<\/h5>\n<p>Les mutations reconnues \u00e0 ce jour de la grive musicienne sont\u00a0: Brune = absence d\u2019eum\u00e9lanine noire\u00a0; Blanche = absence de m\u00e9lanine, plumage apigment\u00e9\u00a0; Satin\u00e9 = Eum\u00e9lanine brune dilu\u00e9e, \u0153il rouge\u00e2tre.<\/p><\/blockquote>\n<div id=\"attachment_1366\" style=\"width: 1000px\" class=\"wp-caption aligncenter\"><img loading=\"lazy\" decoding=\"async\" aria-describedby=\"caption-attachment-1366\" class=\"size-full wp-image-1366\" src=\"https:\/\/www.ornithologies.fr\/blog\/lesoiseauxdumonde\/wp-content\/uploads\/sites\/4\/grive-musicienne-satine-Rocher-Tours-2001.jpg\" alt=\"\" width=\"1000\" height=\"693\" srcset=\"https:\/\/www.ornithologies.fr\/blog\/lesoiseauxdumonde\/wp-content\/uploads\/sites\/4\/grive-musicienne-satine-Rocher-Tours-2001.jpg 1000w, https:\/\/www.ornithologies.fr\/blog\/lesoiseauxdumonde\/wp-content\/uploads\/sites\/4\/grive-musicienne-satine-Rocher-Tours-2001-500x347.jpg 500w, https:\/\/www.ornithologies.fr\/blog\/lesoiseauxdumonde\/wp-content\/uploads\/sites\/4\/grive-musicienne-satine-Rocher-Tours-2001-300x208.jpg 300w, https:\/\/www.ornithologies.fr\/blog\/lesoiseauxdumonde\/wp-content\/uploads\/sites\/4\/grive-musicienne-satine-Rocher-Tours-2001-768x532.jpg 768w, https:\/\/www.ornithologies.fr\/blog\/lesoiseauxdumonde\/wp-content\/uploads\/sites\/4\/grive-musicienne-satine-Rocher-Tours-2001-600x416.jpg 600w, https:\/\/www.ornithologies.fr\/blog\/lesoiseauxdumonde\/wp-content\/uploads\/sites\/4\/grive-musicienne-satine-Rocher-Tours-2001-960x665.jpg 960w\" sizes=\"auto, (max-width: 1000px) 100vw, 1000px\" \/><p id=\"caption-attachment-1366\" class=\"wp-caption-text\">Grive musicienne satin\u00e9e [\u00a9 Philippe Rocher &#8211; El. Luca Gorreri &#8211; Tours 2011]<\/p><\/div>\n","protected":false},"excerpt":{"rendered":"<h4 style=\"text-align: left;\">(Turdus philomelos)<\/h4>\n<h2 style=\"text-align: right;\">Bruno AMICO<br \/> Eleveur capacitaire et membre de l\u2019Oiseau Club d\u2019ISTRES et du Club Technique ICC France<\/h2>\n<h6>Oiseaux du Monde n\u00b0358 &#8211; Juin-Juillet 2018<\/h6>\n<h5>Pour ce qui me concerne, l\u2019\u00e9levage des oiseaux est la continuit\u00e9 d\u2019une passion, une passion g\u00e9n\u00e9r\u00e9e par une observation assidue des sp\u00e9cimens dans la nature &hellip; <\/p>\n<p><a class=\"more-link btn\" href=\"https:\/\/www.ornithologies.fr\/blog\/lesoiseauxdumonde\/lelevage-de-la-grive-musicienne\/\">Lire la suite<\/a><\/p>\n<\/h5>\n","protected":false},"author":1,"featured_media":1360,"comment_status":"open","ping_status":"open","sticky":false,"template":"","format":"standard","meta":{"footnotes":""},"categories":[48,845],"tags":[427,808,374,260,849,847,243,210,846,193,809,739,175,176,131,588,850,55,848,183],"class_list":["post-1349","post","type-post","status-publish","format-standard","has-post-thumbnail","hentry","category-article","category-indigenes","tag-427","tag-808","tag-accouplement","tag-alimentation","tag-bruno-amico","tag-caracteristiques","tag-comportement","tag-couvaison","tag-descriptif","tag-elevage","tag-grive-musicienne","tag-icc","tag-juillet","tag-juin","tag-mutations","tag-nid","tag-oci","tag-reproduction","tag-turdus-philomelos","tag-voliere","nodate","item-wrap"],"_links":{"self":[{"href":"https:\/\/www.ornithologies.fr\/blog\/lesoiseauxdumonde\/wp-json\/wp\/v2\/posts\/1349","targetHints":{"allow":["GET"]}}],"collection":[{"href":"https:\/\/www.ornithologies.fr\/blog\/lesoiseauxdumonde\/wp-json\/wp\/v2\/posts"}],"about":[{"href":"https:\/\/www.ornithologies.fr\/blog\/lesoiseauxdumonde\/wp-json\/wp\/v2\/types\/post"}],"author":[{"embeddable":true,"href":"https:\/\/www.ornithologies.fr\/blog\/lesoiseauxdumonde\/wp-json\/wp\/v2\/users\/1"}],"replies":[{"embeddable":true,"href":"https:\/\/www.ornithologies.fr\/blog\/lesoiseauxdumonde\/wp-json\/wp\/v2\/comments?post=1349"}],"version-history":[{"count":2,"href":"https:\/\/www.ornithologies.fr\/blog\/lesoiseauxdumonde\/wp-json\/wp\/v2\/posts\/1349\/revisions"}],"predecessor-version":[{"id":3306,"href":"https:\/\/www.ornithologies.fr\/blog\/lesoiseauxdumonde\/wp-json\/wp\/v2\/posts\/1349\/revisions\/3306"}],"wp:featuredmedia":[{"embeddable":true,"href":"https:\/\/www.ornithologies.fr\/blog\/lesoiseauxdumonde\/wp-json\/wp\/v2\/media\/1360"}],"wp:attachment":[{"href":"https:\/\/www.ornithologies.fr\/blog\/lesoiseauxdumonde\/wp-json\/wp\/v2\/media?parent=1349"}],"wp:term":[{"taxonomy":"category","embeddable":true,"href":"https:\/\/www.ornithologies.fr\/blog\/lesoiseauxdumonde\/wp-json\/wp\/v2\/categories?post=1349"},{"taxonomy":"post_tag","embeddable":true,"href":"https:\/\/www.ornithologies.fr\/blog\/lesoiseauxdumonde\/wp-json\/wp\/v2\/tags?post=1349"}],"curies":[{"name":"wp","href":"https:\/\/api.w.org\/{rel}","templated":true}]}}