{"id":1191,"date":"2018-04-26T15:21:42","date_gmt":"2018-04-26T13:21:42","guid":{"rendered":"http:\/\/www.ornithologies.fr\/blog\/lesoiseauxdumonde\/?p=1191"},"modified":"2024-01-22T15:56:55","modified_gmt":"2024-01-22T14:56:55","slug":"lananas-fruit-dananas-comosus","status":"publish","type":"post","link":"https:\/\/www.ornithologies.fr\/blog\/lesoiseauxdumonde\/lananas-fruit-dananas-comosus\/","title":{"rendered":"L&rsquo;Ananas, fruit d&rsquo;Ananas comosus"},"content":{"rendered":"<h1 style=\"text-align: left;\">La Page du D\u00e9butant<\/h1>\n<h2 style=\"text-align: right;\"><img loading=\"lazy\" decoding=\"async\" class=\"alignleft wp-image-1195 size-medium\" src=\"https:\/\/www.ornithologies.fr\/blog\/lesoiseauxdumonde\/wp-content\/uploads\/sites\/4\/ananas-tranche-241x300.jpg\" alt=\"\" width=\"241\" height=\"300\" srcset=\"https:\/\/www.ornithologies.fr\/blog\/lesoiseauxdumonde\/wp-content\/uploads\/sites\/4\/ananas-tranche-241x300.jpg 241w, https:\/\/www.ornithologies.fr\/blog\/lesoiseauxdumonde\/wp-content\/uploads\/sites\/4\/ananas-tranche-500x623.jpg 500w, https:\/\/www.ornithologies.fr\/blog\/lesoiseauxdumonde\/wp-content\/uploads\/sites\/4\/ananas-tranche-600x748.jpg 600w, https:\/\/www.ornithologies.fr\/blog\/lesoiseauxdumonde\/wp-content\/uploads\/sites\/4\/ananas-tranche-254x317.jpg 254w, https:\/\/www.ornithologies.fr\/blog\/lesoiseauxdumonde\/wp-content\/uploads\/sites\/4\/ananas-tranche.jpg 642w\" sizes=\"auto, (max-width: 241px) 100vw, 241px\" \/> <a href=\"http:\/\/www.passereaux.org\" target=\"_blank\" rel=\"noopener noreferrer\"><img loading=\"lazy\" decoding=\"async\" class=\"alignright wp-image-1201\" src=\"https:\/\/www.ornithologies.fr\/blog\/lesoiseauxdumonde\/wp-content\/uploads\/sites\/4\/Amicale-des-eleveur-de-passereaux-150x150.jpg\" alt=\"\" width=\"100\" height=\"100\" srcset=\"https:\/\/www.ornithologies.fr\/blog\/lesoiseauxdumonde\/wp-content\/uploads\/sites\/4\/Amicale-des-eleveur-de-passereaux-150x150.jpg 150w, https:\/\/www.ornithologies.fr\/blog\/lesoiseauxdumonde\/wp-content\/uploads\/sites\/4\/Amicale-des-eleveur-de-passereaux.jpg 200w\" sizes=\"auto, (max-width: 100px) 100vw, 100px\" \/><\/a>Marc BUMB<br \/>\nLionel DUROCHAT<br \/>\n<em>Photos M. Bumb<\/em><\/h2>\n<h5 style=\"text-align: left;\">Cet article a d\u00e9j\u00e0 \u00e9t\u00e9 publi\u00e9 sur le <a href=\"http:\/\/www.passereaux.org\" target=\"_blank\" rel=\"noopener noreferrer\">site de l&rsquo;amicale des \u00e9leveurs de passereaux<\/a><\/h5>\n<h6>Oiseaux du Monde n\u00b0353 &#8211; Janvier 2018<\/h6>\n<h3>Composition<\/h3>\n<p>Il renferme une bonne proportion de Potassium <strong>(K)<\/strong> et Magn\u00e9sium <strong>(Mg)<\/strong>. En ce qui concerne les vitamines, c&rsquo;est une source int\u00e9ressante de vitamines <strong>B<\/strong> et <strong>C<\/strong>.<\/p>\n<p>L&rsquo;apport \u00e9nerg\u00e9tique de l&rsquo;ananas est mod\u00e9r\u00e9 : <strong>53 kcal\/100 g<\/strong>, ce qui correspond \u00e0 la moyenne des fruits <em>(au m\u00eame niveau que les pommes, prunes ou poires)<\/em>.<\/p>\n<p>Enfin, l&rsquo;ananas est riche en fibres <strong>(1,4 g\/100 g)<\/strong>, qui favorisent le transit intestinal.<\/p>\n<h3>Usage<\/h3>\n<p>Offert ouvert, il fermente vite, et attire les moucherons. Ne pas attendre trop et renouveler la pr\u00e9sentation.<\/p>\n<p>Naturellement, il contient un peu d&rsquo;alcool m\u00e9thylique, mais surtout une enzyme digestive <em>(la brom\u00e9line)<\/em> qui exerce une action sur les prot\u00e9ines <em>(elle fragmente les prot\u00e9ines, celles de la cellulite, d&rsquo;o\u00f9 son emploi dans les r\u00e9gimes)<\/em>, mais seulement comme fruit frais <em>(et non cuit&#8230;).<\/em><\/p>\n<p>Il est rafra\u00eechissant et diur\u00e9tique.<\/p>\n<table style=\"width: 100%;\">\n<thead>\n<tr>\n<th scope=\"col\">Composants<\/th>\n<th style=\"text-align: center;\" scope=\"col\">g\/100g<\/th>\n<th style=\"text-align: center;\" scope=\"col\">Min\u00e9raux<\/th>\n<th style=\"text-align: center;\" scope=\"col\">mg\/100g<\/th>\n<th style=\"text-align: center;\" scope=\"col\">Vitamines<\/th>\n<th style=\"text-align: center;\" scope=\"col\">mg\/100g<\/th>\n<\/tr>\n<\/thead>\n<tbody>\n<tr>\n<td style=\"text-align: center; vertical-align: top;\"><strong>Eau<\/strong><\/td>\n<td style=\"text-align: center; vertical-align: top;\">86<\/td>\n<td style=\"text-align: center; vertical-align: top;\">Calcium<\/td>\n<td style=\"text-align: center; vertical-align: top;\">20,3<\/td>\n<td style=\"text-align: center; vertical-align: top;\">Vit. A<br \/>\n(UI\/100g)<\/td>\n<td style=\"text-align: center; vertical-align: top;\"><\/td>\n<\/tr>\n<tr>\n<td style=\"text-align: center; vertical-align: top;\"><strong>Glucides<\/strong><\/td>\n<td style=\"text-align: center; vertical-align: top;\">11<\/td>\n<td style=\"text-align: center; vertical-align: top;\">Phosphore<\/td>\n<td style=\"text-align: center; vertical-align: top;\">11<\/td>\n<td style=\"text-align: center; vertical-align: top;\">Vit. B1<\/td>\n<td style=\"text-align: center; vertical-align: top;\">0,08<\/td>\n<\/tr>\n<tr>\n<td style=\"text-align: center; vertical-align: top;\"><strong>Lipides<\/strong><\/td>\n<td style=\"text-align: center; vertical-align: top;\">0,2<\/td>\n<td style=\"text-align: center; vertical-align: top;\">Fer<\/td>\n<td style=\"text-align: center; vertical-align: top;\">0,23<\/td>\n<td style=\"text-align: center; vertical-align: top;\">Vit. B2<\/td>\n<td style=\"text-align: center; vertical-align: top;\">0,03<\/td>\n<\/tr>\n<tr>\n<td style=\"text-align: center; vertical-align: top;\"><strong>Protides<\/strong><\/td>\n<td style=\"text-align: center; vertical-align: top;\">0,4<\/td>\n<td style=\"text-align: center; vertical-align: top;\">Sodium<\/td>\n<td style=\"text-align: center; vertical-align: top;\">2,9<\/td>\n<td style=\"text-align: center; vertical-align: top;\">Vit. PP<\/td>\n<td style=\"text-align: center; vertical-align: top;\">0,3<\/td>\n<\/tr>\n<tr>\n<td style=\"text-align: center; vertical-align: top;\"><\/td>\n<td style=\"text-align: center; vertical-align: top;\">kcal\/100g<\/td>\n<td style=\"text-align: center; vertical-align: top;\">Potassium<\/td>\n<td style=\"text-align: center; vertical-align: top;\">170<\/td>\n<td style=\"text-align: center; vertical-align: top;\">Vit. C<\/td>\n<td style=\"text-align: center; vertical-align: top;\">12<\/td>\n<\/tr>\n<tr>\n<td style=\"text-align: center; vertical-align: top;\"><strong>Calories<\/strong><\/td>\n<td style=\"text-align: center; vertical-align: top;\">53<\/td>\n<td style=\"text-align: center; vertical-align: top;\">Magn\u00e9sium<\/td>\n<td style=\"text-align: center; vertical-align: top;\">19,8<\/td>\n<td style=\"text-align: center; vertical-align: top;\">Vit. E<\/td>\n<td style=\"text-align: center; vertical-align: top;\">0,1<\/td>\n<\/tr>\n<\/tbody>\n<\/table>\n<table>\n<tbody>\n<tr>\n<td>\n<h3><a href=\"https:\/\/www.ornithologies.fr\/blog\/lesoiseauxdumonde\/sommaire-du-mois-de-janvier-2018\/\"><img loading=\"lazy\" decoding=\"async\" class=\"alignleft wp-image-876 size-thumbnail\" src=\"https:\/\/www.ornithologies.fr\/blog\/lesoiseauxdumonde\/wp-content\/uploads\/sites\/4\/ODM0118-116x150.png\" alt=\"\" width=\"116\" height=\"150\" \/><\/a>Retrouvez cet article et bien d&rsquo;autres<\/h3>\n<h6>dans la revue Les Oiseaux du Monde n\u00b0353 &#8211; Janvier 2018<\/h6>\n<h5>chaque mois les Oiseaux du Monde viennent nicher dans votre boite \u00e0 lettres.<\/h5>\n<h6>POUR NE PAS EN PERDRE UNE MIETTE, <a href=\"https:\/\/www.ornithologies.fr\/blog\/lesoiseauxdumonde\/abonnez-vous\/\">ABONNEZ-VOUS<\/a> !<\/h6>\n<\/td>\n<\/tr>\n<\/tbody>\n<\/table>\n<table>\n<tbody>\n<tr>\n<td style=\"text-align: justify;\"><img loading=\"lazy\" decoding=\"async\" class=\" wp-image-1194 alignright\" src=\"https:\/\/www.ornithologies.fr\/blog\/lesoiseauxdumonde\/wp-content\/uploads\/sites\/4\/ananas.png\" alt=\"\" width=\"141\" height=\"324\" srcset=\"https:\/\/www.ornithologies.fr\/blog\/lesoiseauxdumonde\/wp-content\/uploads\/sites\/4\/ananas.png 166w, https:\/\/www.ornithologies.fr\/blog\/lesoiseauxdumonde\/wp-content\/uploads\/sites\/4\/ananas-65x150.png 65w, https:\/\/www.ornithologies.fr\/blog\/lesoiseauxdumonde\/wp-content\/uploads\/sites\/4\/ananas-131x300.png 131w, https:\/\/www.ornithologies.fr\/blog\/lesoiseauxdumonde\/wp-content\/uploads\/sites\/4\/ananas-138x317.png 138w\" sizes=\"auto, (max-width: 141px) 100vw, 141px\" \/><\/p>\n<p>Famille des Brom\u00e9liac\u00e9es <em>(quelques plantes d&rsquo;appartement comme Vriesea, Guzmania, Spathiphyllum,&#8230;)<\/em> originaire d&rsquo;Am\u00e9rique, qui pr\u00e9sente des rosettes de feuilles coriaces et qui comprend beaucoup d&rsquo;esp\u00e8ces \u00e9piphytes <em>(ou semi-\u00e9piphytes)<\/em>.<\/p>\n<p>Par contre l&rsquo;ananas <em>(originaire du sud du Br\u00e9sil et du Paraguay)<\/em> est l&rsquo;exception terrestre comestible !<\/p>\n<p>Ce fruit, compos\u00e9 en fait de nombreux fruits soud\u00e9s, se pr\u00e9sente au sommet d&rsquo;une tige centrale, qui \u00e9merge d&rsquo;une rosette de feuilles au sol. Il est \u00e0 son tour surmont\u00e9 par un toupet de feuilles vertes ! L&rsquo;ananas ne produit pas de graine pour se multiplier.<\/p>\n<p>On compte 18 mois pour obtenir l&rsquo;unique fruit du plant. Ensuite, un bourgeon de la base prend le relais, pour former une nouvelle plante, qui fructifiera \u00e0 son tour.<\/td>\n<\/tr>\n<\/tbody>\n<\/table>\n","protected":false},"excerpt":{"rendered":"<h1 style=\"text-align: left;\">La Page du D\u00e9butant<\/h1>\n<h2 style=\"text-align: right;\"> Marc BUMB<br \/> Lionel DUROCHAT<br \/> Photos M. Bumb<\/h2>\n<h5 style=\"text-align: left;\">Cet article a d\u00e9j\u00e0 \u00e9t\u00e9 publi\u00e9 sur le site de l&rsquo;amicale des \u00e9leveurs de passereaux<\/h5>\n<h6>Oiseaux du Monde n\u00b0353 &#8211; Janvier 2018<\/h6>\n<h3>Composition<\/h3>\n<p>Il renferme une bonne proportion de Potassium (K) et Magn\u00e9sium (Mg). En &hellip; <\/p>\n<p><a class=\"more-link btn\" href=\"https:\/\/www.ornithologies.fr\/blog\/lesoiseauxdumonde\/lananas-fruit-dananas-comosus\/\">Lire la suite<\/a><\/p>\n","protected":false},"author":1,"featured_media":1195,"comment_status":"open","ping_status":"open","sticky":false,"template":"","format":"standard","meta":{"footnotes":""},"categories":[48,62],"tags":[427,428,430,768,81,160,770,769],"class_list":["post-1191","post","type-post","status-publish","format-standard","has-post-thumbnail","hentry","category-article","category-la-page-du-debutant","tag-427","tag-428","tag-ananas","tag-composition","tag-janvier","tag-lionel-durochat","tag-marc-bumb","tag-usage","nodate","item-wrap"],"_links":{"self":[{"href":"https:\/\/www.ornithologies.fr\/blog\/lesoiseauxdumonde\/wp-json\/wp\/v2\/posts\/1191","targetHints":{"allow":["GET"]}}],"collection":[{"href":"https:\/\/www.ornithologies.fr\/blog\/lesoiseauxdumonde\/wp-json\/wp\/v2\/posts"}],"about":[{"href":"https:\/\/www.ornithologies.fr\/blog\/lesoiseauxdumonde\/wp-json\/wp\/v2\/types\/post"}],"author":[{"embeddable":true,"href":"https:\/\/www.ornithologies.fr\/blog\/lesoiseauxdumonde\/wp-json\/wp\/v2\/users\/1"}],"replies":[{"embeddable":true,"href":"https:\/\/www.ornithologies.fr\/blog\/lesoiseauxdumonde\/wp-json\/wp\/v2\/comments?post=1191"}],"version-history":[{"count":1,"href":"https:\/\/www.ornithologies.fr\/blog\/lesoiseauxdumonde\/wp-json\/wp\/v2\/posts\/1191\/revisions"}],"predecessor-version":[{"id":3299,"href":"https:\/\/www.ornithologies.fr\/blog\/lesoiseauxdumonde\/wp-json\/wp\/v2\/posts\/1191\/revisions\/3299"}],"wp:featuredmedia":[{"embeddable":true,"href":"https:\/\/www.ornithologies.fr\/blog\/lesoiseauxdumonde\/wp-json\/wp\/v2\/media\/1195"}],"wp:attachment":[{"href":"https:\/\/www.ornithologies.fr\/blog\/lesoiseauxdumonde\/wp-json\/wp\/v2\/media?parent=1191"}],"wp:term":[{"taxonomy":"category","embeddable":true,"href":"https:\/\/www.ornithologies.fr\/blog\/lesoiseauxdumonde\/wp-json\/wp\/v2\/categories?post=1191"},{"taxonomy":"post_tag","embeddable":true,"href":"https:\/\/www.ornithologies.fr\/blog\/lesoiseauxdumonde\/wp-json\/wp\/v2\/tags?post=1191"}],"curies":[{"name":"wp","href":"https:\/\/api.w.org\/{rel}","templated":true}]}}